{"id":11719,"date":"2023-11-13T01:33:55","date_gmt":"2023-11-13T04:33:55","guid":{"rendered":"https:\/\/maxradio923.com\/index.php\/2023\/11\/13\/la-chicana-de-javier-milei-para-malena-galmarini-y-la-dura-respuesta-de-la-esposa-de-sergio-massa-deberias-aprender\/"},"modified":"2023-11-13T01:33:55","modified_gmt":"2023-11-13T04:33:55","slug":"la-chicana-de-javier-milei-para-malena-galmarini-y-la-dura-respuesta-de-la-esposa-de-sergio-massa-deberias-aprender","status":"publish","type":"post","link":"https:\/\/maxradio923.com.ar\/index.php\/2023\/11\/13\/la-chicana-de-javier-milei-para-malena-galmarini-y-la-dura-respuesta-de-la-esposa-de-sergio-massa-deberias-aprender\/","title":{"rendered":"La chicana de Javier Milei para Malena Galmarini y la dura respuesta de la esposa de Sergio Massa: &#8220;Deber\u00edas aprender&#8221;"},"content":{"rendered":"<p>La chicana de Javier Milei para Malena Galmarini y la dura respuesta de la esposa de Sergio Massa: &quot;Deber\u00edas aprender&quot;<\/p>\n<p>Una de las chicanas que <strong>Javier Milei<\/strong> destin\u00f3 a <strong>Sergio Massa<\/strong> en el debate presidencial de este domingo por la noche tuvo como eje a <strong>Malena Galmarini<\/strong>. El candidato de La Libertad Avanza le record\u00f3 a su rival, en clave de cr\u00edtica, el resultado que la esposa del ministro de Econom\u00eda obtuvo en la interna de Uni\u00f3n por la Patria para competir por la intendencia de Tigre. La titular de AySA reaccion\u00f3 luego con una dura respuesta hacia el libertario.<\/p>\n<p>El intercambio entre postulantes a la Casa Rosada se produjo luego de que Massa recordara lo realizado en el municipio de Tigre en materia de seguridad cuando \u00e9l era intendente. Milei le reconoci\u00f3 sus implementaciones, pero inmediatamente despu\u00e9s <strong>trajo al debate a Galmarini<\/strong>.<\/p>\n<p>\u201cCuando las cosas se hacen bien yo las reconozco. Reconozco que lo que has hecho en materia de seguridad en Tigre es bueno\u201d, dijo. De todos modos, luego lanz\u00f3: \u201cDebe ser muy malo el resto que hiciste porque cada vez que fue <strong>tu mujer a las elecciones perdi\u00f3 siempre, o quiz\u00e1s te conocen demasiado<\/strong>\u201d.<\/p>\n<p><img decoding=\"async\" alt=\"Malena Galmarini, la esposa de Sergio Massa. Foto REUTERS\/Mariana Nedelcu.\" src=\"https:\/\/www.clarin.com\/img\/2023\/10\/23\/9XBDNCq2f_720x0__1.jpg\"\/>Malena Galmarini, la esposa de Sergio Massa. Foto REUTERS\/Mariana Nedelcu.<\/p>\n<p>El \u00e1cido comentario de Milei pareci\u00f3 pasar de largo en la Facultad de Derecho, donde se realiz\u00f3 el debate con vistas a la segunda vuelta del domingo pr\u00f3ximo. <strong>Galmarini lo mir\u00f3 fijo desde su asiento y luego lanz\u00f3 una carcajada<\/strong> al compartir un comentario con el vicejefe de Gabinete, Juan Manuel Olmos.<\/p>\n<p>Durante los instantes posteriores, en los que la vista de los presentes se dirigi\u00f3 al sector donde se encontraba ubicada la titular de AySA en busca de alg\u00fan gesto relacionado con aquella frase, <strong>la funcionaria nacional no realiz\u00f3 ning\u00fan adem\u00e1n<\/strong> y se limit\u00f3 a compartir una breve reflexi\u00f3n con Olmos.<\/p>\n<p>Sin embargo, Galmarini dej\u00f3 en claro despu\u00e9s que la chicana de Milei <strong>no le hab\u00eda resultado indiferente<\/strong>. Es que, a trav\u00e9s de \u201cX\u201d, realiz\u00f3 una publicaci\u00f3n en la que acus\u00f3 a Milei de hablar de ella &quot;con el mismo machismo&quot; que habla &quot;de cada mujer argentina&quot;.<\/p>\n<p>&quot;Soy la mujer de Sergio Tom\u00e1s en mi casa; fuera soy una militante pol\u00edtica del peronismo&quot;, remarc\u00f3 la funcionaria.<\/p>\n<p>Y a\u00f1adi\u00f3: &quot;Te aclaro que me present\u00e9 dos veces a elecciones solamente: en 2009 gan\u00e9 por el doble a la lista local y por 14 a la nacional. <strong>Ahora, en 2023, yo perd\u00ed, pero Massa gan\u00f3<\/strong>&quot;.<\/p>\n<p><img decoding=\"async\" alt=\"La respuesta de Malena Galmarini en redes, ante la chicana de Javier Milei en el debate presidencial con Sergio Massa.\" src=\"https:\/\/www.clarin.com\/img\/2023\/11\/13\/b35n_om_y_720x0__1.jpg\"\/>La respuesta de Malena Galmarini en redes, ante la chicana de Javier Milei en el debate presidencial con Sergio Massa.<\/p>\n<p>&quot;Deber\u00edas aprender que es parte del juego, ganar o perder. Lo importante es la voluntad pol\u00edtica y la vocaci\u00f3n de servicio para transformar la Argentina. La tolerancia es columna vertebral de la democracia. Pero no sos democr\u00e1tico, por lo tanto es dif\u00edcil que sepas de qu\u00e9 hablamos&quot;, complet\u00f3.<\/p>\n<h2>Los cruces m\u00e1s picantes del debate presidencial entre Sergio Massa y Javier Milei<\/h2>\n<p>Javier Milei y Sergio Massa protagonizaron varios cruces picantes durante el debate presidencial, con vistas al balotaje del 19 de noviembre. Hubo acusaciones como &quot;mentiroso&quot;, referencias al muro de Berl\u00edn y varias chicanas como &quot;standapero de televisi\u00f3n&quot; y &quot;Pinocho&quot;.<\/p>\n<p>La primera confrontaci\u00f3n lleg\u00f3 en el eje inicial sobre Econom\u00eda, cuando el candidato de Uni\u00f3n por la Patria le pregunt\u00f3 a su rival &quot;por s\u00ed o por no&quot; si va a eliminar subsidios, dolarizar la econom\u00eda, eliminar el Banco Central y otras cuestiones.<\/p>\n<p>&quot;No me vas a condicionar por s\u00ed o por no&quot;, retruc\u00f3 el aspirante de La Libertad Avanza. Y arremeti\u00f3 con efusividad: &quot;Ustedes estuvieron mintiendo con los subsidios. Vos sos un mentiroso por enga\u00f1ar a la gente como lo hiciste&quot;.<\/p>\n<p>&quot;Te voy a dar un consejo. El debate es largo, no te pongas nervioso&quot;, contest\u00f3 el ministro de Econom\u00eda. M\u00e1s calmado, Milei replic\u00f3: \u201cNo te agred\u00ed, no mientas, dej\u00e1 de mentir. Si fueras pinocho ya me hubieras lastimado un ojo&quot;.<\/p>\n<p><em>ES<\/em><\/p>\n","protected":false},"excerpt":{"rendered":"<p>La chicana de Javier Milei para Malena Galmarini y la dura respuesta de la esposa de Sergio Massa: &#8220;Deber\u00edas aprender&#8221;Una de las chicanas que Javier Milei destin\u00f3 a Sergio Massa en el debate presidencial de este domingo por la noche tuvo como eje a Malena Galmarini. El candidato de La Libertad Avanza le record\u00f3 a su rival, en clave de cr\u00edtica, el resultado que la esposa del ministro de Econom\u00eda obtuvo en la interna de Uni\u00f3n por la Patria para competir por la intendencia de Tigre. La titular de AySA reaccion\u00f3 luego con una dura respuesta hacia el libertario.<br \/>\nEl intercambio entre postulantes a la Casa Rosada se produjo luego de que Massa recordara lo realizado en el municipio de Tigre en materia de seguridad cuando \u00e9l era intendente. Milei le reconoci\u00f3 sus implementaciones, pero inmediatamente despu\u00e9s trajo al debate a Galmarini.<br \/>\n\u201cCuando las cosas se hacen bien yo las reconozco. Reconozco que lo que has hecho en materia de seguridad en Tigre es bueno\u201d, dijo. De todos modos, luego lanz\u00f3: ..<\/p>\n","protected":false},"author":2,"featured_media":11720,"comment_status":"","ping_status":"","sticky":false,"template":"","format":"standard","meta":{"footnotes":""},"categories":[7],"tags":[],"_links":{"self":[{"href":"https:\/\/maxradio923.com.ar\/index.php\/wp-json\/wp\/v2\/posts\/11719"}],"collection":[{"href":"https:\/\/maxradio923.com.ar\/index.php\/wp-json\/wp\/v2\/posts"}],"about":[{"href":"https:\/\/maxradio923.com.ar\/index.php\/wp-json\/wp\/v2\/types\/post"}],"author":[{"embeddable":true,"href":"https:\/\/maxradio923.com.ar\/index.php\/wp-json\/wp\/v2\/users\/2"}],"replies":[{"embeddable":true,"href":"https:\/\/maxradio923.com.ar\/index.php\/wp-json\/wp\/v2\/comments?post=11719"}],"version-history":[{"count":0,"href":"https:\/\/maxradio923.com.ar\/index.php\/wp-json\/wp\/v2\/posts\/11719\/revisions"}],"wp:featuredmedia":[{"embeddable":true,"href":"https:\/\/maxradio923.com.ar\/index.php\/wp-json\/wp\/v2\/media\/11720"}],"wp:attachment":[{"href":"https:\/\/maxradio923.com.ar\/index.php\/wp-json\/wp\/v2\/media?parent=11719"}],"wp:term":[{"taxonomy":"category","embeddable":true,"href":"https:\/\/maxradio923.com.ar\/index.php\/wp-json\/wp\/v2\/categories?post=11719"},{"taxonomy":"post_tag","embeddable":true,"href":"https:\/\/maxradio923.com.ar\/index.php\/wp-json\/wp\/v2\/tags?post=11719"}],"curies":[{"name":"wp","href":"https:\/\/api.w.org\/{rel}","templated":true}]}}