{"id":11711,"date":"2023-11-12T23:24:42","date_gmt":"2023-11-13T02:24:42","guid":{"rendered":"https:\/\/maxradio923.com\/index.php\/2023\/11\/12\/mentiroso-standapero-de-television-pinocho-y-el-muro-de-berlin-las-chicanas-mas-picantes-del-debate-presidencial-entre-sergio-massa-y-javier-milei\/"},"modified":"2023-11-12T23:24:42","modified_gmt":"2023-11-13T02:24:42","slug":"mentiroso-standapero-de-television-pinocho-y-el-muro-de-berlin-las-chicanas-mas-picantes-del-debate-presidencial-entre-sergio-massa-y-javier-milei","status":"publish","type":"post","link":"https:\/\/maxradio923.com.ar\/index.php\/2023\/11\/12\/mentiroso-standapero-de-television-pinocho-y-el-muro-de-berlin-las-chicanas-mas-picantes-del-debate-presidencial-entre-sergio-massa-y-javier-milei\/","title":{"rendered":"\u201cMentiroso&#8221;, \u201cstandapero de televisi\u00f3n\u201d, \u201cPinocho\u201d y el &#8220;muro de Berl\u00edn&#8221;: las chicanas m\u00e1s picantes del debate presidencial entre Sergio Massa y Javier Milei"},"content":{"rendered":"<p>\u201cMentiroso&quot;, \u201cstandapero de televisi\u00f3n\u201d, \u201cPinocho\u201d y el &quot;muro de Berl\u00edn&quot;: las chicanas m\u00e1s picantes del debate presidencial entre Sergio Massa y Javier Milei <\/p>\n<p><strong>Javier Milei<\/strong> y <strong>Sergio Massa <\/strong>protagonizaron este domingo varios <strong>cruces picantes<\/strong> durante el debate presidencial, con vistas al balotaje del 19 de noviembre. Acusaciones de <strong>mentiroso<\/strong>, referencias al <strong>muro de Berl\u00edn<\/strong> y varias chicanas como &quot;<strong>standapero de televisi\u00f3n<\/strong>&quot; y &quot;<strong>Pinocho<\/strong>&quot;. <\/p>\n<p>La primera confrontaci\u00f3n lleg\u00f3 en el eje inicial sobre <strong>Econom\u00eda<\/strong>, cuando el candidato de <strong>Uni\u00f3n por la Patria<\/strong> le pregunt\u00f3 a su rival <strong>&quot;por s\u00ed o por no&quot;<\/strong> si va a eliminar subsidios, dolarizar la econom\u00eda, eliminar el Banco Central y otras cuestiones.<\/p>\n<p>&quot;No me vas a condicionar por s\u00ed o por no&quot;, retruc\u00f3 el aspirante de <strong>La Libertad Avanza<\/strong>. Y arremeti\u00f3 con efusividad: &quot;Ustedes estuvieron mintiendo con los subsidios. <strong>Vos sos un mentiroso<\/strong> por enga\u00f1ar a la gente como lo hiciste&quot;.<\/p>\n<p>&quot;Te voy a dar un consejo. El debate es largo, <strong>no te pongas nervioso<\/strong>&quot;, contest\u00f3 el ministro de Econom\u00eda. M\u00e1s calmado, Milei replic\u00f3: \u201c<strong>No te agred\u00ed, no mientas<\/strong>, dej\u00e1 de mentir.<strong> Si fueras pinocho ya me hubieras lastimado un ojo<\/strong>&quot;.<\/p>\n<p>Fue entonces que Massa le achac\u00f3 haber hecho su &quot;carrera m\u00e1s que como economista, como <strong>standapero en televisi\u00f3n<\/strong>&quot;. <\/p>\n<p>En el bloque sobre Relaciones Exteriores, el candidato de UxP record\u00f3 que Milei hab\u00eda dicho que <strong>Margaret Thatcher era su \u00eddola<\/strong>. Por su parte, el economista libertario se\u00f1al\u00f3 que la ex Premier brit\u00e1nica fue uno de &quot;los grandes l\u00edderes de la historia de la humanidad&quot; y se\u00f1al\u00f3 que &quot;tuvo un rol significativo sobre la <strong>ca\u00edda del muro de Berlin, aplastando a la izquierda<\/strong>&quot; &quot;<strong>Ese es tu problema<\/strong>&quot;, sentenci\u00f3. <\/p>\n<p>En otro tramo del debate, Milei sugiri\u00f3 que Massa es un &quot;<strong>pol\u00edtico delincuente<\/strong> que le mete la mano en el bolsillo a la gente para <strong>repartirla a quien se les da la gana<\/strong>&quot;.<\/p>\n<p>&quot;<strong>Si ten\u00e9s pruebas, alg\u00fan delito para denunciar, vamos a Tribunales<\/strong>. Si no ten\u00e9s pruebas, retractate. Si conoces un delito, lo ten\u00e9s que denunciar&quot;, contest\u00f3 el l\u00edder de la cartera de Econom\u00eda.<\/p>\n<p>Poco despu\u00e9s, Milei acus\u00f3 a Massa de ser &quot;<strong>parte del gobierno m\u00e1s ladr\u00f3n de la historia<\/strong>&quot;. &quot;Quiz\u00e1s estas mirando a otro lado en el espacio pol\u00edtico que perteneces\u201d, sentenci\u00f3. <\/p>\n<p>Por su parte, el aspirante de Uni\u00f3n por la Patria habl\u00f3 de que se necesitan &quot;<strong>equilibrio mental<\/strong>&quot; y &quot;contacto con la realidad&quot; para llevar adelante a la Argentina. &quot;<strong>\u00bfAcaso vos lo ten\u00e9s?<\/strong>&quot;, le respondi\u00f3 Milei. <\/p>\n<p>Adem\u00e1s, se acusaron mutuamente sobre por qu\u00e9 ninguno de los dos se hizo el <strong>ex\u00e1men psicot\u00e9cnico<\/strong> para asumir como presidente de la Naci\u00f3n, tal como lo hab\u00eda pedido el candidato oficialista.<\/p>\n<p>Otra de las <strong>chicanas <\/strong>del diputado liberal fue dirigida contra <strong>Malena Galmarini<\/strong>, titular de AySA y esposa de Massa, luego de que su rival recordara lo realizado en el municipio de Tigre en materia de seguridad cuando \u00e9l era intendente.<\/p>\n<p>&quot;Debe ser muy malo el resto que hiciste porque <strong>cada vez que fue tu mujer a las elecciones perdi\u00f3 siempre<\/strong>, o quiz\u00e1s te conocen demasiado\u201d, lanz\u00f3. <\/p>\n<p>En tanto, uno de los momentos m\u00e1s tensos ocurri\u00f3 cuando Massa le pregunt\u00f3 a Milei por qu\u00e9 no le renovaron una pasant\u00eda en el Banco Central. &quot;Contale a la gente&quot;, insisti\u00f3. &quot;Digo, digamos, era un estudiante&quot;, esboz\u00f3 el postulante de La Libertad Avanza, algo <strong>descolocado<\/strong>.<\/p>\n","protected":false},"excerpt":{"rendered":"<p>\u201cMentiroso&#8221;, \u201cstandapero de televisi\u00f3n\u201d, \u201cPinocho\u201d y el &#8220;muro de Berl\u00edn&#8221;: las chicanas m\u00e1s picantes del debate presidencial entre Sergio Massa y Javier Milei Javier Milei y Sergio Massa protagonizaron este domingo varios cruces picantes durante el debate presidencial, con vistas al balotaje del 19 de noviembre. Acusaciones de mentiroso, referencias al muro de Berl\u00edn y varias chicanas como &#8220;standapero de televisi\u00f3n&#8221; y &#8220;Pinocho&#8221;.<br \/>\nLa primera confrontaci\u00f3n lleg\u00f3 en el eje inicial sobre Econom\u00eda, cuando el candidato de Uni\u00f3n por la Patria le pregunt\u00f3 a su rival &#8220;por s\u00ed o por no&#8221; si va a eliminar subsidios, dolarizar la econom\u00eda, eliminar el Banco Central y otras cuestiones.<br \/>\n&#8220;No me vas a condicionar por s\u00ed o por no&#8221;, retruc\u00f3 el aspirante de La Libertad Avanza. Y arremeti\u00f3 con efusividad: &#8220;Ustedes estuvieron mintiendo con los subsidios. Vos sos un mentiroso por enga\u00f1ar a la gente como lo hiciste&#8221;.<br \/>\n&#8220;Te voy a dar un consejo. El debate es largo, no te pongas nervioso&#8221;, contest\u00f3 el ministro de E..<\/p>\n","protected":false},"author":2,"featured_media":11712,"comment_status":"","ping_status":"","sticky":false,"template":"","format":"standard","meta":{"footnotes":""},"categories":[7],"tags":[],"_links":{"self":[{"href":"https:\/\/maxradio923.com.ar\/index.php\/wp-json\/wp\/v2\/posts\/11711"}],"collection":[{"href":"https:\/\/maxradio923.com.ar\/index.php\/wp-json\/wp\/v2\/posts"}],"about":[{"href":"https:\/\/maxradio923.com.ar\/index.php\/wp-json\/wp\/v2\/types\/post"}],"author":[{"embeddable":true,"href":"https:\/\/maxradio923.com.ar\/index.php\/wp-json\/wp\/v2\/users\/2"}],"replies":[{"embeddable":true,"href":"https:\/\/maxradio923.com.ar\/index.php\/wp-json\/wp\/v2\/comments?post=11711"}],"version-history":[{"count":0,"href":"https:\/\/maxradio923.com.ar\/index.php\/wp-json\/wp\/v2\/posts\/11711\/revisions"}],"wp:featuredmedia":[{"embeddable":true,"href":"https:\/\/maxradio923.com.ar\/index.php\/wp-json\/wp\/v2\/media\/11712"}],"wp:attachment":[{"href":"https:\/\/maxradio923.com.ar\/index.php\/wp-json\/wp\/v2\/media?parent=11711"}],"wp:term":[{"taxonomy":"category","embeddable":true,"href":"https:\/\/maxradio923.com.ar\/index.php\/wp-json\/wp\/v2\/categories?post=11711"},{"taxonomy":"post_tag","embeddable":true,"href":"https:\/\/maxradio923.com.ar\/index.php\/wp-json\/wp\/v2\/tags?post=11711"}],"curies":[{"name":"wp","href":"https:\/\/api.w.org\/{rel}","templated":true}]}}