{"id":11709,"date":"2023-11-12T23:24:41","date_gmt":"2023-11-13T02:24:41","guid":{"rendered":"https:\/\/maxradio923.com\/index.php\/2023\/11\/12\/el-tenso-momento-en-el-que-sergio-massa-hablo-de-por-que-no-le-renovaron-una-pasantia-a-javier-milei-en-el-banco-central\/"},"modified":"2023-11-12T23:24:41","modified_gmt":"2023-11-13T02:24:41","slug":"el-tenso-momento-en-el-que-sergio-massa-hablo-de-por-que-no-le-renovaron-una-pasantia-a-javier-milei-en-el-banco-central","status":"publish","type":"post","link":"https:\/\/maxradio923.com.ar\/index.php\/2023\/11\/12\/el-tenso-momento-en-el-que-sergio-massa-hablo-de-por-que-no-le-renovaron-una-pasantia-a-javier-milei-en-el-banco-central\/","title":{"rendered":"El tenso momento en el que Sergio Massa habl\u00f3 de por qu\u00e9 no le renovaron una pasant\u00eda a Javier Milei en el Banco Central"},"content":{"rendered":"<p>El tenso momento en el que Sergio Massa habl\u00f3 de por qu\u00e9 no le renovaron una pasant\u00eda a Javier Milei en el Banco Central<\/p>\n<p>Uno de los<strong> momentos m\u00e1s tensos<\/strong> del debate presidencial de este noche entre <strong>Sergio Massa y Javier Milei<\/strong> fue cuando el candidato de Uni\u00f3n por la Patria le pregunt\u00f3 al postulante de La Libertad Avanza y su rival en el balotaje <strong>por qu\u00e9 no le renovaron una pasant\u00eda<\/strong> en el <strong>Banco Central<\/strong>.<\/p>\n<p>&quot;Esto es el 10 de diciembre, vos o yo, y lo argentinos tienen que elegir qui\u00e9n tiene la templanza, el <strong>equilibrio mental y el contacto con la realidad<\/strong> como para poder llevar adelante la Argentina&quot;, apunt\u00f3 el actual ministro de Econom\u00eda despu\u00e9s de invitar a Milei a la Justicia por otra acusaci\u00f3n. El libertario respondi\u00f3 con otra pregunta. &quot;<strong>\u00bfAcaso vos lo ten\u00e9s?&quot;<\/strong>, le dijo.<\/p>\n<p>Massa le lanz\u00f3 un desaf\u00edo. &quot;Hagamos <strong>el psicot\u00e9cnico<\/strong> los dos, que te negaste&quot;, le espet\u00f3. Su contrincante en el debate lo desminti\u00f3: &quot;Yo no me negu\u00e9, dije que estaba dispuesto. C\u00f3mo me voy a negar si <strong>cada vez que entr\u00e9 en una empresa <\/strong>lo tuve que hacer. Vos que <strong>viviste siempre del Estado<\/strong> no lo hiciste nunca&quot;.<\/p>\n<p>Entonces, el ministro candidato acentu\u00f3 la intensidad de su arremetida y consult\u00f3: &quot;Javier, si vos trabajaste en el Banco central, \u00bfs\u00ed o no?&quot;. El economista asinti\u00f3 y aclar\u00f3 que &quot;no tuvo que hacer ning\u00fan test&quot;. Massa insisti\u00f3 con su postura interpelativa: &quot;<strong>\u00bfY por qu\u00e9 no te la renovaron? Contale a la gente<\/strong>&quot;.<\/p>\n<p>&quot;Digo, <strong>digamos, era un estudiante<\/strong>&quot;, esboz\u00f3 Milei algo descolocado. Massa, entonado con su ofensiva dial\u00e9ctica, afirm\u00f3: &quot;Es muy importante, porque<strong> es parte de esta discusi\u00f3n respecto del psicot\u00e9cnico<\/strong>&quot;. &quot;Quiz\u00e1s vos tampoco la hubieras pasado&quot;, desliz\u00f3 el candidato opositor a modo de defensa. El Banco Central es un <strong>organismo clave<\/strong> en la campa\u00f1a del libertario que dijo <strong>querer cerrar<\/strong>.<\/p>\n<p>Massa prosigui\u00f3: &quot;Entiendo que est\u00e9s con el Banco Central y <strong>hables de destruirlo<\/strong>, porque en realidad en alg\u00fan momento <strong>te sentiste rechazado<\/strong>&quot;. &quot;No se trata de sentirse rechazado y atacar lo que a uno lo rechaza. Se trata de ir al abrazo de lo que a uno lo rechaza&quot;, le sugiri\u00f3.<\/p>\n<p>Milei ensay\u00f3 una nueva defensa y un contragolpe. &quot;Era un joven que, digamos, ni siquiera estaba graduado. \u00bfCu\u00e1l es el problema?<strong> La vida tiene fracasos y uno se pone de pie<\/strong> y sigue. No como <strong>vos que segu\u00eds fracasando de la misma manera<\/strong>&quot;.<\/p>\n<p>&quot;Aprend\u00ed mucho de mis fracasos y algunos los compartiste conmigo, porque <strong>entre el 2013 y el 2015 ven\u00edas a las oficinas del Frente Renovador<\/strong>. De los fracasos aprend\u00ed mucho y me forjaron y me templaron&quot;, explic\u00f3 el postulante oficialista.<\/p>\n<p>El libertario chicane\u00f3: &quot;Parece que no aprendiste mucho porque volviste con los K&quot;. &quot;No aprendiste vos nada porque terminaste y\u00e9ndole a pedir &#039;por favor&#039; a Macri. Y esto <strong>no es Macri o Cristina. Es vos o yo<\/strong>&quot;, complet\u00f3 Massa.<\/p>\n<h2>La chicana de Milei para Malena Galmarini: &quot;Cada vez que fue a las elecciones perdi\u00f3&quot;<\/h2>\n<p>Luego de que Massa recordara lo realizado en el municipio de Tigre en materia de seguridad cuando \u00e9l era intendente, Milei le reconoci\u00f3 sus implementaciones.<\/p>\n<p>\u201cCuando las cosas se hacen bien yo las reconozco. Reconozco que lo que has hecho en materia de seguridad en Tigre es bueno\u201d, dijo.<\/p>\n<p>Pero inmediatamente trajo al debate a Malena Galmarini, esposa de Massa, a quien le dedic\u00f3 una chicana. \u201cDebe ser muy malo el resto que hiciste porque cada vez que fue <strong>tu mujer a las elecciones perdi\u00f3 siempre<\/strong>, o quiz\u00e1s te conocen demasiado\u201d, le lanz\u00f3.<\/p>\n<h2>La respuesta de Malena Galmarini a Milei en el debate y luego en redes: &quot;Habl\u00e1s de mi con machismo&quot;<\/h2>\n<p>Ante el palo por haber perdido la interna de Uni\u00f3n por la Patria para competir por la intendencia de Tigre, <strong>Galmarini lo mir\u00f3 fijo desde su asiento y luego lanz\u00f3 una carcajada<\/strong> al compartir un comentario con el vicejefe de Gabinete, Juan Manuel Olmos.<\/p>\n<p>Mientras la mirada de los presentes se dirigi\u00f3 al sector donde se encontraba ubicada la titular de AySA, la funcionaria nacional <strong>no realiz\u00f3 ning\u00fan adem\u00e1n<\/strong> y se limit\u00f3 a compartir una breve reflexi\u00f3n con Olmos.<\/p>\n<p>Momentos despu\u00e9s, Galmarini realiz\u00f3 una publicaci\u00f3n en &quot;X&quot;, donde acus\u00f3 a Milei de hablar de ella &quot;con el mismo machismo&quot; que habla &quot;de cada mujer argentina&quot;.<\/p>\n<p>&quot;Soy la mujer de Sergio Tom\u00e1s en mi casa; fuera soy una militante pol\u00edtica del peronismo&quot;, remarc\u00f3 la funcionaria.<\/p>\n<p>Y a\u00f1adi\u00f3: &quot;Te aclaro que me present\u00e9 dos veces a elecciones solamente: en 2009 gan\u00e9 por el doble a la lista local y por 14 a la nacional. Ahora, en 2023, yo perd\u00ed, pero Massa gan\u00f3&quot;.<\/p>\n<p>&quot;Deber\u00edas aprender que es parte del juego, ganar o perder. Lo importante es la voluntad pol\u00edtica y la vocaci\u00f3n de servicio para transformar la Argentina. La tolerancia es columna vertebral de la democracia. Pero no sos democr\u00e1tico, por lo tanto es dif\u00edcil que sepas de qu\u00e9 hablamos&quot;, complet\u00f3.<\/p>\n<p><em>ES\/DS<\/em><\/p>\n","protected":false},"excerpt":{"rendered":"<p>El tenso momento en el que Sergio Massa habl\u00f3 de por qu\u00e9 no le renovaron una pasant\u00eda a Javier Milei en el Banco CentralUno de los momentos m\u00e1s tensos del debate presidencial de este noche entre Sergio Massa y Javier Milei fue cuando el candidato de Uni\u00f3n por la Patria le pregunt\u00f3 al postulante de La Libertad Avanza y su rival en el balotaje por qu\u00e9 no le renovaron una pasant\u00eda en el Banco Central.<br \/>\n&#8220;Esto es el 10 de diciembre, vos o yo, y lo argentinos tienen que elegir qui\u00e9n tiene la templanza, el equilibrio mental y el contacto con la realidad como para poder llevar adelante la Argentina&#8221;, apunt\u00f3 el actual ministro de Econom\u00eda despu\u00e9s de invitar a Milei a la Justicia por otra acusaci\u00f3n. El libertario respondi\u00f3 con otra pregunta. &#8220;\u00bfAcaso vos lo ten\u00e9s?&#8221;, le dijo.<br \/>\nMassa le lanz\u00f3 un desaf\u00edo. &#8220;Hagamos el psicot\u00e9cnico los dos, que te negaste&#8221;, le espet\u00f3. Su contrincante en el debate lo desminti\u00f3: &#8220;Yo no me negu\u00e9, dije que estaba dispuesto. C\u00f3mo me voy a negar si cada vez que entr\u00e9 en una e..<\/p>\n","protected":false},"author":2,"featured_media":11710,"comment_status":"","ping_status":"","sticky":false,"template":"","format":"standard","meta":{"footnotes":""},"categories":[7],"tags":[],"_links":{"self":[{"href":"https:\/\/maxradio923.com.ar\/index.php\/wp-json\/wp\/v2\/posts\/11709"}],"collection":[{"href":"https:\/\/maxradio923.com.ar\/index.php\/wp-json\/wp\/v2\/posts"}],"about":[{"href":"https:\/\/maxradio923.com.ar\/index.php\/wp-json\/wp\/v2\/types\/post"}],"author":[{"embeddable":true,"href":"https:\/\/maxradio923.com.ar\/index.php\/wp-json\/wp\/v2\/users\/2"}],"replies":[{"embeddable":true,"href":"https:\/\/maxradio923.com.ar\/index.php\/wp-json\/wp\/v2\/comments?post=11709"}],"version-history":[{"count":0,"href":"https:\/\/maxradio923.com.ar\/index.php\/wp-json\/wp\/v2\/posts\/11709\/revisions"}],"wp:featuredmedia":[{"embeddable":true,"href":"https:\/\/maxradio923.com.ar\/index.php\/wp-json\/wp\/v2\/media\/11710"}],"wp:attachment":[{"href":"https:\/\/maxradio923.com.ar\/index.php\/wp-json\/wp\/v2\/media?parent=11709"}],"wp:term":[{"taxonomy":"category","embeddable":true,"href":"https:\/\/maxradio923.com.ar\/index.php\/wp-json\/wp\/v2\/categories?post=11709"},{"taxonomy":"post_tag","embeddable":true,"href":"https:\/\/maxradio923.com.ar\/index.php\/wp-json\/wp\/v2\/tags?post=11709"}],"curies":[{"name":"wp","href":"https:\/\/api.w.org\/{rel}","templated":true}]}}