{"id":11705,"date":"2023-11-12T23:24:39","date_gmt":"2023-11-13T02:24:39","guid":{"rendered":"https:\/\/maxradio923.com\/index.php\/2023\/11\/12\/la-guerra-hamas-israel-quien-cultiva-los-campos-israelies-sin-los-palestinos\/"},"modified":"2023-11-12T23:24:39","modified_gmt":"2023-11-13T02:24:39","slug":"la-guerra-hamas-israel-quien-cultiva-los-campos-israelies-sin-los-palestinos","status":"publish","type":"post","link":"https:\/\/maxradio923.com.ar\/index.php\/2023\/11\/12\/la-guerra-hamas-israel-quien-cultiva-los-campos-israelies-sin-los-palestinos\/","title":{"rendered":"La guerra Hamas-Israel: \u00bfQui\u00e9n cultiva los campos israel\u00edes sin los palestinos?"},"content":{"rendered":"<p>La guerra Hamas-Israel: \u00bfQui\u00e9n cultiva los campos israel\u00edes sin los palestinos?<\/p>\n<p>La guerra entre Israel y Hamas, que estall\u00f3 el 7 de octubre, <strong>dej\u00f3 atrapados en Gaza y Cisjordania a los jornaleros palestinos<\/strong> que cultivaban los campos israel\u00edes. Para evitar que las armas malogren tambi\u00e9n las cosechas, sus agricultores han tenido que recurrir al trabajo voluntario de sus compatriotas.<\/p>\n<p>&quot;Tras lo ocurrido hace un mes, est\u00e1bamos todos muy confusos y no sab\u00edamos realmente c\u00f3mo \u00edbamos a recoger todas estas granadas que estaban a punto de pudrirse y nosotros trabajamos normalmente con palestinos, pero, <strong>desafortunadamente, ellos no pueden cruzar la frontera ahora<\/strong>&quot;, explica a EFE Assaf Tzur encargado de esta huerta de frutales que pertenece al kibutz Tzora, al oeste de Jerusal\u00e9n<\/p>\n<p>Como Tzur, muchos agricultores israel\u00edes se quedaron sin mano de obra tras el comienzo de la guerra que sigui\u00f3 al ataque del grupo islamista Hamas, en el que murieron 1.200 personas y 239 fueron secuestradas, y que fue seguido por una ofensiva militar contra la Franja de Gaza que ha causado hasta el momento m\u00e1s de 11.000 muertos.<\/p>\n<p>Las autoridades tambi\u00e9n cerraron los pasos con los territorios palestinos, <strong>impidiendo la entrada de miles de gazat\u00edes y cisjordanos<\/strong> que trabajan habitualmente en Israel.<\/p>\n<h2>La importancia de recolectar a tiempo<\/h2>\n<p>Tzur explica que una vez que las granadas est\u00e1n en su punto para la recolecci\u00f3n &quot;es realmente crucial recogerlas en un per\u00edodo muy corto, <strong>m\u00e1ximo en dos o tres semanas&quot;.<\/strong><\/p>\n<p>Fue entonces cuando decidi\u00f3 hacer un llamado por las redes sociales y todos los medios que conoc\u00eda para solicitar ayuda y que la cosecha no se perdiera.<\/p>\n<p><img decoding=\"async\" alt=\"La guerra entre Israel y Hamas dej\u00f3 atrapados en Gaza y Cisjordania a los jornaleros palestinos. Foto EFE\" src=\"https:\/\/www.clarin.com\/img\/2023\/11\/12\/eKD1kTVwB_720x0__1.jpg\"\/>La guerra entre Israel y Hamas dej\u00f3 atrapados en Gaza y Cisjordania a los jornaleros palestinos. Foto EFE<\/p>\n<p>La escritora y traductora Leah Elbaum es una de los cientos de voluntarios que han acudido al llamado de Tzur y otros campesinos, pero adem\u00e1s ha creado un grupo de WhatsApp para poner <strong>en contacto a los granjeros <\/strong>con las personas que quieren aportar su tiempo para salvar la cosecha.<\/p>\n<p>&quot;Vi que hab\u00eda varios lugares en el pa\u00eds en los que se estaban organizando y <strong>llamando a la gente para que viniera y ayudara<\/strong>. Y en mi \u00e1rea (en el centro de Israel), la gente empez\u00f3 a preguntar d\u00f3nde podemos ir a trabajar de voluntarios, pero no hab\u00eda ninguna organizaci\u00f3n local&quot; cuenta a EFE, antes de precisar que se puso a buscar hasta que encontr\u00f3 a varios agricultores locales como Tzur, que necesitaban ayuda.<\/p>\n<p>Entre las hileras de granados<strong> hay medio centenar de voluntarios entre estudiantes de universidad y de instituto, oficinistas, religiosos<\/strong>, familias enteras y hasta un joven con un fusil en ristre recolectando los \u00faltimos frutos de la temporada que ser\u00e1n vendidos para hacer zumo, ya que las granadas para fruta, que se exportar\u00e1n a Europa, ya han sido recogidas en los pasados d\u00edas.<\/p>\n<p>Arrancan los frutos, los meten en cajas, charlan y a mediod\u00eda hacen una peque\u00f1a parada para retomar fuerzas, tomar un tentempi\u00e9 e, incluso, un refrigerio a base de granada, lim\u00f3n y an\u00eds que prepara un grupo de voluntarias universitarias.<\/p>\n<h2>Una forma de ayudar y no pensar en la guerra<\/h2>\n<p>Inbal Elraz, traductora, lleg\u00f3 a la plantaci\u00f3n a las nueve de la ma\u00f1ana. Una amiga del Kibutz le avis\u00f3 y como el domingo es su d\u00eda de descanso decidi\u00f3 venir a echar una mano.<\/p>\n<p><img decoding=\"async\" alt=\"Para evitar que las armas malogren tambi\u00e9n las cosechas, sus agricultores han tenido que recurrir al trabajo voluntario. Foto EFE\" src=\"https:\/\/www.clarin.com\/img\/2023\/11\/12\/t2WPqxQEI_720x0__1.jpg\"\/>Para evitar que las armas malogren tambi\u00e9n las cosechas, sus agricultores han tenido que recurrir al trabajo voluntario. Foto EFE<\/p>\n<p><strong>&quot;Es lo que hago los domingos, que los tengo libre<\/strong>. He estado en otro sitio de recolecci\u00f3n de fruta y verdura para salvarlas y otros lugares que se han quedado sin trabajadores&quot;, dice Elraz, que asegura que se informa de las convocatorias a trav\u00e9s de Facebook, para hacer un trabajo que asegura &quot;deber\u00eda estar haciendo el Gobierno&quot;.<\/p>\n<p>Con los guantes puestos y una granada en la mano, Elraz explica que lo hace porque &quot;la situaci\u00f3n es ahora muy dif\u00edcil. Necesito hacer algo para no pensar, para no ver todos los d\u00edas las noticias&quot;.<\/p>\n<p>Tzur reconoce que los voluntarios no son profesionales, a diferencia de los trabajadores palestinos, a los que asegura echar de menos. Pero reconoce que gracias a las manos voluntariosas, la cosecha se ha salvado, mientras espera que los jornaleros de siempre puedan volver pronto, porque el trabajo no termina aqu\u00ed y <strong>queda todav\u00eda mucho por hacer.<\/strong><\/p>\n<p><strong><em>Agencia EFE<\/em><\/strong><\/p>\n<p><em>PB<\/em><\/p>\n","protected":false},"excerpt":{"rendered":"<p>La guerra Hamas-Israel: \u00bfQui\u00e9n cultiva los campos israel\u00edes sin los palestinos?La guerra entre Israel y Hamas, que estall\u00f3 el 7 de octubre, dej\u00f3 atrapados en Gaza y Cisjordania a los jornaleros palestinos que cultivaban los campos israel\u00edes. Para evitar que las armas malogren tambi\u00e9n las cosechas, sus agricultores han tenido que recurrir al trabajo voluntario de sus compatriotas.<br \/>\n&#8220;Tras lo ocurrido hace un mes, est\u00e1bamos todos muy confusos y no sab\u00edamos realmente c\u00f3mo \u00edbamos a recoger todas estas granadas que estaban a punto de pudrirse y nosotros trabajamos normalmente con palestinos, pero, desafortunadamente, ellos no pueden cruzar la frontera ahora&#8221;, explica a EFE Assaf Tzur encargado de esta huerta de frutales que pertenece al kibutz Tzora, al oeste de Jerusal\u00e9n<br \/>\nComo Tzur, muchos agricultores israel\u00edes se quedaron sin mano de obra tras el comienzo de la guerra que sigui\u00f3 al ataque del grupo islamista Hamas, en el que murieron 1.200 personas y 239 fueron secuestradas, y que fue segui..<\/p>\n","protected":false},"author":2,"featured_media":11706,"comment_status":"","ping_status":"","sticky":false,"template":"","format":"standard","meta":{"footnotes":""},"categories":[3],"tags":[],"_links":{"self":[{"href":"https:\/\/maxradio923.com.ar\/index.php\/wp-json\/wp\/v2\/posts\/11705"}],"collection":[{"href":"https:\/\/maxradio923.com.ar\/index.php\/wp-json\/wp\/v2\/posts"}],"about":[{"href":"https:\/\/maxradio923.com.ar\/index.php\/wp-json\/wp\/v2\/types\/post"}],"author":[{"embeddable":true,"href":"https:\/\/maxradio923.com.ar\/index.php\/wp-json\/wp\/v2\/users\/2"}],"replies":[{"embeddable":true,"href":"https:\/\/maxradio923.com.ar\/index.php\/wp-json\/wp\/v2\/comments?post=11705"}],"version-history":[{"count":0,"href":"https:\/\/maxradio923.com.ar\/index.php\/wp-json\/wp\/v2\/posts\/11705\/revisions"}],"wp:featuredmedia":[{"embeddable":true,"href":"https:\/\/maxradio923.com.ar\/index.php\/wp-json\/wp\/v2\/media\/11706"}],"wp:attachment":[{"href":"https:\/\/maxradio923.com.ar\/index.php\/wp-json\/wp\/v2\/media?parent=11705"}],"wp:term":[{"taxonomy":"category","embeddable":true,"href":"https:\/\/maxradio923.com.ar\/index.php\/wp-json\/wp\/v2\/categories?post=11705"},{"taxonomy":"post_tag","embeddable":true,"href":"https:\/\/maxradio923.com.ar\/index.php\/wp-json\/wp\/v2\/tags?post=11705"}],"curies":[{"name":"wp","href":"https:\/\/api.w.org\/{rel}","templated":true}]}}