{"id":11689,"date":"2023-11-12T19:14:08","date_gmt":"2023-11-12T22:14:08","guid":{"rendered":"https:\/\/maxradio923.com\/index.php\/2023\/11\/12\/cruzaste-un-limite-inmoral-el-durisimo-mensaje-de-patricia-bullrich-a-gerardo-morales-en-medio-de-la-pelea-del-radical-con-mauricio-macri\/"},"modified":"2023-11-12T19:14:08","modified_gmt":"2023-11-12T22:14:08","slug":"cruzaste-un-limite-inmoral-el-durisimo-mensaje-de-patricia-bullrich-a-gerardo-morales-en-medio-de-la-pelea-del-radical-con-mauricio-macri","status":"publish","type":"post","link":"https:\/\/maxradio923.com.ar\/index.php\/2023\/11\/12\/cruzaste-un-limite-inmoral-el-durisimo-mensaje-de-patricia-bullrich-a-gerardo-morales-en-medio-de-la-pelea-del-radical-con-mauricio-macri\/","title":{"rendered":"&#8220;Cruzaste un l\u00edmite: \u00a1Inmoral!&#8221;, el dur\u00edsimo mensaje de Patricia Bullrich a Gerardo Morales, en medio de la pelea del radical con Mauricio Macri"},"content":{"rendered":"<p>&quot;Cruzaste un l\u00edmite: \u00a1Inmoral!&quot;, el dur\u00edsimo mensaje de Patricia Bullrich a Gerardo Morales, en medio de la pelea del radical con Mauricio Macri<\/p>\n<p>Los coletazos de la pelea en redes sociales entre <strong>Mauricio Macri<\/strong> y <strong>Gerardo Morales<\/strong> sum\u00f3 a otra protagonista, y una de mucho peso. Se trata de <strong>Patricia Bullrich<\/strong>, quien calent\u00f3 a\u00fan m\u00e1s la interna de Juntos por el Cambio.<\/p>\n<p>La hasta hace semanas candidata presidencial de la coalici\u00f3n opositora public\u00f3 un tuit en el que calific\u00f3 lisa y llanamente de <strong>&quot;inmoral&quot;<\/strong> a Morales, despu\u00e9s de que el gobernador de la provincia de Jujuy ensayara una comparaci\u00f3n entre Macri y Cristina Kirchner.<\/p>\n<p>&quot;Morales: <strong>cruzaste un l\u00edmite<\/strong>.Comparar a Mauricio Macri con CFK es caer muy bajo. <strong>\u00a1INMORAL!<\/strong>&quot;, escribi\u00f3 Bullrich en su cuenta personal.<\/p>\n<p>La acusaci\u00f3n de Bullrich responde a una publicaci\u00f3n de Morales, que a su vez respond\u00eda a un mensaje original del expresidente Macri.<\/p>\n<p>Macri chicane\u00f3 al gobernador juje\u00f1o y desliz\u00f3 que votar\u00e1 al candidato oficialista y actual ministro de Econom\u00eda Sergio Massa, al igual que la kirchnerista Milagro Sala, con quien est\u00e1 enfrentado desde hace tiempo.<\/p>\n<p>&quot;Pa\u00eds raro este, parece que<strong> Milagro Sala y Gerardo Morales van a votar al mismo<\/strong>&quot;, public\u00f3 el expresidente el s\u00e1bado por la noche, en clara alusi\u00f3n a Massa.<\/p>\n<p>Morales no tard\u00f3 en responder por la misma v\u00eda, citando el tuit del exmandatario y lanzando una cruda acusaci\u00f3n.<\/p>\n<p>\u201cTen\u00e9s que estar muy enfermo @mauriciomacri para que saques un tweet as\u00ed a este hora. Creo que tu enfermedad es la ambici\u00f3n de poder\u201d, escribi\u00f3 el presidente de la Uni\u00f3n C\u00edvica Radical.<\/p>\n<p>Y por si quedaban dudas de su mensaje y su intenci\u00f3n, minutos antes de la medianoche public\u00f3 el tuit al que hizo referencia Bullrich en su respuesta.<\/p>\n<p>&quot;Pa\u00eds normal este, con Cristina y @mauriciomacri libres cuando tendr\u00edan que estar presos. Si quer\u00e9s Mauricio, puedo entrar en detalles&quot;, se\u00f1al\u00f3 Morales en su cuenta de X, agregando un nuevo cap\u00edtulo a esta saga de cortocircuitos en Juntos por el Cambio que por ahora no muestra se\u00f1ales de moderarse.<\/p>\n","protected":false},"excerpt":{"rendered":"<p>&#8220;Cruzaste un l\u00edmite: \u00a1Inmoral!&#8221;, el dur\u00edsimo mensaje de Patricia Bullrich a Gerardo Morales, en medio de la pelea del radical con Mauricio MacriLos coletazos de la pelea en redes sociales entre Mauricio Macri y Gerardo Morales sum\u00f3 a otra protagonista, y una de mucho peso. Se trata de Patricia Bullrich, quien calent\u00f3 a\u00fan m\u00e1s la interna de Juntos por el Cambio.<br \/>\nLa hasta hace semanas candidata presidencial de la coalici\u00f3n opositora public\u00f3 un tuit en el que calific\u00f3 lisa y llanamente de &#8220;inmoral&#8221; a Morales, despu\u00e9s de que el gobernador de la provincia de Jujuy ensayara una comparaci\u00f3n entre Macri y Cristina Kirchner.<br \/>\n&#8220;Morales: cruzaste un l\u00edmite.Comparar a Mauricio Macri con CFK es caer muy bajo. \u00a1INMORAL!&#8221;, escribi\u00f3 Bullrich en su cuenta personal.<br \/>\nLa acusaci\u00f3n de Bullrich responde a una publicaci\u00f3n de Morales, que a su vez respond\u00eda a un mensaje original del expresidente Macri.<br \/>\nMacri chicane\u00f3 al gobernador juje\u00f1o y desliz\u00f3 que votar\u00e1 al candidato oficialista y actual ministro de Econom\u00ed..<\/p>\n","protected":false},"author":2,"featured_media":11690,"comment_status":"","ping_status":"","sticky":false,"template":"","format":"standard","meta":{"footnotes":""},"categories":[7],"tags":[],"_links":{"self":[{"href":"https:\/\/maxradio923.com.ar\/index.php\/wp-json\/wp\/v2\/posts\/11689"}],"collection":[{"href":"https:\/\/maxradio923.com.ar\/index.php\/wp-json\/wp\/v2\/posts"}],"about":[{"href":"https:\/\/maxradio923.com.ar\/index.php\/wp-json\/wp\/v2\/types\/post"}],"author":[{"embeddable":true,"href":"https:\/\/maxradio923.com.ar\/index.php\/wp-json\/wp\/v2\/users\/2"}],"replies":[{"embeddable":true,"href":"https:\/\/maxradio923.com.ar\/index.php\/wp-json\/wp\/v2\/comments?post=11689"}],"version-history":[{"count":0,"href":"https:\/\/maxradio923.com.ar\/index.php\/wp-json\/wp\/v2\/posts\/11689\/revisions"}],"wp:featuredmedia":[{"embeddable":true,"href":"https:\/\/maxradio923.com.ar\/index.php\/wp-json\/wp\/v2\/media\/11690"}],"wp:attachment":[{"href":"https:\/\/maxradio923.com.ar\/index.php\/wp-json\/wp\/v2\/media?parent=11689"}],"wp:term":[{"taxonomy":"category","embeddable":true,"href":"https:\/\/maxradio923.com.ar\/index.php\/wp-json\/wp\/v2\/categories?post=11689"},{"taxonomy":"post_tag","embeddable":true,"href":"https:\/\/maxradio923.com.ar\/index.php\/wp-json\/wp\/v2\/tags?post=11689"}],"curies":[{"name":"wp","href":"https:\/\/api.w.org\/{rel}","templated":true}]}}