{"id":11497,"date":"2023-11-11T02:23:55","date_gmt":"2023-11-11T05:23:55","guid":{"rendered":"https:\/\/maxradio923.com\/index.php\/2023\/11\/11\/se-entrego-el-presunto-autor-de-la-patada-que-dejo-a-lautaro-alvaredo-con-muerte-cerebral-a-la-salida-de-un-boliche-en-laferrere\/"},"modified":"2023-11-11T02:23:55","modified_gmt":"2023-11-11T05:23:55","slug":"se-entrego-el-presunto-autor-de-la-patada-que-dejo-a-lautaro-alvaredo-con-muerte-cerebral-a-la-salida-de-un-boliche-en-laferrere","status":"publish","type":"post","link":"https:\/\/maxradio923.com.ar\/index.php\/2023\/11\/11\/se-entrego-el-presunto-autor-de-la-patada-que-dejo-a-lautaro-alvaredo-con-muerte-cerebral-a-la-salida-de-un-boliche-en-laferrere\/","title":{"rendered":"Se entreg\u00f3 el presunto autor de la patada que dej\u00f3 a Lautaro Alvaredo con muerte cerebral a la salida de un boliche en Laferrere"},"content":{"rendered":"<p>Se entreg\u00f3 el presunto autor de la patada que dej\u00f3 a Lautaro Alvaredo con muerte cerebral a la salida de un boliche en Laferrere<\/p>\n<p>El <strong>presunto autor<\/strong> de la patada que dej\u00f3 con muerte cerebral a Lautaro Alvaredo, el joven de 19 a\u00f1os <strong>agredido a la salida de un boliche<\/strong> del partido bonaerense de La Matanza, se<strong> entreg\u00f3 en una comisar\u00eda de Gregorio de Laferrere<\/strong> en la noche de este viernes y <strong>qued\u00f3 detenido<\/strong>.<\/p>\n<p>Se trata de <strong>Ian Noguera<\/strong> (19), quien se present\u00f3 junto a su familia en la seccional 1ra. de dicha localidad del sudoeste del conurbano. De esta manera, se suma a Fabricio Rom\u00e1n Stella, de 18 a\u00f1os, quien se hab\u00eda presentado junto a su padre en la seccional de Laferrere sur en la noche del jueves.  <\/p>\n<p>Voceros judiciales informaron a la agencia de noticias <em>T\u00e9lam <\/em>que Noguera, <strong>presunto autor de la patada en la cabeza a Alvaredo<\/strong>, ser\u00e1 indagado en las pr\u00f3ximas horas por el fiscal Mat\u00edas Folino, de la Unidad Funcional de Instrucci\u00f3n (UFI) Tem\u00e1tica de Homicidios del Departamento Judicial de La Matanza.<\/p>\n<p>La madre de Noguera dio varias entrevistas justificando a su hijo y haciendo referencia a &quot;una pelea&quot;. Adem\u00e1s, dijo que estaba &quot;<strong>resguardado con su pap\u00e1 hasta conseguir un abogado<\/strong>&quot;.<\/p>\n<p><img decoding=\"async\" alt=\"Ian Noguera se entreg\u00f3 a la Justicia este viernes en la tarde.\" src=\"https:\/\/www.clarin.com\/img\/2023\/11\/11\/y8kxljA-B_720x0__1.jpg\"\/>Ian Noguera se entreg\u00f3 a la Justicia este viernes en la tarde.<\/p>\n<p>M\u00e1s temprano, el fiscal Folino indag\u00f3 a Fabricio Rom\u00e1n Stella, apodado &quot;Carita&quot;, a quien le imput\u00f3 un &quot;<strong>homicidio agravado por alevos\u00eda y por el concurso premeditado de tres o m\u00e1s personas<\/strong>&quot;.<\/p>\n<p>Las fuentes explicaron que, si bien la v\u00edctima no falleci\u00f3 y permanece conectado con muerte cerebral, se considera que el delito est\u00e1 consumado bajo los par\u00e1metros de los art\u00edculos 36 y 37 de la Ley 27.447 de Donaci\u00f3n de \u00d3rganos.<\/p>\n<h2>Las declaraciones del primer acusado que se entreg\u00f3 por el crimen de Lautaro Alvaredo<\/h2>\n<p>En su indagatoria ante el fiscal Folino, &quot;Carita&quot; Stella realiz\u00f3 un pormenorizado relato de c\u00f3mo ocurrieron los hechos, en los que vincul\u00f3 a otros sospechosos en una <strong>discusi\u00f3n ocurrida dentro del boliche &quot;Cyrux&quot;<\/strong> por la rotura de unos anteojos.<\/p>\n<p>Seg\u00fan cont\u00f3, esa discusi\u00f3n continu\u00f3 luego en la vereda y en una plaza cercana con una <strong>pelea de su grupo contra Lautaro y sus amigos<\/strong>, en la que golpe\u00f3 a la v\u00edctima aunque, seg\u00fan dijo, tambi\u00e9n recibi\u00f3 golpes.<\/p>\n<p>Luego, resalt\u00f3 que <strong>no se fug\u00f3<\/strong>, sino que una vez que culmin\u00f3 la pelea, se retir\u00f3 junto a sus amigos.<\/p>\n<p>El sospechoso, sobre quien pesaba una orden de captura desde el mi\u00e9rcoles \u00faltimo, fue llevado cerca de las 23 de este jueves por su padre y un abogado a la comisar\u00eda de Gregorio de Laferrere, en La Matanza, para ponerse a disposici\u00f3n judicial.<\/p>\n<p>&quot;Carita&quot; Stella, quien <strong>no posee antecedentes penales y nunca fue detenido por la polic\u00eda<\/strong>, qued\u00f3 filmado y fue reconocido por testigos como uno de los j\u00f3venes que golpe\u00f3 a Lautaro antes de que cayera al suelo y fuera pateado en la cabeza.<\/p>\n<h2>C\u00f3mo est\u00e1 Lautaro Alvaredo: internado y con expectativas de sobrevivir &quot;nulas&quot;<\/h2>\n<p>El auditor m\u00e9dico de la cl\u00ednica, Silvio Ortuondo, dijo a la prensa que el joven est\u00e1 con &quot;<strong>muerte cerebral<\/strong>&quot; y que <strong>las expectativas de sobrevida son &quot;nulas&quot;<\/strong>, aunque sus padres esperan &quot;<strong>un milagro<\/strong>&quot;.<\/p>\n<p>  El hecho ocurri\u00f3 cuando Lautaro y sus amigos fueron al boliche &quot;Cyrux&quot;, situado en avenida Luro y Pedro Obligado, de Laferrere la noche del pasado domingo.<\/p>\n<p><img decoding=\"async\" alt=\"Lautaro Alvaredo est\u00e1 con muerte cerebral. \" src=\"https:\/\/www.clarin.com\/img\/2023\/11\/08\/62HWzi7QX_720x0__1.jpg\"\/>Lautaro Alvaredo est\u00e1 con muerte cerebral. <\/p>\n<p>  De acuerdo a lo establecido hasta el momento, en el local bailable se gener\u00f3 una pelea entre el grupo en el que estaba Lautaro y otros j\u00f3venes, que se traslad\u00f3 a una plaza ubicada a cien metros.<\/p>\n<p>  En un momento de la pelea, que involucraba a varios j\u00f3venes, Lautaro cay\u00f3 al piso, donde recibi\u00f3 fuertes golpes en la cabeza hasta quedar inconsciente.<\/p>\n<p><em>Con informaci\u00f3n de T\u00e9lam. <\/em><\/p>\n","protected":false},"excerpt":{"rendered":"<p>Se entreg\u00f3 el presunto autor de la patada que dej\u00f3 a Lautaro Alvaredo con muerte cerebral a la salida de un boliche en LaferrereEl presunto autor de la patada que dej\u00f3 con muerte cerebral a Lautaro Alvaredo, el joven de 19 a\u00f1os agredido a la salida de un boliche del partido bonaerense de La Matanza, se entreg\u00f3 en una comisar\u00eda de Gregorio de Laferrere en la noche de este viernes y qued\u00f3 detenido.<br \/>\nSe trata de Ian Noguera (19), quien se present\u00f3 junto a su familia en la seccional 1ra. de dicha localidad del sudoeste del conurbano. De esta manera, se suma a Fabricio Rom\u00e1n Stella, de 18 a\u00f1os, quien se hab\u00eda presentado junto a su padre en la seccional de Laferrere sur en la noche del jueves.<br \/>\nVoceros judiciales informaron a la agencia de noticias T\u00e9lam que Noguera, presunto autor de la patada en la cabeza a Alvaredo, ser\u00e1 indagado en las pr\u00f3ximas horas por el fiscal Mat\u00edas Folino, de la Unidad Funcional de Instrucci\u00f3n (UFI) Tem\u00e1tica de Homicidios del Departamento Judicial de La Matanza.<br \/>\nLa ..<\/p>\n","protected":false},"author":2,"featured_media":11498,"comment_status":"","ping_status":"","sticky":false,"template":"","format":"standard","meta":{"footnotes":""},"categories":[6],"tags":[],"_links":{"self":[{"href":"https:\/\/maxradio923.com.ar\/index.php\/wp-json\/wp\/v2\/posts\/11497"}],"collection":[{"href":"https:\/\/maxradio923.com.ar\/index.php\/wp-json\/wp\/v2\/posts"}],"about":[{"href":"https:\/\/maxradio923.com.ar\/index.php\/wp-json\/wp\/v2\/types\/post"}],"author":[{"embeddable":true,"href":"https:\/\/maxradio923.com.ar\/index.php\/wp-json\/wp\/v2\/users\/2"}],"replies":[{"embeddable":true,"href":"https:\/\/maxradio923.com.ar\/index.php\/wp-json\/wp\/v2\/comments?post=11497"}],"version-history":[{"count":0,"href":"https:\/\/maxradio923.com.ar\/index.php\/wp-json\/wp\/v2\/posts\/11497\/revisions"}],"wp:featuredmedia":[{"embeddable":true,"href":"https:\/\/maxradio923.com.ar\/index.php\/wp-json\/wp\/v2\/media\/11498"}],"wp:attachment":[{"href":"https:\/\/maxradio923.com.ar\/index.php\/wp-json\/wp\/v2\/media?parent=11497"}],"wp:term":[{"taxonomy":"category","embeddable":true,"href":"https:\/\/maxradio923.com.ar\/index.php\/wp-json\/wp\/v2\/categories?post=11497"},{"taxonomy":"post_tag","embeddable":true,"href":"https:\/\/maxradio923.com.ar\/index.php\/wp-json\/wp\/v2\/tags?post=11497"}],"curies":[{"name":"wp","href":"https:\/\/api.w.org\/{rel}","templated":true}]}}