{"id":11394,"date":"2023-11-10T11:14:04","date_gmt":"2023-11-10T14:14:04","guid":{"rendered":"https:\/\/maxradio923.com\/index.php\/2023\/11\/10\/cuando-es-el-debate-presidencial-entre-javier-milei-y-sergio-massa-antes-del-balotaje\/"},"modified":"2023-11-10T11:14:04","modified_gmt":"2023-11-10T14:14:04","slug":"cuando-es-el-debate-presidencial-entre-javier-milei-y-sergio-massa-antes-del-balotaje","status":"publish","type":"post","link":"https:\/\/maxradio923.com.ar\/index.php\/2023\/11\/10\/cuando-es-el-debate-presidencial-entre-javier-milei-y-sergio-massa-antes-del-balotaje\/","title":{"rendered":"\u00bfCu\u00e1ndo es el debate presidencial entre Javier Milei y Sergio Massa antes del balotaje?"},"content":{"rendered":"<p>\u00bfCu\u00e1ndo es el debate presidencial entre Javier Milei y Sergio Massa antes del balotaje?<\/p>\n<p>Previo al <strong>balotaje,<\/strong> se desarrollar\u00e1 por ley un nuevo<strong> debate presidencial<\/strong> entre los dos candidatos m\u00e1s votados en las <strong>Elecciones 2023, Sergio Massa <\/strong>y <strong>Javier Milei<\/strong>.<\/p>\n<p>Cabe destacar que habr\u00e1 <strong>balotaje<\/strong> porque ninguno de los <strong>candidatos presidenciales <\/strong>obtuvo m\u00e1s del 45% de los votos, o bien m\u00e1s del 40% y con una diferencia de 10 puntos sobre el segundo candidato m\u00e1s votado.<\/p>\n<p><img decoding=\"async\" alt=\"Massa y Milei, nuevamente cara a cara. Foto AP\" src=\"https:\/\/www.clarin.com\/img\/2023\/10\/23\/8JkDtak2O_720x0__1.jpg\"\/>Massa y Milei, nuevamente cara a cara. Foto AP<\/p>\n<p>De esta manera, <strong>el tercer debate presidencial se llevar\u00e1 a cabo el domingo 12 de noviembre<\/strong> en la Facultad de Derecho de la Universidad de Buenos Aires.<\/p>\n<p>Los <strong>debates presidenciales<\/strong> se oficializaron bajo la ley 19.945, que indica que &quot;las personas candidatas a ser Presidente o Presidenta tienen la obligaci\u00f3n de debatir antes de las elecciones. La <strong>ley <\/strong>establece cu\u00e1ndo y c\u00f3mo deben hacerse los debates&quot;.<\/p>\n<p>Asimismo, en su art\u00edculo 64 indica la &quot;obligatoriedad de debates preelectorales p\u00fablicos entre candidatos a Presidente de la Naci\u00f3n, con la finalidad de dar a conocer y debatir ante el electorado las plataformas electorales de los partidos, frentes o agrupaciones pol\u00edticas&quot;.<\/p>\n<p>La transmisi\u00f3n del debate se da en directo por todos los medios pertenecientes a Radio y Televisi\u00f3n Argentina Sociedad del Estado (R.T.A. S.E.). <\/p>\n<p>\u201cLas se\u00f1ales radiof\u00f3nicas y televisivas transmitidas por R.T.A. S.E. ser\u00e1n puestas a disposici\u00f3n de todos los medios p\u00fablicos y privados del pa\u00eds que deseen transmitir el debate de manera simult\u00e1nea, en forma gratuita\u201d, destaca la ley.<\/p>\n<p><strong>El primer debate presidencial de cara a un balotaje se dio en 2015<\/strong>, entre <strong>Mauricio Macri y Daniel Scioli<\/strong>. Organizada por la ONG Argentina Debate, la contienda se llev\u00f3 a cabo en el Sal\u00f3n de Actos de la Facultad de Derecho de la UBA y dej\u00f3 frases recordadas en el tiempo como \u201c\u00bfEn qu\u00e9 te han convertido, Daniel? Pareces un panelista de 6,7,8\u201d, la cual fue trending topic durante todo el debate.<\/p>\n<p><img decoding=\"async\" alt=\"El primer balotaje se dio entre Macri y Scioli, en 2015. \" src=\"https:\/\/www.clarin.com\/img\/2015\/12\/11\/rJmf2u3t4l_720x0.jpg\"\/>El primer balotaje se dio entre Macri y Scioli, en 2015. <\/p>\n<h2>Debates presidenciales 2023 <\/h2>\n<p>Los <strong>debates presidenciales<\/strong> previos a las <strong>Elecciones 2023<\/strong> estuvieron a cargo de la <strong>C\u00e1mara Nacional Electoral<\/strong> (CNE), que estableci\u00f3 las sedes en el Centro de Convenciones Provincial Forum, en Santiago del Estero, y en la Facultad de Derecho de la UBA.<\/p>\n<p>All\u00ed participaron los cinco candidatos presidenciales que pasaron el filtro del 1,5% de los votos en las PASO: Javier Milei (La Libertad Avanza), Patricia Bullrich (Juntos por el Cambio), Sergio Massa (Uni\u00f3n por la Patria), Juan Schiaretti (Hacemos por Nuestro Pa\u00eds) y Myriam Bregman (Frente de Izquierda).<\/p>\n<h2>\u00bfQu\u00e9 pasa si un candidato se ausenta al debate presidencial?<\/h2>\n<p>Los candidatos que se ausenten ser\u00e1n <strong>sancionados <\/strong>con el no otorgamiento de espacios de publicidad audiovisual, establecidos en el Cap\u00edtulo III bis del T\u00edtulo III de la ley 26.215, incorporado por el art\u00edculo 57 de la ley 26.571. <\/p>\n<p>Dichos espacios se repartir\u00e1n de manera equitativa entre el resto de los candidatos participantes. Asimismo, el espacio f\u00edsico que Ie hubiera sido asignado al <strong>candidato <\/strong>faltante permanecer\u00e1 vac\u00edo junto al resto de los participantes, a fin de denotar su ausencia.<\/p>\n","protected":false},"excerpt":{"rendered":"<p>\u00bfCu\u00e1ndo es el debate presidencial entre Javier Milei y Sergio Massa antes del balotaje?Previo al balotaje, se desarrollar\u00e1 por ley un nuevo debate presidencial entre los dos candidatos m\u00e1s votados en las Elecciones 2023, Sergio Massa y Javier Milei.<br \/>\nCabe destacar que habr\u00e1 balotaje porque ninguno de los candidatos presidenciales obtuvo m\u00e1s del 45% de los votos, o bien m\u00e1s del 40% y con una diferencia de 10 puntos sobre el segundo candidato m\u00e1s votado.<br \/>\nMassa y Milei, nuevamente cara a cara. Foto APDe esta manera, el tercer debate presidencial se llevar\u00e1 a cabo el domingo 12 de noviembre en la Facultad de Derecho de la Universidad de Buenos Aires.<br \/>\nLos debates presidenciales se oficializaron bajo la ley 19.945, que indica que &#8220;las personas candidatas a ser Presidente o Presidenta tienen la obligaci\u00f3n de debatir antes de las elecciones. La ley establece cu\u00e1ndo y c\u00f3mo deben hacerse los debates&#8221;.<br \/>\nAsimismo, en su art\u00edculo 64 indica la &#8220;obligatoriedad de debates preelectorales p\u00fablicos entre c..<\/p>\n","protected":false},"author":2,"featured_media":11395,"comment_status":"","ping_status":"","sticky":false,"template":"","format":"standard","meta":{"footnotes":""},"categories":[7],"tags":[],"_links":{"self":[{"href":"https:\/\/maxradio923.com.ar\/index.php\/wp-json\/wp\/v2\/posts\/11394"}],"collection":[{"href":"https:\/\/maxradio923.com.ar\/index.php\/wp-json\/wp\/v2\/posts"}],"about":[{"href":"https:\/\/maxradio923.com.ar\/index.php\/wp-json\/wp\/v2\/types\/post"}],"author":[{"embeddable":true,"href":"https:\/\/maxradio923.com.ar\/index.php\/wp-json\/wp\/v2\/users\/2"}],"replies":[{"embeddable":true,"href":"https:\/\/maxradio923.com.ar\/index.php\/wp-json\/wp\/v2\/comments?post=11394"}],"version-history":[{"count":0,"href":"https:\/\/maxradio923.com.ar\/index.php\/wp-json\/wp\/v2\/posts\/11394\/revisions"}],"wp:featuredmedia":[{"embeddable":true,"href":"https:\/\/maxradio923.com.ar\/index.php\/wp-json\/wp\/v2\/media\/11395"}],"wp:attachment":[{"href":"https:\/\/maxradio923.com.ar\/index.php\/wp-json\/wp\/v2\/media?parent=11394"}],"wp:term":[{"taxonomy":"category","embeddable":true,"href":"https:\/\/maxradio923.com.ar\/index.php\/wp-json\/wp\/v2\/categories?post=11394"},{"taxonomy":"post_tag","embeddable":true,"href":"https:\/\/maxradio923.com.ar\/index.php\/wp-json\/wp\/v2\/tags?post=11394"}],"curies":[{"name":"wp","href":"https:\/\/api.w.org\/{rel}","templated":true}]}}