{"id":11388,"date":"2023-11-10T11:04:27","date_gmt":"2023-11-10T14:04:27","guid":{"rendered":"https:\/\/maxradio923.com\/index.php\/2023\/11\/10\/se-busca-ministro-massa-sigue-haciendo-ofertas-y-milei-empieza-a-pensar-en-el-20n\/"},"modified":"2023-11-10T11:04:27","modified_gmt":"2023-11-10T14:04:27","slug":"se-busca-ministro-massa-sigue-haciendo-ofertas-y-milei-empieza-a-pensar-en-el-20n","status":"publish","type":"post","link":"https:\/\/maxradio923.com.ar\/index.php\/2023\/11\/10\/se-busca-ministro-massa-sigue-haciendo-ofertas-y-milei-empieza-a-pensar-en-el-20n\/","title":{"rendered":"Se busca ministro: Massa sigue haciendo ofertas y Milei empieza a pensar en el 20N"},"content":{"rendered":"<p>Se busca ministro: Massa sigue haciendo ofertas y Milei empieza a pensar en el 20N<\/p>\n<p>La b\u00fasqueda laboral que inici\u00f3 Sergio Massa viene complicada. En las \u00faltimas horas hubo<strong> nuevos sondeos y contactos <\/strong>para reclutar a <strong>su reemplazante en el Ministerio de Econom\u00eda<\/strong>. Se valora el volumen pol\u00edtico, la reputaci\u00f3n en el exterior y la proactividad para <strong>tirarse \u201carriba de la granada\u201d.<\/strong> Pero no es f\u00e1cil: la econom\u00eda que viene es de guerra y <strong>las internas arden <\/strong>dentro de la coalici\u00f3n oficialista.<\/p>\n<p>Una de las jugadas que caus\u00f3 sorpresa en los pasillos de la conferencia anual de FIEL fue el <strong>ofrecimiento que le habr\u00edan hecho a Horacio Rodr\u00edguez Larreta<\/strong> y su equipo econ\u00f3mico, donde tallan por separado <strong>Hern\u00e1n Lacunza<\/strong> y <strong>Mart\u00edn Redrado<\/strong>. Se sabe que entre Massa y el ex precandidato presidencial <strong>hubo una amistad<\/strong>. La versi\u00f3n que se comenta es que los tentaron y<strong> el larretismo lo rechaz\u00f3,<\/strong> aunque desde el PRO lo niegan rotundamente.<\/p>\n<p>\u201cEs importante estar en la pol\u00edtica econ\u00f3mica, pero tambi\u00e9n hay miedo a que sea un amague de campa\u00f1a, hubo sondeos\u201d, desliz\u00f3 una fuente al tanto de las conversaciones. De ser cierto, ser\u00eda<strong> un movimiento audaz por parte de Massa<\/strong>, en medio de las tensiones que existen con el kirchnerismo y los esfuerzos del jefe de gobierno porte\u00f1o por construir una l\u00ednea interna del PRO de<strong> oposici\u00f3n \u201cmoderada\u201d.<\/strong><\/p>\n<p>Uni\u00f3n por la Patria <strong>necesita conquistar votos del centro<\/strong> y Larreta, mantener su autonom\u00eda, sin sufrir un \u201cdesmembramiento\u201d de equipos si gana Milei, apoyado por Mauricio Macri y Patricia Bullrich. En el gobierno porte\u00f1o, sobrevuela el fantasma de la rebeli\u00f3n acontecida en el Banco Central en 2010, cuando el titular y su gerente general, Redrado y Lacunza, <strong>se le plantaron a Cristina Kirchner<\/strong> por el uso de las reservas, y los terminaron \u201cvolando\u201d.<\/p>\n<p>Ese es un riesgo que Massa parecer\u00eda estar dispuesto a correr con tal de ganar \u201cm\u00fasculo\u201d y \u201cfiguras\u201d, incluso con viejos detractores del kirchnerismo.<strong> Los ojos parecen estar puestos en Redrado,<\/strong> quien el a\u00f1o pasado rechaz\u00f3 secundar al ministro y<strong> ofrece &quot;equipo propio, plan y leyes&quot;,<\/strong> con carnet en gestiones peronistas (Menem, Duhalde y N\u00e9stor Kirchner). Por el lado del radicalismo, resuena <strong>Marina Dal Poggetto<\/strong>, la economista citada por la vicepresidenta.<\/p>\n<p>Su plan de<strong> estabilizaci\u00f3n con devaluaci\u00f3n y suba de retenciones<\/strong> se toca con el de<strong> Emmanuel \u00c1lvarez Agis<\/strong>, otro de los CV que circulan en despachos oficiales. El exviceministro de Econom\u00eda de Axel Kicillof, que en plena corrida, acus\u00f3 a Milei de instigar un \u201c2001\u201d con hiperinflaci\u00f3n, a\u00fan despierta resistencia. \u201cHoy bocharon a Agis, parece que desde La C\u00e1mpora, <strong>M\u00e1ximo o Axel desconf\u00edan\u201d<\/strong>, revel\u00f3 una fuente con llegada a Econom\u00eda.<\/p>\n<h2>La &quot;calentura&quot; de Massa y el 20N<\/h2>\n<p>En el b\u00fanker de Massa, reconocen que hay<strong> tel\u00e9fono abierto con el radicalismo y el peronismo cordob\u00e9s<\/strong>. La orden es guardarse las definiciones, <strong>al menos hasta el debate<\/strong> del domingo con Milei. En las \u00faltimas horas, la campa\u00f1a se top\u00f3 con otros adversarios: el salto del d\u00f3lar blue a $ 950 y el desplante del Fondo Monetario, que en una reuni\u00f3n reciente apunt\u00f3 contra la \u201cmala gesti\u00f3n\u201d y la dilapidaci\u00f3n de reservas.<\/p>\n<p>\u201cPrimero, el FMI dijo que la sequ\u00eda ten\u00eda impacto importante, no solo no adelantaron desembolsos, sino que<strong> tardaron cuatro meses<\/strong> y forzaron la devaluaci\u00f3n, Sergio est\u00e1 caliente\u201d, se sinceraron en un despacho oficial. Sin reservas, saben que <strong>el Banco Central es \u201cd\u00e9bil\u201d. <\/strong>Desde las elecciones, se perdieron US$ 3.500 millones en pagos al organismo, importaciones y la intervenci\u00f3n en d\u00f3lares financieros. Hoy,<strong> perforan los US$ 21.000 millones<\/strong>, un m\u00ednimo en 17 a\u00f1os.<\/p>\n<p>Tanto <strong>Massa como Milei est\u00e1n preocupados por los d\u00f3lares<\/strong> que van a necesitar el d\u00eda despu\u00e9s del balotaje. El l\u00edder del Frente Renovador anunci\u00f3 que<strong> descongelar\u00e1 el pr\u00f3ximo mi\u00e9rcoles el tipo de cambio oficial,<\/strong> hoy en $ 350. En su equipo, no est\u00e1n tan seguros: creen que<strong> el d\u00f3lar se va a mover reci\u00e9n el lunes 20 de noviembre,<\/strong> despu\u00e9s de los comicios. Si bien se resisten a acelerarlo demasiado por su impacto en la inflaci\u00f3n, por lo bajo no descartan un \u201cshock\u201d.<\/p>\n<p>Pese a que<strong> el macrismo dio por muerta la dolarizaci\u00f3n,<\/strong> algunas consultoras <strong>esperan una devaluaci\u00f3n del 50%<\/strong> antes de diciembre y m\u00e1s inflaci\u00f3n sobre un piso del 140% anual. <\/p>\n<p>En la city financiera son m\u00e1s cautelosos. &quot;No va a devaluar, <strong>para qu\u00e9 pagar ese costo con la gente de vacaciones<\/strong>, va a esperar los d\u00f3lares de la cosecha en marzo o abril&quot;, se\u00f1al\u00f3 un banquero que le teme a Massa. La apuesta, seg\u00fan dicen en el equipo econ\u00f3mico, es <strong>aguantar con un &quot;blanqueo&quot; de capitales y renegociar con el Fondo<\/strong>.<\/p>\n<p>En las trincheras libertarias, el exbanquero central de Macri,<strong> Federico Sturzenegger, se mueve como un ministro en las sombras.<\/strong> En la cumbre de economistas de FIEL, donde se encontraron exponentes de la Fundaci\u00f3n Mediterr\u00e1nea, UCEMA y empresarios, lo ponderaron. Tambi\u00e9n se ilusionan con que<strong> el expresidente va a &quot;controlar&quot; los aspectos m\u00e1s pol\u00e9micos del programa de Milei.<\/strong> Cerca del candidato ultraderechista aseguran que &quot;Javier lo escucha&quot;, y se preparan para un escenario de &quot;inestabilidad&quot; por la inflaci\u00f3n futura y falta de insumos.<\/p>\n<p>Los asesores de la primera hora,<strong> Roque Fern\u00e1ndez, Dar\u00edo Epstein y Carlos Rodr\u00edguez,<\/strong> a\u00fan creen que pueden ser convocados a ocupar cargos ante los desaf\u00edos que se avecinan. Para cualquier medida que se tome, as\u00ed sea armar un fondo para liquidar las Leliq o encender la &quot;motosierra&quot;, van a necesitar empleados y gremios predispuestos. &quot;<strong>Hay que tomar medidas el d\u00eda 1 <\/strong>en lo monetario y cambiario, qu\u00e9 vamos a hacer con la emisi\u00f3n, c\u00f3mo se van a pagar los sueldos&quot;, se preguntan cerca de La Libertad Avanza.<\/p>\n<p><em>NE<\/em><\/p>\n","protected":false},"excerpt":{"rendered":"<p>Se busca ministro: Massa sigue haciendo ofertas y Milei empieza a pensar en el 20NLa b\u00fasqueda laboral que inici\u00f3 Sergio Massa viene complicada. En las \u00faltimas horas hubo nuevos sondeos y contactos para reclutar a su reemplazante en el Ministerio de Econom\u00eda. Se valora el volumen pol\u00edtico, la reputaci\u00f3n en el exterior y la proactividad para tirarse \u201carriba de la granada\u201d. Pero no es f\u00e1cil: la econom\u00eda que viene es de guerra y las internas arden dentro de la coalici\u00f3n oficialista.<br \/>\nUna de las jugadas que caus\u00f3 sorpresa en los pasillos de la conferencia anual de FIEL fue el ofrecimiento que le habr\u00edan hecho a Horacio Rodr\u00edguez Larreta y su equipo econ\u00f3mico, donde tallan por separado Hern\u00e1n Lacunza y Mart\u00edn Redrado. Se sabe que entre Massa y el ex precandidato presidencial hubo una amistad. La versi\u00f3n que se comenta es que los tentaron y el larretismo lo rechaz\u00f3, aunque desde el PRO lo niegan rotundamente.<br \/>\n\u201cEs importante estar en la pol\u00edtica econ\u00f3mica, pero tambi\u00e9n hay miedo a que sea un am..<\/p>\n","protected":false},"author":2,"featured_media":11389,"comment_status":"","ping_status":"","sticky":false,"template":"","format":"standard","meta":{"footnotes":""},"categories":[2],"tags":[],"_links":{"self":[{"href":"https:\/\/maxradio923.com.ar\/index.php\/wp-json\/wp\/v2\/posts\/11388"}],"collection":[{"href":"https:\/\/maxradio923.com.ar\/index.php\/wp-json\/wp\/v2\/posts"}],"about":[{"href":"https:\/\/maxradio923.com.ar\/index.php\/wp-json\/wp\/v2\/types\/post"}],"author":[{"embeddable":true,"href":"https:\/\/maxradio923.com.ar\/index.php\/wp-json\/wp\/v2\/users\/2"}],"replies":[{"embeddable":true,"href":"https:\/\/maxradio923.com.ar\/index.php\/wp-json\/wp\/v2\/comments?post=11388"}],"version-history":[{"count":0,"href":"https:\/\/maxradio923.com.ar\/index.php\/wp-json\/wp\/v2\/posts\/11388\/revisions"}],"wp:featuredmedia":[{"embeddable":true,"href":"https:\/\/maxradio923.com.ar\/index.php\/wp-json\/wp\/v2\/media\/11389"}],"wp:attachment":[{"href":"https:\/\/maxradio923.com.ar\/index.php\/wp-json\/wp\/v2\/media?parent=11388"}],"wp:term":[{"taxonomy":"category","embeddable":true,"href":"https:\/\/maxradio923.com.ar\/index.php\/wp-json\/wp\/v2\/categories?post=11388"},{"taxonomy":"post_tag","embeddable":true,"href":"https:\/\/maxradio923.com.ar\/index.php\/wp-json\/wp\/v2\/tags?post=11388"}],"curies":[{"name":"wp","href":"https:\/\/api.w.org\/{rel}","templated":true}]}}