{"id":11363,"date":"2023-11-10T06:54:39","date_gmt":"2023-11-10T09:54:39","guid":{"rendered":"https:\/\/maxradio923.com\/index.php\/2023\/11\/10\/nueva-encuesta-y-dato-clave-cuanto-mide-sergio-massa-en-cordoba-tras-su-polemica-visita\/"},"modified":"2023-11-10T06:54:39","modified_gmt":"2023-11-10T09:54:39","slug":"nueva-encuesta-y-dato-clave-cuanto-mide-sergio-massa-en-cordoba-tras-su-polemica-visita","status":"publish","type":"post","link":"https:\/\/maxradio923.com.ar\/index.php\/2023\/11\/10\/nueva-encuesta-y-dato-clave-cuanto-mide-sergio-massa-en-cordoba-tras-su-polemica-visita\/","title":{"rendered":"Nueva encuesta y dato clave: cu\u00e1nto mide Sergio Massa en C\u00f3rdoba tras su pol\u00e9mica visita"},"content":{"rendered":"<p>Nueva encuesta y dato clave: cu\u00e1nto mide Sergio Massa en C\u00f3rdoba tras su pol\u00e9mica visita<\/p>\n<p>Tres d\u00edas despu\u00e9s de la elecci\u00f3n general del 22 de octubre, <strong><em>CB Consultora Opini\u00f3n P\u00fablica<\/em><\/strong> arranc\u00f3 un relevamiento para medir c\u00f3mo estaban <strong>Sergio Massa y Javier Milei<\/strong> en la provincia de <strong>C\u00f3rdoba<\/strong> de cara al <strong>balotaje<\/strong>. El sondeo lo hab\u00eda pedido el gobernador local, <strong>Juan Schiaretti<\/strong>, quien ven\u00eda de quedarse afuera de la disputa presidencial.<\/p>\n<p>La intenci\u00f3n del mandatario no ten\u00eda mucho misterio: Schiaretti quer\u00eda confirmar ciertos datos <strong>para ver si manten\u00eda su postura prescindente<\/strong> o se jugaba por alguno de los candidatos que disputar\u00e1n la segunda vuelta del 19 de noviembre.<\/p>\n<p>Como cont\u00f3 <strong>Clar\u00edn<\/strong>, Schiaretti se encuentra en una posici\u00f3n particular: por su <strong>origen peronista<\/strong>, inmediatamente uno podr\u00eda asociarlo con <strong>Massa<\/strong>; pero el <strong>raigambre anti K<\/strong> de los cordobeses lo empuja hacia el lado <strong>opositor<\/strong>. <\/p>\n<p>La postura del gobernador, quien mantuvo equidistancia p\u00fablica, tiene un interesante <strong>precio en votos<\/strong>: en la primera vuelta, qued\u00f3 segundo en su provincia (debajo de Milei) con unos <strong>770.000 sufragios (33,5%)<\/strong>. Fue casi la mitad de lo que sac\u00f3 a nivel nacional. <\/p>\n<p>Volviendo a aquella primera encuesta de <strong><em>CB<\/em><\/strong> le dio mal pero no tan mal a Massa: en una proyecci\u00f3n de votos afirmativos, quedaba en<strong> 29,1% contra 70,9% del libertario<\/strong>. Una proporci\u00f3n similar a la que hab\u00eda sacado Daniel Scioli all\u00ed en 2015, en su propio mano a mano presidencial frente a Mauricio Macri.<\/p>\n<h2>Antecedentes, la visita y la segunda encuesta<\/h2>\n<p>En la PASO de este a\u00f1o, en la que terminaron terceros junto a su rival interno Juan Grabois, Massa no hab\u00eda llegado a los dos d\u00edgitos en C\u00f3rdoba. <strong>Apenas consiguieron un magro 8,6%<\/strong>. Fue uno de los s\u00edntomas m\u00e1s elocuentes de su mal resultado en la primaria.<\/p>\n<p>Pero en la elecci\u00f3n general del 22-O, C\u00f3rdoba tambi\u00e9n fue muestra del repunte que lo dejar\u00eda primero a nivel nacional. El candidato de Uni\u00f3n por la Patria, ahora como \u00fanico representante partidario, <strong>creci\u00f3 a 13,4%<\/strong>. Mejor, pero obviamente con margen para seguir subiendo.<\/p>\n<p>Por eso, <strong>esta semana Massa decidi\u00f3 trasladarse un par de d\u00edas a C\u00f3rdoba<\/strong>, donde Milei gan\u00f3 en ambas tandas este a\u00f1o, repitiendo un 33 y pico por ciento.<\/p>\n<p>En su visita a la provincia, el ministro se mantuvo en el libreto que le dictan sus asesores brasile\u00f1os y <strong>agit\u00f3 la campa\u00f1a del miedo<\/strong> contra su rival: dijo que si ganaba el libertario aumentar\u00edan el transporte y la luz. <\/p>\n<p>Y tir\u00f3 un palazo m\u00e1s. Al fleje:<strong> &quot;A Milei le parece una mierda el cuarteto y a m\u00ed me encanta bailarlo&quot;<\/strong>, compar\u00f3 y abri\u00f3 una ins\u00f3lita pol\u00e9mica con el economista, que replic\u00f3 recordando unos videos de un acto de campa\u00f1a donde la m\u00fasica de fondo es un tema de Rodrigo. Alta pol\u00edtica.<\/p>\n<p><strong>En medio de la pelea, por las dudas, Schiaretti volvi\u00f3 a pedir una medici\u00f3n. Y a Massa no le fue bien. Del 29,1% proyectado de voto afirmativo baj\u00f3 a 26,7% (2,4 puntos menos). Al ser un cara a cara, Milei creci\u00f3 en igual medida: de 70,9% a 73,3%. <\/strong><\/p>\n<p>Los dos relevamientos tambi\u00e9n midieron con blanco\/nulo e indecisos. En el <strong>primer sondeo<\/strong>, con entrevistas entre el 25 y el 27 de octubre, <strong>Milei<\/strong> sumaba<strong> 61,4%<\/strong>, <strong>Massa<\/strong> <strong>25,2%<\/strong>, <strong>blanco\/nulo<\/strong> <strong>8%<\/strong> y <strong>no s\u00e9<\/strong> <strong>5,4%<\/strong>. En el segundo, hecho el 6 y 7 de noviembre, obtuvieron<strong> 64,5%, 23,5%, 6,9%y  5,2%<\/strong> respectivamente.<\/p>\n<p>No est\u00e1 claro si incidi\u00f3 en los n\u00fameros, pero s\u00ed est\u00e1 claro que cay\u00f3 como un balde de agua fr\u00eda al equipo de campa\u00f1a oficialista la cr\u00edtica que le hizo Schiaretti a Massa por su apoyo al juicio pol\u00edtica contra la Corte Suprema de la Naci\u00f3n que se lleva a cabo en el Congreso. Dos diputados que responden al ministro\/candidato forman parte de la comisi\u00f3n que viene acusando a los jueces.<\/p>\n<p>Para terminar de entender el<strong> peso de C\u00f3rdoba en el balotaje<\/strong>, vale cerrar con algunos n\u00fameros. Es la segunda provincia con m\u00e1s peso del pa\u00eds, hay <strong>unos 3 millones de electores habilitados a votar <\/strong>y la diferencia entre Massa y Milei en la primera vuelta no lleg\u00f3 a 2 millones: 9.853.492 contra 8.034.990.<\/p>\n","protected":false},"excerpt":{"rendered":"<p>Nueva encuesta y dato clave: cu\u00e1nto mide Sergio Massa en C\u00f3rdoba tras su pol\u00e9mica visitaTres d\u00edas despu\u00e9s de la elecci\u00f3n general del 22 de octubre, CB Consultora Opini\u00f3n P\u00fablica arranc\u00f3 un relevamiento para medir c\u00f3mo estaban Sergio Massa y Javier Milei en la provincia de C\u00f3rdoba de cara al balotaje. El sondeo lo hab\u00eda pedido el gobernador local, Juan Schiaretti, quien ven\u00eda de quedarse afuera de la disputa presidencial.<br \/>\nLa intenci\u00f3n del mandatario no ten\u00eda mucho misterio: Schiaretti quer\u00eda confirmar ciertos datos para ver si manten\u00eda su postura prescindente o se jugaba por alguno de los candidatos que disputar\u00e1n la segunda vuelta del 19 de noviembre.<br \/>\nComo cont\u00f3 Clar\u00edn, Schiaretti se encuentra en una posici\u00f3n particular: por su origen peronista, inmediatamente uno podr\u00eda asociarlo con Massa; pero el raigambre anti K de los cordobeses lo empuja hacia el lado opositor.<br \/>\nLa postura del gobernador, quien mantuvo equidistancia p\u00fablica, tiene un interesante precio en votos: en la primera vue..<\/p>\n","protected":false},"author":2,"featured_media":11364,"comment_status":"","ping_status":"","sticky":false,"template":"","format":"standard","meta":{"footnotes":""},"categories":[7],"tags":[],"_links":{"self":[{"href":"https:\/\/maxradio923.com.ar\/index.php\/wp-json\/wp\/v2\/posts\/11363"}],"collection":[{"href":"https:\/\/maxradio923.com.ar\/index.php\/wp-json\/wp\/v2\/posts"}],"about":[{"href":"https:\/\/maxradio923.com.ar\/index.php\/wp-json\/wp\/v2\/types\/post"}],"author":[{"embeddable":true,"href":"https:\/\/maxradio923.com.ar\/index.php\/wp-json\/wp\/v2\/users\/2"}],"replies":[{"embeddable":true,"href":"https:\/\/maxradio923.com.ar\/index.php\/wp-json\/wp\/v2\/comments?post=11363"}],"version-history":[{"count":0,"href":"https:\/\/maxradio923.com.ar\/index.php\/wp-json\/wp\/v2\/posts\/11363\/revisions"}],"wp:featuredmedia":[{"embeddable":true,"href":"https:\/\/maxradio923.com.ar\/index.php\/wp-json\/wp\/v2\/media\/11364"}],"wp:attachment":[{"href":"https:\/\/maxradio923.com.ar\/index.php\/wp-json\/wp\/v2\/media?parent=11363"}],"wp:term":[{"taxonomy":"category","embeddable":true,"href":"https:\/\/maxradio923.com.ar\/index.php\/wp-json\/wp\/v2\/categories?post=11363"},{"taxonomy":"post_tag","embeddable":true,"href":"https:\/\/maxradio923.com.ar\/index.php\/wp-json\/wp\/v2\/tags?post=11363"}],"curies":[{"name":"wp","href":"https:\/\/api.w.org\/{rel}","templated":true}]}}