{"id":11239,"date":"2023-11-09T13:05:35","date_gmt":"2023-11-09T16:05:35","guid":{"rendered":"https:\/\/maxradio923.com\/index.php\/2023\/11\/09\/balearon-en-el-rostro-al-politico-espanol-vidal-quadras-fundador-de-vox-y-ex-presidente-catalan-del-conservador-partido-popular\/"},"modified":"2023-11-09T13:05:35","modified_gmt":"2023-11-09T16:05:35","slug":"balearon-en-el-rostro-al-politico-espanol-vidal-quadras-fundador-de-vox-y-ex-presidente-catalan-del-conservador-partido-popular","status":"publish","type":"post","link":"https:\/\/maxradio923.com.ar\/index.php\/2023\/11\/09\/balearon-en-el-rostro-al-politico-espanol-vidal-quadras-fundador-de-vox-y-ex-presidente-catalan-del-conservador-partido-popular\/","title":{"rendered":"Balearon en el rostro al pol\u00edtico espa\u00f1ol Vidal-Quadras, fundador de Vox y ex presidente catal\u00e1n del conservador Partido Popular"},"content":{"rendered":"<p>Balearon en el rostro al pol\u00edtico espa\u00f1ol Vidal-Quadras, fundador de Vox y ex presidente catal\u00e1n del conservador Partido Popular <\/p>\n<p>El pol\u00edtico espa\u00f1ol <strong>Alejo Vidal-Quadras<\/strong>, fundador de Vox y referente del <strong>Partido Popular (PP)<\/strong>, fue baleado en el rostro en una calle de Madrid. Debi\u00f3 ser hospitalizado de urgencia y se encuentra estable.<\/p>\n<p>Vidal-Quadras, de 78 a\u00f1os, presidi\u00f3 el partido conservador en la regi\u00f3n espa\u00f1ola de Catalu\u00f1a en la d\u00e9cada de 1990 y luego fue eurodiputado hasta 2014, tras lo que pas\u00f3 brevemente por el partido espa\u00f1ol de extrema derecha Vox.<\/p>\n<p>Fuentes policiales confirmaron que Vidal Cuadras recibi\u00f3 <strong>un disparo en la cara<\/strong> hacia las 13:30 hora local (12:30 GMT) en la c\u00e9ntrica calle N\u00fa\u00f1ez de Balboa de la capital de Espa\u00f1a.<\/p>\n<p>  La investigaci\u00f3n corre a cargo de una unidad de homicidios y por el momento no hay detenidos, indicaron estas fuentes. <\/p>\n<p>El servicio de emergencias Samur-Protecci\u00f3n Civil inform\u00f3 por su parte de que el herido <strong>estaba consciente y fue trasladado al Hospital Gregorio Mara\u00f1\u00f3n de Madrid<\/strong>, mientras que la Polic\u00eda local acordon\u00f3 la zona.<\/p>\n<p><img decoding=\"async\" alt=\"Alejo Vidal-Quadras, en una foto de 2009. Foto: AP\" src=\"https:\/\/www.clarin.com\/img\/2023\/11\/09\/3WiHptbuf_720x0__1.jpg\"\/>Alejo Vidal-Quadras, en una foto de 2009. Foto: AP<\/p>\n<p>La lesi\u00f3n por el disparo est\u00e1 situada <strong>en la zona de la mand\u00edbula<\/strong>: tiene orificio de entrada y salida, seg\u00fan consignaron m\u00e9dicos del lugar. &quot;El pol\u00edtico se encuentra estable, dentro de la gravedad, y <strong>no se teme por su vida<\/strong>&quot;, agregaron a trav\u00e9s de un comunicado.<\/p>\n<p>Seg\u00fan public\u00f3 el diario <em>El Mundo<\/em>, <strong>los agresores fueron dos que viajaban en una moto Yamaha negra<\/strong>. Testigos contaron que la persona que se acerc\u00f3 a Vidal-Quadras y efectu\u00f3 el disparo llevaba un casco negro y vest\u00eda una campera azul y un pantal\u00f3n de jean.<\/p>\n<p>Seg\u00fan pudieron reconstruir, el ex diputado popular caminaba solo por la calle. Y fue atacado<strong> a muy corta distancia<\/strong> cuando iba a subirse a su coche. All\u00ed, se le acerc\u00f3 uno de las dos personas que iban en moto, que por estas horas son intensamente buscados por la polic\u00eda madrile\u00f1a.<\/p>\n<p>Vidal-Quadras tuvo un notable protagonismo en la pol\u00edtica espa\u00f1ola, no solo la catalana, hasta que tras un desacuerdo con el pacto de los conservadores con nacionalistas catalanes para gobernar en Espa\u00f1a hizo que pasara a Bruselas, donde adem\u00e1s de eurodiputado fue vicepresidente de la Euroc\u00e1mara entre 1999 y 2014.<\/p>\n<p>Ese \u00faltimo a\u00f1o abandon\u00f3 el PP, tras treinta a\u00f1os como afiliado al partido, al alegar falta de democracia interna y desacuerdos con su directiva nacional, y se incorpor\u00f3 al ultraderechista Vox, aunque solo estuvo un a\u00f1o entre diferencias tambi\u00e9n con la direcci\u00f3n de esta formaci\u00f3n.<\/p>\n<h2>El repudio de Vox<\/h2>\n<p>Tras conocerse la noticia del atentado, Santiago Abascal, l\u00edder de Vox repudi\u00f3 el ataque Alejo Vidal-Quadras, se mostr\u00f3 <strong>&quot;conmocionado&quot; por &quot;el intento de asesinato&quot; <\/strong>y carg\u00f3 contra el gobierno espa\u00f1ol: &quot;Espero que no amnist\u00eden a los responsables&quot;, dijo.<\/p>\n<p>A trav\u00e9s de un video, Abascal acus\u00f3 al gobierno de estar sostenido por partidos pol\u00edticos que &quot;estan del lado del terrorismo&quot; y confirm\u00f3 que el pol\u00edtico atacado &quot;gracias a Dios, est\u00e1 fuera de peligro&quot;. <\/p>\n<p><em>Con informci\u00f3n de EFE<\/em><\/p>\n","protected":false},"excerpt":{"rendered":"<p>Balearon en el rostro al pol\u00edtico espa\u00f1ol Vidal-Quadras, fundador de Vox y ex presidente catal\u00e1n del conservador Partido Popular El pol\u00edtico espa\u00f1ol Alejo Vidal-Quadras, fundador de Vox y referente del Partido Popular (PP), fue baleado en el rostro en una calle de Madrid. Debi\u00f3 ser hospitalizado de urgencia y se encuentra estable.<br \/>\nVidal-Quadras, de 78 a\u00f1os, presidi\u00f3 el partido conservador en la regi\u00f3n espa\u00f1ola de Catalu\u00f1a en la d\u00e9cada de 1990 y luego fue eurodiputado hasta 2014, tras lo que pas\u00f3 brevemente por el partido espa\u00f1ol de extrema derecha Vox.<br \/>\nFuentes policiales confirmaron que Vidal Cuadras recibi\u00f3 un disparo en la cara hacia las 13:30 hora local (12:30 GMT) en la c\u00e9ntrica calle N\u00fa\u00f1ez de Balboa de la capital de Espa\u00f1a.<br \/>\n La investigaci\u00f3n corre a cargo de una unidad de homicidios y por el momento no hay detenidos, indicaron estas fuentes.<br \/>\nEl servicio de emergencias Samur-Protecci\u00f3n Civil inform\u00f3 por su parte de que el herido estaba consciente y fue trasladado al Hospital Grego..<\/p>\n","protected":false},"author":2,"featured_media":11240,"comment_status":"","ping_status":"","sticky":false,"template":"","format":"standard","meta":{"footnotes":""},"categories":[3],"tags":[],"_links":{"self":[{"href":"https:\/\/maxradio923.com.ar\/index.php\/wp-json\/wp\/v2\/posts\/11239"}],"collection":[{"href":"https:\/\/maxradio923.com.ar\/index.php\/wp-json\/wp\/v2\/posts"}],"about":[{"href":"https:\/\/maxradio923.com.ar\/index.php\/wp-json\/wp\/v2\/types\/post"}],"author":[{"embeddable":true,"href":"https:\/\/maxradio923.com.ar\/index.php\/wp-json\/wp\/v2\/users\/2"}],"replies":[{"embeddable":true,"href":"https:\/\/maxradio923.com.ar\/index.php\/wp-json\/wp\/v2\/comments?post=11239"}],"version-history":[{"count":0,"href":"https:\/\/maxradio923.com.ar\/index.php\/wp-json\/wp\/v2\/posts\/11239\/revisions"}],"wp:featuredmedia":[{"embeddable":true,"href":"https:\/\/maxradio923.com.ar\/index.php\/wp-json\/wp\/v2\/media\/11240"}],"wp:attachment":[{"href":"https:\/\/maxradio923.com.ar\/index.php\/wp-json\/wp\/v2\/media?parent=11239"}],"wp:term":[{"taxonomy":"category","embeddable":true,"href":"https:\/\/maxradio923.com.ar\/index.php\/wp-json\/wp\/v2\/categories?post=11239"},{"taxonomy":"post_tag","embeddable":true,"href":"https:\/\/maxradio923.com.ar\/index.php\/wp-json\/wp\/v2\/tags?post=11239"}],"curies":[{"name":"wp","href":"https:\/\/api.w.org\/{rel}","templated":true}]}}