{"id":1123,"date":"2023-08-31T04:45:29","date_gmt":"2023-08-31T02:45:29","guid":{"rendered":"https:\/\/maxradio923.com\/index.php\/2023\/08\/31\/patricia-bullrich-se-reunio-a-solas-con-mauricio-macri\/"},"modified":"2023-08-31T13:24:28","modified_gmt":"2023-08-31T11:24:28","slug":"patricia-bullrich-se-reunio-a-solas-con-mauricio-macri","status":"publish","type":"post","link":"https:\/\/maxradio923.com.ar\/index.php\/2023\/08\/31\/patricia-bullrich-se-reunio-a-solas-con-mauricio-macri\/","title":{"rendered":"Patricia Bullrich se reuni\u00f3 a solas con Mauricio Macri"},"content":{"rendered":"<p><img decoding=\"async\" src=\"https:\/\/diariod3.com\/inicio\/wp-content\/uploads\/2023\/08\/macri-burllich-1.jpg\"\/><\/p>\n<h2>Fue un encuentro de trabajo este mi\u00e9rcoles en el que analizaron el panorama pol\u00edtico rumbo a la elecci\u00f3n de octubre. El rol del ex presidente en los pr\u00f3ximos comicios<\/h2>\n<p>PorRobertino S\u00e1nchez Flecha<\/p>\n<p><img decoding=\"async\" src=\"https:\/\/www.infobae.com\/new-resizer\/6XgHv1Yvupo9sQ0ho3SWf_sjuRM=\/arc-anglerfish-arc2-prod-infobae\/public\/EZSDH3OWKVDGVKX4VR64IQ4XNM.jpg\" alt=\"Mauricio Macri y Patricia Bullrich se reunieron este mi\u00e9rcoles \"\/>Mauricio Macri y Patricia Bullrich se reunieron este mi\u00e9rcoles<\/p>\n<p>Patricia Bullrich se prepara para relanzar a fondo su campa\u00f1a presidencial rumbo a la elecci\u00f3n del 22 de octubre. Luego de imponerse a Horacio Rodr\u00edguez Larreta en las PASO, la candidata de JxC destin\u00f3 las \u00faltimas dos semanas a analizar en profundidad el mapa electoral, a integrar los equipos de la coalici\u00f3n y redise\u00f1ar la estrategia electoral para superar a Javier Milei y disputar un lugar en el balotaje. Previo meterse de lleno en el raid proselitista, esta ma\u00f1ana se reuni\u00f3 a solas con Mauricio Macri para analizar el panorama electoral.<\/p>\n<p>El c\u00f3nclave fue hoy a las 8 de la ma\u00f1ana. T\u00e9 de por medio, Bullrich le cont\u00f3 al l\u00edder del PRO detalles sobre la estrategia de campa\u00f1a, la integraci\u00f3n de equipos t\u00e9cnicos de JxC y el desembarco de Carlos Melconian para encabezar el debate econ\u00f3mico.<\/p>\n<p>Se trata de un encuentro de relevancia. No s\u00f3lo por el peso de Macri en JxC, sino tambi\u00e9n por la actitud pol\u00edtica que adopt\u00f3 el ex presidente antes y luego de las PASO en relaci\u00f3n con Milei. Tuvo varios gestos de coqueteo y elogio expl\u00edcito que encendieron alarmas en la coalici\u00f3n opositora. Incluso, la propia Bullrich manifest\u00f3 ante sus \u00edntimos la \u201cmolestia\u201d y \u201cpreocupaci\u00f3n\u201d por las declaraciones del ex jefe de Estado para con el l\u00edder libertario, que result\u00f3 el candidato m\u00e1s votado el 13 de agosto.<\/p>\n<p>Luego de las elecciones, Macri viaj\u00f3 y se ausent\u00f3 poco m\u00e1s de una semana del pa\u00eds. Estuvo en Marruecos abocado al Mundial de Bridge. Durante esos d\u00edas, el ex mandatario se mantuvo en contacto con Bullrich v\u00eda telef\u00f3nica. As\u00ed como tambi\u00e9n sigui\u00f3 de cerca la actividad pol\u00edtica y electoral. Y coordinaron para encontrarse tras su regreso.<\/p>\n<p>Esta tarde, Bullrich visit\u00f3 el Comit\u00e9 nacional de la Uni\u00f3n C\u00edvica Radical, invitada por Gerardo Morales, gobernador de Jujuy y presidente del partido centenario. Se reuni\u00f3 all\u00ed con los principales dirigentes boina blanca. Entre los presentes participaron dirigentes como Gustavo Vald\u00e9s, gobernador de Corrientes, Martin Lousteau, senador nacional y vicepresidente de la UCR, Gast\u00f3n Manes, presidente de la Convenci\u00f3n Nacional de la UCR, los senadores nacionales Luis Naidenoff y Carolina Losada; los diputados nacionales Mario Negri, Karina Banfi, Pamela Verasay, Soledad Carrizo.<\/p>\n<p><img decoding=\"async\" src=\"https:\/\/www.infobae.com\/new-resizer\/9wbbBFVbe4715mMAEPpTu0bezGk=\/arc-anglerfish-arc2-prod-infobae\/public\/PSE5M3LP5BAKTHQMCY5UQSM2NQ.jpeg\" alt=\"La ex ministra de Seguridad se reuni\u00f3 con dirigentes de la UCR \"\/>La ex ministra de Seguridad se reuni\u00f3 con dirigentes de la UCR<\/p>\n<p>Al finalizar el encuentro con el radicalismo, Bullrich confirm\u00f3 ante la prensa su encuentro con Macri. \u201cNos vimos hoy en una reuni\u00f3n de trabajo\u201d, revel\u00f3 la ex ministra de Seguridad y continu\u00f3: \u201cLe cont\u00e9 c\u00f3mo est\u00e1bamos en la campa\u00f1a y c\u00f3mo est\u00e1bamos organiz\u00e1ndonos\u201d. Y prefiri\u00f3 no dar m\u00e1s detalles.<\/p>\n<p>Seg\u00fan pudo saber Infobae, la reuni\u00f3n tuvo lugar esta ma\u00f1ana en la casa de Macri, en Acassuso, en el partido de San Isidro. Fue un desayuno de alrededor de una hora en el que analizaron el panorama electoral, conversaron sobre la situaci\u00f3n econ\u00f3mica y las recientes medidas econ\u00f3micas que implement\u00f3 el Gobierno.<\/p>\n<p>Bullrich desliz\u00f3 ante la prensa en el Comit\u00e9 radical que no hablaron sobre el rol que tendr\u00e1 Macri en la campa\u00f1a. No obstante, es algo que ambos conversaron. El Jefe de Estado se comprometi\u00f3 a \u201chacer todo\u201d para que la ex ministra gane la elecci\u00f3n. En el bullrichismo pretenden que el ex Presidente tome distancia pol\u00edtica de Milei en la campa\u00f1a, al tiempo que buscan que su presencia no eclipse u opaque la candidatura de la ex ministra.<\/p>\n<p>El ala de JxC cercana a Rodr\u00edguez Larreta, a la UCR y a Elisa Carri\u00f3 tambi\u00e9n ve con \u201cmucha preocupaci\u00f3n\u201d los mensajes de Macri hacia del l\u00edder de La Libertad Avanza. \u201cPatricia nos dijo que estemos tranquilos porque ya habl\u00f3 con Mauricio sobre el tema y le pidi\u00f3 que deponga esa actitud\u201d, detall\u00f3 ante este medio un dirigente de peso del radicalismo que estuvo presente en la reuni\u00f3n de esta tarde en el Comit\u00e9.<\/p>\n<p>\u201cMauricio es muy necesario, per en la distancia justa\u201d, sostuvo ante Infobae un operador pol\u00edtico que frecuenta las oficinas de campa\u00f1a de Bullrich y agreg\u00f3: \u201cMacri no va a dar ninguna se\u00f1al en favor de Milei y se mover\u00e1 para empujar a Patricia al triunfo\u201d.<\/p>\n<p>En ese sentido, en el bullrichismo toman con un \u201cgui\u00f1o\u201d de Macri hacia Bullrich haber acercado al gur\u00fa Guillermo Raffo, ligado al ex Presidente, a la mesa de campa\u00f1a de la candidata. El consultor pol\u00edtico se sumar\u00e1, y dar\u00e1 sus aportes externos, al equipo de estrategia que lidera Derek Hampton. \u201cPatricia y Mauricio coordinan todas su acciones hace mucho tiempo\u201d, se sincer\u00f3 ante Infobae uno de los dirigentes que m\u00e1s conoce a ambos.<\/p>\n<p>A poco menos de dos meses de la elecci\u00f3n general, Bullrich recalcula detalles finales de su estrategia electoral para acelerar a fondo su despliegue pol\u00edtico. En ese sentido, ma\u00f1ana en C\u00f3rdoba tendr\u00e1 lugar un evento clave que servir\u00e1 como puntapi\u00e9: la presentaci\u00f3n de Carlos Melconian como su referente econ\u00f3mico y su eventual ministro de Econom\u00eda.<\/p>\n<p>La entrada <a href=\"https:\/\/diariod3.com\/inicio\/patricia-bullrich-se-reunio-a-solas-con-mauricio-macri\/\" rel=\"noreferrer noopener\" target=\"_blank\">Patricia Bullrich se reuni\u00f3 a solas con Mauricio Macri<\/a> se public\u00f3 primero en <a href=\"https:\/\/diariod3.com\/inicio\" rel=\"noreferrer noopener\" target=\"_blank\">DIARIO D3 NOTICIAS<\/a>.<\/p>\n","protected":false},"excerpt":{"rendered":"<p>Fue un encuentro de trabajo este mi\u00e9rcoles en el que analizaron el panorama pol\u00edtico rumbo a la elecci\u00f3n de octubre. El rol del ex presidente en los pr\u00f3ximos comicios PorRobertino S\u00e1nchez Flecha Mauricio Macri y Patricia Bullrich se reunieron este mi\u00e9rcoles Patricia Bullrich se prepara para relanzar a fondo su campa\u00f1a presidencial rumbo a la [&hellip;]<\/p>\n","protected":false},"author":2,"featured_media":0,"comment_status":"closed","ping_status":"","sticky":false,"template":"","format":"standard","meta":{"footnotes":""},"categories":[12],"tags":[],"_links":{"self":[{"href":"https:\/\/maxradio923.com.ar\/index.php\/wp-json\/wp\/v2\/posts\/1123"}],"collection":[{"href":"https:\/\/maxradio923.com.ar\/index.php\/wp-json\/wp\/v2\/posts"}],"about":[{"href":"https:\/\/maxradio923.com.ar\/index.php\/wp-json\/wp\/v2\/types\/post"}],"author":[{"embeddable":true,"href":"https:\/\/maxradio923.com.ar\/index.php\/wp-json\/wp\/v2\/users\/2"}],"replies":[{"embeddable":true,"href":"https:\/\/maxradio923.com.ar\/index.php\/wp-json\/wp\/v2\/comments?post=1123"}],"version-history":[{"count":0,"href":"https:\/\/maxradio923.com.ar\/index.php\/wp-json\/wp\/v2\/posts\/1123\/revisions"}],"wp:attachment":[{"href":"https:\/\/maxradio923.com.ar\/index.php\/wp-json\/wp\/v2\/media?parent=1123"}],"wp:term":[{"taxonomy":"category","embeddable":true,"href":"https:\/\/maxradio923.com.ar\/index.php\/wp-json\/wp\/v2\/categories?post=1123"},{"taxonomy":"post_tag","embeddable":true,"href":"https:\/\/maxradio923.com.ar\/index.php\/wp-json\/wp\/v2\/tags?post=1123"}],"curies":[{"name":"wp","href":"https:\/\/api.w.org\/{rel}","templated":true}]}}