{"id":11196,"date":"2023-11-09T07:24:02","date_gmt":"2023-11-09T10:24:02","guid":{"rendered":"https:\/\/maxradio923.com\/index.php\/2023\/11\/09\/el-momento-en-que-victoria-villarruel-le-enrostro-a-agustin-rossi-el-historial-de-escandalos-del-kirchnerismo\/"},"modified":"2023-11-09T07:24:02","modified_gmt":"2023-11-09T10:24:02","slug":"el-momento-en-que-victoria-villarruel-le-enrostro-a-agustin-rossi-el-historial-de-escandalos-del-kirchnerismo","status":"publish","type":"post","link":"https:\/\/maxradio923.com.ar\/index.php\/2023\/11\/09\/el-momento-en-que-victoria-villarruel-le-enrostro-a-agustin-rossi-el-historial-de-escandalos-del-kirchnerismo\/","title":{"rendered":"El momento en que Victoria Villarruel le enrostr\u00f3 a Agust\u00edn Rossi el historial de esc\u00e1ndalos del kirchnerismo"},"content":{"rendered":"<p>El momento en que Victoria Villarruel le enrostr\u00f3 a Agust\u00edn Rossi el historial de esc\u00e1ndalos del kirchnerismo<\/p>\n<p>Uno de los momentos reveladores del caliente y tenso debate de este mi\u00e9rcoles entre los candidatos a vicepresidente de <strong>Uni\u00f3n por la Patria<\/strong> y <strong>La Libertad Avanza<\/strong> fue cuando <strong>Victoria Villarruel <\/strong>le enrostr\u00f3 a <strong>Agust\u00edn Rossi <\/strong>el <strong>historial de esc\u00e1ndalos del kirchnerismo<\/strong>.<\/p>\n<p>Ocurri\u00f3 durante el eje tem\u00e1tico sobre <strong>Justicia, Derechos Humanos y Transparencia<\/strong>. La compa\u00f1era de f\u00f3rmula de <strong>Javier Milei<\/strong> aprovech\u00f3 <strong>sus dos minuto<\/strong>s para asegurarse de poder nombrar sin interrupciones una<strong> lista muy completa de esc\u00e1ndalos del oficialismo<\/strong>, principalmente ligados con la <strong>corrupci\u00f3n<\/strong>.<\/p>\n<p>&quot;Para el <strong>kirchnerismo<\/strong>, Justicia, Derechos Humanos y Transparencia es la <strong>muerte del fiscal Nisman<\/strong>, <strong>los bolsos llenos de d\u00f3lares de L\u00f3pez, el vacunatorio vip, Insaurralde y su yate<\/strong>, la AFI (Agencia Federal de Inteligencia) paralela de Rossi y compa\u00f1\u00eda&quot;, comenz\u00f3. <\/p>\n<p>Y durante los 120 segundos que le correspond\u00edan, no par\u00f3.<strong> &quot;Despu\u00e9s contanos Rossi, \u00bfc\u00f3mo es espiar jueces?&quot;<\/strong>, remat\u00f3, al pasar contra el jefe de Gabinete de Alberto Fern\u00e1ndez y compa\u00f1ero de f\u00f3rmula de Sergio Massa.<\/p>\n<p><strong>No fue casual<\/strong>. La candidata que acompa\u00f1a a Javier Milei hizo esa referencia justo cuando repercute la controversia desatada luego de que se revelara el uso masivo de espionaje ilegal para encadenar operaciones contra los ministros de la Corte Suprema de Justicia y los magistrados que tienen o tuvieron en sus manos expedientes sensibles para la vicepresidenta, en el marco del juicio pol\u00edtico contra los integrantes del m\u00e1ximo tribunal.<\/p>\n<p>Tras esa chicana contra su rival de la lista oficialista, la dirigente de La Libertad Avanza continu\u00f3 con su enumeraci\u00f3n: &quot;Las <strong>tarjetas de d\u00e9bito de Chocolate Rigau<\/strong> y del concejal de (Sergio) Massa, la <strong>tragedia del tren de Once<\/strong> y las coimas de (Ricardo) Jaime, <strong>Emerenciano Sena<\/strong> en el Chaco, el <strong>pacto con Ir\u00e1n<\/strong>, las <strong>fiestas en Olivos<\/strong> mientras todos nosotros est\u00e1bamos encerrados&quot;.<\/p>\n<p>&quot;Los juicios por la<strong> expropiaci\u00f3n de YPF<\/strong> que, gracias a Axel Kicillof, nos van a costar 16 mil millones de d\u00f3lares; Sue\u00f1os Compartidos, el <strong>curro de tu amiga Hebe de Bonafini<\/strong>; el Plan Cunita; la <strong>causa de los Cuadernos<\/strong>; <strong>An\u00edbal Fern\u00e1ndez y la efedrina<\/strong>&quot;, agreg\u00f3.<\/p>\n<p>Acto seguido, hizo referencia &quot;al d\u00f3lar futuro&quot;, a &quot;<strong>Milagro Sala<\/strong> en Jujuy&quot; y a &quot;<strong>los sobreprecios de AySA en la compra de camionetas Kangoo<\/strong>&quot;. &quot;Habr\u00eda que preguntarle a <strong>Malena (Galmarini)<\/strong> y a Massa qu\u00e9 pas\u00f3 con eso&quot;, arremeti\u00f3 contra la titular de esa empresa estatal, esposa del candidato kirchnerista.<\/p>\n<p>Tambi\u00e9n nombr\u00f3 &quot;la compra de barbijos con sobreprecios en plena cuarentena&quot; y habl\u00f3 de &quot;la<strong> bajeza de usar un momento cr\u00edticos para todos los argentinos para hacer negocios<\/strong>&quot;.<\/p>\n<p>&quot;La causa <strong>Hotesur y Los Sauces<\/strong>, <strong>Ciccone y (Amado) Boudou<\/strong>, la compra de viandas millonarias en el Ministerio de la Mujer, <strong>L\u00e1zaro B\u00e1ez<\/strong>, los muertos de las inundaciones en La Plata&quot;, sigui\u00f3 Villarruel, en un raid sin respiro.<\/p>\n<h2>Rossi, imp\u00e1vido ante la lista de esc\u00e1ndalos K, habl\u00f3 del medio ambiente<\/h2>\n<p>Por \u00faltimo, y pocas veces pispando alg\u00fan apunte, cerr\u00f3: &quot;Todo esto nos lleva a preguntarnos como argentinos: <strong>\u00bfcontinuidad o cambio?<\/strong>&quot;. El postulado como vice del kirchnerismo apenas si aport\u00f3 alguna mueca ante la arremetida de Villarruel.<\/p>\n<p><img decoding=\"async\" alt=\"Agust\u00edn Rossi, en el debate, con la inc\u00f3moda tarea de defender al Gobierno. Foto Luis Robayo \/ AFP\" src=\"https:\/\/www.clarin.com\/img\/2023\/11\/09\/Qxpi1SSYP_720x0__1.jpg\"\/>Agust\u00edn Rossi, en el debate, con la inc\u00f3moda tarea de defender al Gobierno. Foto Luis Robayo \/ AFP<\/p>\n<p>Segundos despu\u00e9s, Rossi comenz\u00f3 con sus dos minutos. Lejos hacer alg\u00fan comentario de alguna de todas esas acusaciones, se meti\u00f3 de lleno en otro tema: el medio ambiente. &quot;Una de las preocupaciones m\u00e1s importantes que tienen todos los l\u00edderes del mundo es la cuesti\u00f3n ambiental&quot;, dijo el compa\u00f1ero de f\u00f3rmula de Massa, dejando un tendal de inc\u00f3gnitas.<\/p>\n<p><em>DS<\/em><\/p>\n","protected":false},"excerpt":{"rendered":"<p>El momento en que Victoria Villarruel le enrostr\u00f3 a Agust\u00edn Rossi el historial de esc\u00e1ndalos del kirchnerismoUno de los momentos reveladores del caliente y tenso debate de este mi\u00e9rcoles entre los candidatos a vicepresidente de Uni\u00f3n por la Patria y La Libertad Avanza fue cuando Victoria Villarruel le enrostr\u00f3 a Agust\u00edn Rossi el historial de esc\u00e1ndalos del kirchnerismo.<br \/>\nOcurri\u00f3 durante el eje tem\u00e1tico sobre Justicia, Derechos Humanos y Transparencia. La compa\u00f1era de f\u00f3rmula de Javier Milei aprovech\u00f3 sus dos minutos para asegurarse de poder nombrar sin interrupciones una lista muy completa de esc\u00e1ndalos del oficialismo, principalmente ligados con la corrupci\u00f3n.<br \/>\n&#8220;Para el kirchnerismo, Justicia, Derechos Humanos y Transparencia es la muerte del fiscal Nisman, los bolsos llenos de d\u00f3lares de L\u00f3pez, el vacunatorio vip, Insaurralde y su yate, la AFI (Agencia Federal de Inteligencia) paralela de Rossi y compa\u00f1\u00eda&#8221;, comenz\u00f3.<br \/>\nY durante los 120 segundos que le correspond\u00edan, no par\u00f3. &#8220;Despu\u00e9s co..<\/p>\n","protected":false},"author":2,"featured_media":11197,"comment_status":"","ping_status":"","sticky":false,"template":"","format":"standard","meta":{"footnotes":""},"categories":[7],"tags":[],"_links":{"self":[{"href":"https:\/\/maxradio923.com.ar\/index.php\/wp-json\/wp\/v2\/posts\/11196"}],"collection":[{"href":"https:\/\/maxradio923.com.ar\/index.php\/wp-json\/wp\/v2\/posts"}],"about":[{"href":"https:\/\/maxradio923.com.ar\/index.php\/wp-json\/wp\/v2\/types\/post"}],"author":[{"embeddable":true,"href":"https:\/\/maxradio923.com.ar\/index.php\/wp-json\/wp\/v2\/users\/2"}],"replies":[{"embeddable":true,"href":"https:\/\/maxradio923.com.ar\/index.php\/wp-json\/wp\/v2\/comments?post=11196"}],"version-history":[{"count":0,"href":"https:\/\/maxradio923.com.ar\/index.php\/wp-json\/wp\/v2\/posts\/11196\/revisions"}],"wp:featuredmedia":[{"embeddable":true,"href":"https:\/\/maxradio923.com.ar\/index.php\/wp-json\/wp\/v2\/media\/11197"}],"wp:attachment":[{"href":"https:\/\/maxradio923.com.ar\/index.php\/wp-json\/wp\/v2\/media?parent=11196"}],"wp:term":[{"taxonomy":"category","embeddable":true,"href":"https:\/\/maxradio923.com.ar\/index.php\/wp-json\/wp\/v2\/categories?post=11196"},{"taxonomy":"post_tag","embeddable":true,"href":"https:\/\/maxradio923.com.ar\/index.php\/wp-json\/wp\/v2\/tags?post=11196"}],"curies":[{"name":"wp","href":"https:\/\/api.w.org\/{rel}","templated":true}]}}