{"id":11190,"date":"2023-11-09T05:14:05","date_gmt":"2023-11-09T08:14:05","guid":{"rendered":"https:\/\/maxradio923.com\/index.php\/2023\/11\/09\/continuamos-o-no-dudas-quejas-y-confusiones-de-victoria-villarruel-y-agustin-rossi-ante-el-formato-del-debate\/"},"modified":"2023-11-09T05:14:05","modified_gmt":"2023-11-09T08:14:05","slug":"continuamos-o-no-dudas-quejas-y-confusiones-de-victoria-villarruel-y-agustin-rossi-ante-el-formato-del-debate","status":"publish","type":"post","link":"https:\/\/maxradio923.com.ar\/index.php\/2023\/11\/09\/continuamos-o-no-dudas-quejas-y-confusiones-de-victoria-villarruel-y-agustin-rossi-ante-el-formato-del-debate\/","title":{"rendered":"&#8220;\u00bfContinuamos o no?&#8221;: dudas, quejas y confusiones de Victoria Villarruel y Agust\u00edn Rossi ante el formato del debate"},"content":{"rendered":"<p>&quot;\u00bfContinuamos o no?&quot;: dudas, quejas y confusiones de Victoria Villarruel y Agust\u00edn Rossi ante el formato del debate  <\/p>\n<p><strong>Victoria Villarruel<\/strong> y <strong>Agust\u00edn Rossi<\/strong> protagonizaron en la noche de este mi\u00e9rcoles un debate televisivo tenso. Los respectivos compa\u00f1eros de f\u00f3rmula de <strong>Javier Milei<\/strong> y <strong>Sergio Massa <\/strong>hablaron muchas veces en simult\u00e1neo, sin escucharse, buscando imponer su idea por encima de la del otro y superponiendo sus voces. Y al mismo, desconocieron que parte del formato propuesto desde la producci\u00f3n de TN que ellos aprobaron implicaba esa l\u00f3gica. <\/p>\n<p>En ese escenario, se dio pie a momentos de <strong>dudas, quejas y confusiones<\/strong>, que tuvieron que ser evacuadas por los moderadores, los periodistas Marcelo Bonelli y Edgardo Alfano.<\/p>\n<p>La primera de esas situaciones se dio en los primeros instantes del programa, cuando el tema a tratar, formalmente, era \u201cEconom\u00eda y Trabajo\u201d, pero<strong> la discusi\u00f3n hab\u00eda oscilado <\/strong>hacia las relaciones exteriores del actual Gobierno y a las que podr\u00eda ejecutar una eventual gesti\u00f3n conducida por La Libertad Avanza.<\/p>\n<p>&quot;Bueeeeeeenoooo, bueeeeeenoooo&#8230; si cada vez que voy a hablar me van a interrumpir&#8230;&quot;, comenz\u00f3 a reprochar Rossi ante los conductores.<\/p>\n<p>\u201c<strong>Vamos a extender un poquito, resp\u00e9tense<\/strong>\u201d, aclar\u00f3 Bonelli, luego de una enf\u00e1tica intervenci\u00f3n de Villarruel. \u201cSimplemente <strong>quisiera que no me interrumpan<\/strong> cuando estoy hablando\u201d, se quej\u00f3 el candidato de Uni\u00f3n por la Patria, que pensaba tener la palabra cuando<strong> era un tiempo de debate libre<\/strong>.<\/p>\n<p>La libertaria, con el tono decidido que mantuvo durante toda la velada, le espet\u00f3: \u201cBueno es un debate, Rossi. <strong>Si viniste a un mon\u00f3logo, lo siento<\/strong>\u201d. Rossi, que busc\u00f3 mostrarse sereno en todo momento, respondi\u00f3: \u201cNo quiero monologar, simplemente <strong>no quiero que ocupes todo<\/strong> el tiempo\u201d.<\/p>\n<p>\u201cEs un debate\u201d, insisti\u00f3 Villarruel, quien al finalizar la cita se permiti\u00f3 ironizar con la postura que adopt\u00f3 su rival al decir que \u201cle tiraron un <strong>dardo tranquilizante<\/strong> para que no se exaltara&quot;. \u201cYa s\u00e9 que es un debate, no s\u00e9 qu\u00e9 me dec\u00eds\u201d, dijo Rossi, encogiendo los hombros y con sus palmas hacia adelante.<\/p>\n<p>Bonelli le puso fin a la cuesti\u00f3n. \u201c<strong>A ver, 30 segundos a cada uno para cerrar<\/strong>\u201d, indic\u00f3. Minutos despu\u00e9s, el conductor debi\u00f3 volver a intervenir y remarcar que \u201cla \u00fanica regla es q<strong>ue se respeten<\/strong>\u201d. El clima era denso y las quejas aumentaban <strong>frente y detr\u00e1s de c\u00e1mara<\/strong>.<\/p>\n<p>No fue suficiente. Siguieron en discusi\u00f3n y lleg\u00f3 la queja entonces, de la candidata libertaria. &quot;Est\u00e1<strong> dif\u00edcil tambi\u00e9n que \u00e9l (por Rossi) retruque&#8230;<\/strong>&quot;, desliz\u00f3 Villarruel cuando el candidato oficialista le plante\u00f3 que explique c\u00f3mo generar puestos de trabajo sobre el filo de los tiempos cumplidos. <\/p>\n<p>Decisi\u00f3n salom\u00f3nica de los conductores: llamaron a los asesores para que ingresen a asistir a los candidatos y cambio de tema.<\/p>\n<p>M\u00e1s tarde lleg\u00f3 el turno del segmento donde debatieron libremente sobre \u201cJusticia, Derechos Humanos y Transparencia\u201d. All\u00ed Rossi y Villarruel continuaron con las acusaciones cruzadas en un tono m\u00e1s en\u00e9rgico. El oficialista, adem\u00e1s, como en el debate anterior a las elecciones generales, fallaba en <strong>condensar un cierre para sus ideas<\/strong> en los tiempos acordados.<\/p>\n<h2>El silencio inc\u00f3modo en el debate de TN y un remate c\u00f3mplice<\/h2>\n<p>\u201c<strong>\u00bfSe pueden escuchar?<\/strong>\u201d, solicit\u00f3 Bonelli luego de que Villarruel acusara a Rossi de \u201cvender humo\u201d y recibiera como respuesta que hab\u00eda \u201creivindicado la dictadura\u201d. Eran momentos que<strong> las voces de ambos candidatos coincid\u00edan en tiempo y espacio<\/strong>.<\/p>\n<p>\u201cLe pido a los dos que se respeten porque si no,<strong> no se entiende<\/strong>.<strong> Por favor<\/strong>\u201d, se quej\u00f3 el moderador.<\/p>\n<p>Un <strong>silencio inc\u00f3modo<\/strong> invadi\u00f3 entonces el estudio de TN donde se llev\u00f3 a cabo el debate. \u201cAdelante, <strong>contin\u00faen<\/strong>\u201d, pidieron Edgardo Alfano y Bonelli.<\/p>\n<p>Fue entonces que Villarruel, con una sonrisa sobre su rostro, pregunt\u00f3: <strong>&quot;Bueno, \u00bfcontinuamos o no?&quot;<\/strong>. La interrupci\u00f3n hab\u00eda dejado en evidencia que los candidatos ya estaban mareados con los cambios que propon\u00eda el formato que, si bien hab\u00eda sido aprobado por las partes en la previa, era m\u00e1s vertiginoso para seguir durante el vivo.<\/p>\n<p>Tras recibir la respuesta afirmativa, la candidata libertaria justific\u00f3 la actitud de ambos. \u201c<strong>Est\u00e1bamos enfervorizados\u201d<\/strong>, argument\u00f3, tal vez en el \u00fanico momento del debate en el que se mostr\u00f3 amable y c\u00f3mplice con su rival Rossi.<\/p>\n<p>\u201cResp\u00e9tense entre ustedes\u201d, pidi\u00f3 Bonelli por en\u00e9sima vez. Y le dio paso a la postulante de La Libertad Avanza para continuar con su exposici\u00f3n en una noche tensa.<\/p>\n<p><em>ES\/DS<\/em><\/p>\n","protected":false},"excerpt":{"rendered":"<p>&#8220;\u00bfContinuamos o no?&#8221;: dudas, quejas y confusiones de Victoria Villarruel y Agust\u00edn Rossi ante el formato del debate Victoria Villarruel y Agust\u00edn Rossi protagonizaron en la noche de este mi\u00e9rcoles un debate televisivo tenso. Los respectivos compa\u00f1eros de f\u00f3rmula de Javier Milei y Sergio Massa hablaron muchas veces en simult\u00e1neo, sin escucharse, buscando imponer su idea por encima de la del otro y superponiendo sus voces. Y al mismo, desconocieron que parte del formato propuesto desde la producci\u00f3n de TN que ellos aprobaron implicaba esa l\u00f3gica.<br \/>\nEn ese escenario, se dio pie a momentos de dudas, quejas y confusiones, que tuvieron que ser evacuadas por los moderadores, los periodistas Marcelo Bonelli y Edgardo Alfano.<br \/>\nLa primera de esas situaciones se dio en los primeros instantes del programa, cuando el tema a tratar, formalmente, era \u201cEconom\u00eda y Trabajo\u201d, pero la discusi\u00f3n hab\u00eda oscilado hacia las relaciones exteriores del actual Gobierno y a las que podr\u00eda ejecutar una eventual gesti\u00f3..<\/p>\n","protected":false},"author":2,"featured_media":11191,"comment_status":"","ping_status":"","sticky":false,"template":"","format":"standard","meta":{"footnotes":""},"categories":[7],"tags":[],"_links":{"self":[{"href":"https:\/\/maxradio923.com.ar\/index.php\/wp-json\/wp\/v2\/posts\/11190"}],"collection":[{"href":"https:\/\/maxradio923.com.ar\/index.php\/wp-json\/wp\/v2\/posts"}],"about":[{"href":"https:\/\/maxradio923.com.ar\/index.php\/wp-json\/wp\/v2\/types\/post"}],"author":[{"embeddable":true,"href":"https:\/\/maxradio923.com.ar\/index.php\/wp-json\/wp\/v2\/users\/2"}],"replies":[{"embeddable":true,"href":"https:\/\/maxradio923.com.ar\/index.php\/wp-json\/wp\/v2\/comments?post=11190"}],"version-history":[{"count":0,"href":"https:\/\/maxradio923.com.ar\/index.php\/wp-json\/wp\/v2\/posts\/11190\/revisions"}],"wp:featuredmedia":[{"embeddable":true,"href":"https:\/\/maxradio923.com.ar\/index.php\/wp-json\/wp\/v2\/media\/11191"}],"wp:attachment":[{"href":"https:\/\/maxradio923.com.ar\/index.php\/wp-json\/wp\/v2\/media?parent=11190"}],"wp:term":[{"taxonomy":"category","embeddable":true,"href":"https:\/\/maxradio923.com.ar\/index.php\/wp-json\/wp\/v2\/categories?post=11190"},{"taxonomy":"post_tag","embeddable":true,"href":"https:\/\/maxradio923.com.ar\/index.php\/wp-json\/wp\/v2\/tags?post=11190"}],"curies":[{"name":"wp","href":"https:\/\/api.w.org\/{rel}","templated":true}]}}