{"id":11177,"date":"2023-11-09T03:04:14","date_gmt":"2023-11-09T06:04:14","guid":{"rendered":"https:\/\/maxradio923.com\/index.php\/2023\/11\/09\/lo-mas-picante-de-agustin-rossi-en-el-debate-con-victoria-villarruel-simbiosis-violenta-caranchear-muertes-salir-del-billiken-y-quere-a-tu-pais\/"},"modified":"2023-11-09T03:04:14","modified_gmt":"2023-11-09T06:04:14","slug":"lo-mas-picante-de-agustin-rossi-en-el-debate-con-victoria-villarruel-simbiosis-violenta-caranchear-muertes-salir-del-billiken-y-quere-a-tu-pais","status":"publish","type":"post","link":"https:\/\/maxradio923.com.ar\/index.php\/2023\/11\/09\/lo-mas-picante-de-agustin-rossi-en-el-debate-con-victoria-villarruel-simbiosis-violenta-caranchear-muertes-salir-del-billiken-y-quere-a-tu-pais\/","title":{"rendered":"Lo m\u00e1s picante de Agust\u00edn Rossi en el debate con Victoria Villarruel: &#8220;simbiosis violenta&#8221;, &#8220;caranchear muertes&#8221;, &#8220;salir del Billiken&#8221; y &#8220;quer\u00e9 a tu pa\u00eds&#8221;"},"content":{"rendered":"<p>Lo m\u00e1s picante de Agust\u00edn Rossi en el debate con Victoria Villarruel: &quot;simbiosis violenta&quot;, &quot;caranchear muertes&quot;, &quot;salir del Billiken&quot; y &quot;quer\u00e9 a tu pa\u00eds&quot; <\/p>\n<p><strong>Agust\u00edn Rossi<\/strong>, candidato a vicepresidente por Uni\u00f3n por la Patria en la f\u00f3rmula que comparte con Sergio Massa, plante\u00f3 cuestionamientos hacia la dupla adversaria en el balotaje del 19 de noviembre, que integran Javier Milei y su contendiente de esta noche de mi\u00e9rcoles, Victoria Villarruel. Pero en el debate de compa\u00f1eros de f\u00f3rmula tuvo la <strong>dif\u00edcil tarea de explicar -y defender- al Gobierno que pertenece<\/strong>.<\/p>\n<p>En su presentaci\u00f3n, al comienzo del programa especial que organiz\u00f3 y produjo la se\u00f1al TN, el actual jefe de Gabinete record\u00f3 que en las generales del 22 de octubre &quot;<strong>los argentinos le dijeron no a la motosierra<\/strong>, a la libre circulaci\u00f3n de armas y a la venta de \u00f3rganos&quot;.<\/p>\n<p>En ese momento, tuvo adem\u00e1s uno de los primeros cruces en el que discuti\u00f3 con Villarruel sobre qui\u00e9n representaba a la mayor cantidad de habitantes de acuerdo con los resultados de aquella votaci\u00f3n.<\/p>\n<p>Las interrupciones -en rigor, habilitadas en los momentos de discusi\u00f3n del formato, en las que Villarruel arremeti\u00f3 sin pausa- surgieron desde un primer momento y gener\u00f3 uno de los pocos momentos en los que <strong>Rossi no pudo controlar su calma<\/strong>, graficada por su adversaria, tras el debate, como alguien a quien &quot;le tiraron un <strong>dardo tranquilizante<\/strong>&quot; y que &quot;parec\u00eda embalsamado&quot;.<\/p>\n<p>&quot;Bueeeeeeenoooo&#8230;. bueeeeeenoooo&#8230; <strong>si cada vez que voy a hablar me van a interrumpir&#8230;<\/strong>&quot;, se quej\u00f3 ante los conductores, lo que le vali\u00f3 la filosa respuesta de la libertaria: &quot;Es un debate, Rossi&quot;. &quot;Ya s\u00e9, ya s\u00e9&#8230; <strong>\u00bfqu\u00e9 me dec\u00eds?<\/strong>&quot;, respondi\u00f3 en voz baja.<\/p>\n<p>Luego, con un tono calmo de regreso, ante el reproche de Massa y su nuevo v\u00ednculo con el kirchnerismo y La C\u00e1mpora que Villarruel subi\u00f3 al ring del debate al recordar que el candidato presidencial hab\u00eda dicho que iba a <strong>&quot;terminar con \u00f1oquis&quot;<\/strong> de la agrupaci\u00f3n, Rossi atin\u00f3 a una breve respuesta, casi para salir del paso: &quot;Lo dije <strong>hace mucho tiempo, prescribi\u00f3<\/strong>&quot;.<\/p>\n<p>Frente a frente, en uno de los tramos de preguntas y respuestas entre los candidatos, Rossi sospech\u00f3 de la respuesta de su adversaria en el pasado debate cuando dijo que se juntaba con militares involucrados en la Dictadura &quot;para una investigaci\u00f3n&quot;.<\/p>\n<p>&quot;Me quedo con <strong>la sensaci\u00f3n de que quer\u00e9s la libertad de los genocidas<\/strong>&quot;, respondi\u00f3 Rossi a las justificaciones de la referente de La Libertad Avanza y sus evasivas a una pregunta puntual sobre los militares condenados por delitos de lesa humanidad.<\/p>\n<p>Cuando le toc\u00f3 a Rossi exponer sobre Derechos Humanos, acudi\u00f3 a la gestualidad para sentar posici\u00f3n, al mirar y se\u00f1alarla para sentar posici\u00f3n sobre lo ocurrido entre el &#039;76 y el &#039;83: &quot;<strong>No fue una guerra, no hubo excesos<\/strong>&quot;, dijo adem\u00e1s de se\u00f1alarle que Milei tuvo un discurso &quot;como el de Massera en el Juicio a las Juntas&quot;. A ello, Villarruel le retruc\u00f3 con una catarata de esc\u00e1ndalos kirchneristas que Rossi dej\u00f3 pasar.<\/p>\n<p>En otro tramo, el candidato oficialista, ex jefe de la bancada de Diputados del kirchnerismo ,fue cuando expuso las contradicciones sobre la intenci\u00f3n de venta o no de YPF y Vaca Muerta: &quot;\u00bfPor qu\u00e9 la quieren vender? \u00bf<strong>Y Vaca Muerta?<\/strong> \u00bfVan a intervenir las provincias?&quot;, indag\u00f3, a lo que Villarruel respondi\u00f3 que no.<\/p>\n<p>&quot;Entonces <strong>decile que deje de mentir<\/strong>&quot;, replic\u00f3 el candidato a vicepresidente en mensaje para Milei.<\/p>\n<p>&quot;Ten\u00e9s un candidato a presidente que <strong>admira a Thatcher<\/strong>&quot;, le espet\u00f3 en otro momento del debate, con la calma que, seg\u00fan la misma Villarruel, no hab\u00eda mostrado antes. De hecho, le adjudic\u00f3 el nerviosismo a ella.<\/p>\n<p>&quot;Se nota que <strong>est\u00e1 nerviosa<\/strong>, voy a intentar hablar nuevamente, Malvinas es importante, no pod\u00e9s decir que vas a tener una canciller que va a ir a hablar con los isle\u00f1os. Ten\u00e9s un candidato a presidente que dice que admita a Thatcher&quot;, dijo Rossi. Su rival dijo que la aludida, Diana <strong>Mondino, no asumi\u00f3 a\u00fan ning\u00fan cargo<\/strong>.<\/p>\n<p><img decoding=\"async\" alt=\"Agust\u00edn Rossi versus Victoria Villarruel, en el debate de vicepresidentes. Foto Luis Robayo \/ AFP\" src=\"https:\/\/www.clarin.com\/img\/2023\/11\/09\/y6lx0KQri_720x0__1.jpg\"\/>Agust\u00edn Rossi versus Victoria Villarruel, en el debate de vicepresidentes. Foto Luis Robayo \/ AFP<\/p>\n<p>En los cruces libres sobre seguridad y defensa, Rossi se mostr\u00f3 sorprendido con los ejemplos que dio Villarruel, en especial con el accidente de militares en un veh\u00edculo. All\u00ed dej\u00f3 una de sus frases m\u00e1s filosas.<\/p>\n<p>&quot;La verdad es que s\u00e9 que tengo un mont\u00f3n de diferencias pero <strong>nunca pens\u00e9 que ibas a caranchear muertes<\/strong> de soldados y militares. Lo que dijiste es mentira. Caranche\u00f3 la muerte de militares que tuvieron un accidente y hay una investigaci\u00f3n al respecto&quot;, dijo.<\/p>\n<p>Pero Rossi no dej\u00f3 pasar una nueva oportunidad para mostrar a Villarruel y a su candidato a presidente como &quot;violentos&quot;.<\/p>\n<p>&quot;Villarruel se pone <strong>enojada, violenta, la simbiosis con Milei <\/strong>parece que cada vez le penetra m\u00e1s porque Milei tiene bastante violencia en su intenci\u00f3n discursiva&quot;, le critic\u00f3.<\/p>\n<h2>Rossi marc\u00f3 las contradicciones sobre Bullrich y tir\u00f3 un gui\u00f1o a los militantes de Carri\u00f3<\/h2>\n<p>Insistente sobre cuestiones vinculadas al temperamento y a las actitudes de su adversaria, Rossi critic\u00f3 la alianza libertaria con <strong>Patricia Bullrich y Mauricio Macri<\/strong> anunciada post resultados del 22 de octubre.<\/p>\n<p><img decoding=\"async\" alt=\"Agust\u00edn Rossi, con asesores del debate de vices en TN. Foto Luis Robayo \/ AFP\" src=\"https:\/\/www.clarin.com\/img\/2023\/11\/09\/PZOL0_xoC_720x0__1.jpg\"\/>Agust\u00edn Rossi, con asesores del debate de vices en TN. Foto Luis Robayo \/ AFP<\/p>\n<p>Con intenci\u00f3n de buscar votos de Juntos por el Cambio, Rossi lanz\u00f3 un gui\u00f1o a los votantes de Elisa Carri\u00f3 con una menci\u00f3n a la dirigente. Lo dijo al hablar de un proyecto presentado para el reequipamiento de las Fuerzas Armadas y record\u00f3 &quot;<strong>la especial colaboraci\u00f3n de Carri\u00f3<\/strong> para permitir que esta ley se aprobase&quot;.<\/p>\n<p>&quot;El que miente es tu candidato a presidente que dijo que Bullrich es una montonera asesina pone bombas y ahora la abraza. <strong>\u00bfMent\u00eda antes o ahora?<\/strong>&quot;. Le pidi\u00f3 explicaciones a Villarruel, que no respondi\u00f3.<\/p>\n<p>Otro de sus dardos destacados fue a modo de reclamo patriotero: &quot;No s\u00e9 en qu\u00e9 pa\u00eds viv\u00eds, <strong>quer\u00e9 un poquito a la Argentina<\/strong>&quot;.<\/p>\n<p>&quot;Viv\u00eds criticando a la Argentina y pens\u00e1s que es un pa\u00eds de mierda y no lo es. Nosotros no somos el problema, en todo caso fueron los 7 a\u00f1os de la dictadura. Somos parte de la construcci\u00f3n de la Argentina&quot;, se ufan\u00f3.<\/p>\n<p>Ante la falta de propuestas de la libertaria -que, en efecto, fue m\u00e1s efectiva en la furiosa cr\u00edtica al kirchnerismo que en un planteo de ideas, &quot;Nunca explicaron el sistema de vouchers&quot;, lanz\u00f3 sobre esa vaga propuesta libertaria para la educaci\u00f3n. Rossi se permiti\u00f3 una picard\u00eda: <strong>&quot;Ten\u00e9s que salir del Billiken&quot;<\/strong>, la chicane\u00f3. Tambi\u00e9n, en un intento m\u00e1s fallido, le sugiri\u00f3 que dejara de leer los diarios. La libertaria lo tom\u00f3 como un s\u00edmbolo del kirchnerismo ante la prensa.<\/p>\n<p><em>DS<\/em><\/p>\n","protected":false},"excerpt":{"rendered":"<p>Lo m\u00e1s picante de Agust\u00edn Rossi en el debate con Victoria Villarruel: &#8220;simbiosis violenta&#8221;, &#8220;caranchear muertes&#8221;, &#8220;salir del Billiken&#8221; y &#8220;quer\u00e9 a tu pa\u00eds&#8221; Agust\u00edn Rossi, candidato a vicepresidente por Uni\u00f3n por la Patria en la f\u00f3rmula que comparte con Sergio Massa, plante\u00f3 cuestionamientos hacia la dupla adversaria en el balotaje del 19 de noviembre, que integran Javier Milei y su contendiente de esta noche de mi\u00e9rcoles, Victoria Villarruel. Pero en el debate de compa\u00f1eros de f\u00f3rmula tuvo la dif\u00edcil tarea de explicar -y defender- al Gobierno que pertenece.<br \/>\nEn su presentaci\u00f3n, al comienzo del programa especial que organiz\u00f3 y produjo la se\u00f1al TN, el actual jefe de Gabinete record\u00f3 que en las generales del 22 de octubre &#8220;los argentinos le dijeron no a la motosierra, a la libre circulaci\u00f3n de armas y a la venta de \u00f3rganos&#8221;.<br \/>\nEn ese momento, tuvo adem\u00e1s uno de los primeros cruces en el que discuti\u00f3 con Villarruel sobre qui\u00e9n representaba a la mayor cantidad de habitantes de acuerdo con los r..<\/p>\n","protected":false},"author":2,"featured_media":11178,"comment_status":"","ping_status":"","sticky":false,"template":"","format":"standard","meta":{"footnotes":""},"categories":[7],"tags":[],"_links":{"self":[{"href":"https:\/\/maxradio923.com.ar\/index.php\/wp-json\/wp\/v2\/posts\/11177"}],"collection":[{"href":"https:\/\/maxradio923.com.ar\/index.php\/wp-json\/wp\/v2\/posts"}],"about":[{"href":"https:\/\/maxradio923.com.ar\/index.php\/wp-json\/wp\/v2\/types\/post"}],"author":[{"embeddable":true,"href":"https:\/\/maxradio923.com.ar\/index.php\/wp-json\/wp\/v2\/users\/2"}],"replies":[{"embeddable":true,"href":"https:\/\/maxradio923.com.ar\/index.php\/wp-json\/wp\/v2\/comments?post=11177"}],"version-history":[{"count":0,"href":"https:\/\/maxradio923.com.ar\/index.php\/wp-json\/wp\/v2\/posts\/11177\/revisions"}],"wp:featuredmedia":[{"embeddable":true,"href":"https:\/\/maxradio923.com.ar\/index.php\/wp-json\/wp\/v2\/media\/11178"}],"wp:attachment":[{"href":"https:\/\/maxradio923.com.ar\/index.php\/wp-json\/wp\/v2\/media?parent=11177"}],"wp:term":[{"taxonomy":"category","embeddable":true,"href":"https:\/\/maxradio923.com.ar\/index.php\/wp-json\/wp\/v2\/categories?post=11177"},{"taxonomy":"post_tag","embeddable":true,"href":"https:\/\/maxradio923.com.ar\/index.php\/wp-json\/wp\/v2\/tags?post=11177"}],"curies":[{"name":"wp","href":"https:\/\/api.w.org\/{rel}","templated":true}]}}