{"id":11174,"date":"2023-11-09T00:54:46","date_gmt":"2023-11-09T03:54:46","guid":{"rendered":"https:\/\/maxradio923.com\/index.php\/2023\/11\/09\/no-te-hagas-la-madre-teresa-lo-de-massa-prescribio-y-sos-un-funcionario-serial-las-cruces-mas-picantes-entre-agustin-rossi-y-victoria-villarruel\/"},"modified":"2023-11-09T00:54:46","modified_gmt":"2023-11-09T03:54:46","slug":"no-te-hagas-la-madre-teresa-lo-de-massa-prescribio-y-sos-un-funcionario-serial-las-cruces-mas-picantes-entre-agustin-rossi-y-victoria-villarruel","status":"publish","type":"post","link":"https:\/\/maxradio923.com.ar\/index.php\/2023\/11\/09\/no-te-hagas-la-madre-teresa-lo-de-massa-prescribio-y-sos-un-funcionario-serial-las-cruces-mas-picantes-entre-agustin-rossi-y-victoria-villarruel\/","title":{"rendered":"&#8220;No te hagas la Madre Teresa&#8221;, &#8220;Lo de Massa prescribi\u00f3&#8221; y &#8220;Sos un funcionario serial&#8221;: las cruces m\u00e1s picantes entre Agust\u00edn Rossi y Victoria Villarruel"},"content":{"rendered":"<p>&quot;No te hagas la Madre Teresa&quot;, &quot;Lo de Massa prescribi\u00f3&quot; y &quot;Sos un funcionario serial&quot;: las cruces m\u00e1s picantes entre Agust\u00edn Rossi y Victoria Villarruel <\/p>\n<p><strong>Victoria Villarruel<\/strong> y <strong>Agust\u00edn Rossi<\/strong>, candidatos a vicepresidente de <strong>La Libertad Avanza<\/strong> y<strong> Uni\u00f3n por la Patria<\/strong>, respectivamente, mantuvieron<strong> picantes cruces durante el debate televisivo<\/strong> que ambos protagonizaron este mi\u00e9rcoles por la noche, a once d\u00edas del balotaje.<\/p>\n<p>En los primeros cuatro minutos de discusi\u00f3n libre entre ambos, Rossi remarc\u00f3 que &quot;es una mala decisi\u00f3n de Javier Milei querer cortar las relaciones comerciales con Brasil y China&quot;, porque son &quot;dos de los principales destinos comerciales&quot; de la Argentina.<\/p>\n<p>Por su parte, la candidata de La Libertad Avanza retruc\u00f3: &quot;<strong>No te vengas a hacer la Madre Teresa<\/strong> porque ustedes se han peleado con infinidad de naciones para alinearse con Bolivia, Venezuela y Nicaragua&quot;.<\/p>\n<p>En el cierre del verborr\u00e1gico intercambio, la aspirante libertaria interrumpi\u00f3 a su par oficialista, que la acus\u00f3 de &quot;tener al igual que Milei bastante violencia en su cuesti\u00f3n discursiva&quot;.<\/p>\n<p>En otro pasaje, Villarruel apunt\u00f3 que Rossi fue dos veces ministro de Defensa y, en ese marco, record\u00f3 el accidente meses atr\u00e1s en el que <strong>murieron soldados en San Mart\u00edn de los Andes <\/strong>\u201cmientras transitaban en un cami\u00f3n que poco menos sal\u00eda de la segunda guerra mundial porque cuando este se\u00f1or estuvo no pas\u00f3 nada para la seguridad y defensa de nuestro pa\u00eds\u201d.<\/p>\n<p>\u201cTe ven a vos diciendo unas cifras muy interesantes, pero en la vida real el que est\u00e1 en el conurbano cuando cae la luz del sol se tiene que atrincherar en su casa\u201d, sostuvo Villarruel.<\/p>\n<p><img decoding=\"async\" alt=\"Agust\u00edn Rossi y Victoria Villarruel, frente a frente en el debate televisivo entre candidatos a vicepresidente. Fotos Mart\u00edn Bonetto.\" src=\"https:\/\/www.clarin.com\/img\/2023\/11\/08\/yZuaHjySS_720x0__1.jpg\"\/>Agust\u00edn Rossi y Victoria Villarruel, frente a frente en el debate televisivo entre candidatos a vicepresidente. Fotos Mart\u00edn Bonetto.<\/p>\n<p>Rossi se mostr\u00f3 sorprendido con ese ejemplos que dio Villarruel. &quot;La verdad es que s\u00e9 que tengo un mont\u00f3n de diferencias pero <strong>nunca pens\u00e9 que ibas a caranchear muertes de soldados y militares<\/strong>. Lo que dijiste es mentira. Caranche\u00f3 la muerte de militares que tuvieron un accidente y hay una investigaci\u00f3n al respecto&quot;, dijo.<\/p>\n<p>La libertaria tambi\u00e9n ironiz\u00f3 sobre los distintos cargos que ocup\u00f3 Rossi, tanto en los gobiernos de Cristina Kirchner como de Alberto Fern\u00e1ndez. \u201c<strong>Sos un funcionario serial, un comod\u00edn de los cargos p\u00fablicos<\/strong>\u201d, le lanz\u00f3.<\/p>\n<p>Poco despu\u00e9s, trajo a la escena cuando Massa dijo durante un acto en 2015 que iba &quot;a barrerle todos los \u00f1oquis a La C\u00e1mpora&quot;. \u201c<strong>Lo dijo hace mucho tiempo, prescribi\u00f3<\/strong>\u201d, defendi\u00f3 Rossi a su compa\u00f1ero de f\u00f3rmula.<\/p>\n<h2>\u201cEst\u00e1s vendiendo humo\u201d y \u201cRompiste el pacto democr\u00e1tico\u201d: m\u00e1s acusaciones cruzadas entre Villarruel y Rossi<\/h2>\n<p>Durante el segmento donde debatieron libremente sobre \u201cJusticia, Derechos Humanos y Transparencia\u201d, Rossi y Villarruel continuaron con las acusaciones cruzadas. Lo hicieron pr\u00e1cticamente <strong>hablando en simult\u00e1neo, sin escucharse<\/strong>, buscando imponer su idea por encima de la del otro superponiendo sus voces.<\/p>\n<p>\u201c<strong>Est\u00e1s vendiendo humo<\/strong> porque necesit\u00e1s que hablemos del pasado en vez del presente, porque el presente de ustedes es un presente en el cual la gente vive en la calle, no tiene para comer, no puede alquilar una vivienda, los jubilados viven en la mayor de las indignidades, la gente llora por no poder comer, 40 por ciento de pobres, y vos ven\u00eds con el discurso que te conviene, que es el de 40 a\u00f1os atr\u00e1s. No se puede creer que est\u00e9s hablando del pasado con la realidad que estamos viviendo hoy\u201d, enfatiz\u00f3 Villarruel.<\/p>\n<p>Casi al mismo tiempo, Rossi afirm\u00f3: \u201cLa \u00fanica dirigente que trajo el pasado <strong>rompiendo el pacto democr\u00e1tico<\/strong> que ten\u00edamos todas las fuerzas pol\u00edticas fuiste vos&quot;.<\/p>\n<p><strong>&quot;Vos empezaste a reivindicar la dictadura&quot;<\/strong>, acus\u00f3 el actual jefe de Gabinete. Y complet\u00f3: &quot;Si no lo hubieras hecho no estar\u00edamos hablando del pasado. Llevamos una gran parte del debate y no hiciste ninguna propuesta\u201d.<\/p>\n<p>Villarruel dijo que Massa se quiere \u201cdiferenciar\u201d pero \u201cest\u00e1 rodeado de kirchneristas\u201d. \u201c\u00c9l (por Rossi) sigue vendiendo una realidad que podr\u00edan haber hecho durante cuatro a\u00f1os, no lo hicieron, y <strong>ahora nos quieren tomar el pelo<\/strong> con un candidato que se quiere diferenciar del kirchnerismo pero est\u00e1 rodeado de kirchneristas\u201d, dijo la libertaria.<\/p>\n<p>&quot;<strong>Ten\u00e9s que salir del Billiken<\/strong>&quot;, le dijo Rossi a Villarruel. Insisti\u00f3 en que &quot;no hizo ninguna propuesta&quot; y que fue ella quien trajo el debate sobre &quot;el pasado&quot; al debate.<\/p>\n<p><img decoding=\"async\" alt=\"Villarruel acus\u00f3 a Rossi, entre otras cosas, de &quot;vender humo&quot;. Fotos Mart\u00edn Bonetto\" src=\"https:\/\/www.clarin.com\/img\/2023\/11\/08\/KGgI94RVu_720x0__1.jpg\"\/>Villarruel acus\u00f3 a Rossi, entre otras cosas, de &quot;vender humo&quot;. Fotos Mart\u00edn Bonetto<\/p>\n<p>&quot;No hiciste ninguna propuesta sobre c\u00f3mo van a resolver la pobreza, de c\u00f3mo se va a generar trabajo. Ten\u00e9s que generar alguna propuesta y decirle a la sociedad c\u00f3mo van a hacer. Dijiiste que iban a bajar la inflaci\u00f3n de un hondazo y no se puede&quot;, reclam\u00f3.<\/p>\n<p>En el <strong>\u00faltimo cara a cara del debate<\/strong>, Rossi le pregunt\u00f3 a Villarruel si estaba de acuerdo con la libertad de los genocidas a partir de fotos viejas que se viralizaron donde se la ve en una marcha donde se pide libertad para los represores. \u201cM\u00e1s all\u00e1 de tu pregunta, reconozcamos que ac\u00e1 hubo <strong>v\u00edctimas del terorrismo que no tienen derechos humanos<\/strong>. Mucahs de esas personas tambi\u00e9n estan detenidas\u201d, le respondi\u00f3 evasivamente Villarruel.<\/p>\n<p><img decoding=\"async\" alt=\"&quot;Vos empezaste a reivindicar la dictadura&quot;, le dijo Rossi a Villarruel. Foto Mart\u00edn Bonetto.\" src=\"https:\/\/www.clarin.com\/img\/2023\/11\/08\/H0YpQHu3B_720x0__1.jpg\"\/>&quot;Vos empezaste a reivindicar la dictadura&quot;, le dijo Rossi a Villarruel. Foto Mart\u00edn Bonetto.<\/p>\n<p>\u201cCuando yo investigo lo que hago es reconstruir la parte de la historai que ustede pusieron debajo de la alfombra\u201d, le dijo sobre sus visitas a represores detenidos.<\/p>\n<p>Luego, agreg\u00f3 y cit\u00f3 al actual ministro de Defensa: \u201cQuiero que se respete la ley y que paguen personas como (Jorge) Taina que integra tu gobierno, que estuvo preso en democracia, digamos todo\u201d.<\/p>\n<p><em>ES<\/em><\/p>\n","protected":false},"excerpt":{"rendered":"<p>&#8220;No te hagas la Madre Teresa&#8221;, &#8220;Lo de Massa prescribi\u00f3&#8221; y &#8220;Sos un funcionario serial&#8221;: las cruces m\u00e1s picantes entre Agust\u00edn Rossi y Victoria Villarruel Victoria Villarruel y Agust\u00edn Rossi, candidatos a vicepresidente de La Libertad Avanza y Uni\u00f3n por la Patria, respectivamente, mantuvieron picantes cruces durante el debate televisivo que ambos protagonizaron este mi\u00e9rcoles por la noche, a once d\u00edas del balotaje.<br \/>\nEn los primeros cuatro minutos de discusi\u00f3n libre entre ambos, Rossi remarc\u00f3 que &#8220;es una mala decisi\u00f3n de Javier Milei querer cortar las relaciones comerciales con Brasil y China&#8221;, porque son &#8220;dos de los principales destinos comerciales&#8221; de la Argentina.<br \/>\nPor su parte, la candidata de La Libertad Avanza retruc\u00f3: &#8220;No te vengas a hacer la Madre Teresa porque ustedes se han peleado con infinidad de naciones para alinearse con Bolivia, Venezuela y Nicaragua&#8221;.<br \/>\nEn el cierre del verborr\u00e1gico intercambio, la aspirante libertaria interrumpi\u00f3 a su par oficialista, que la acus\u00f3 de &#8220;tener ..<\/p>\n","protected":false},"author":2,"featured_media":11175,"comment_status":"","ping_status":"","sticky":false,"template":"","format":"standard","meta":{"footnotes":""},"categories":[7],"tags":[],"_links":{"self":[{"href":"https:\/\/maxradio923.com.ar\/index.php\/wp-json\/wp\/v2\/posts\/11174"}],"collection":[{"href":"https:\/\/maxradio923.com.ar\/index.php\/wp-json\/wp\/v2\/posts"}],"about":[{"href":"https:\/\/maxradio923.com.ar\/index.php\/wp-json\/wp\/v2\/types\/post"}],"author":[{"embeddable":true,"href":"https:\/\/maxradio923.com.ar\/index.php\/wp-json\/wp\/v2\/users\/2"}],"replies":[{"embeddable":true,"href":"https:\/\/maxradio923.com.ar\/index.php\/wp-json\/wp\/v2\/comments?post=11174"}],"version-history":[{"count":0,"href":"https:\/\/maxradio923.com.ar\/index.php\/wp-json\/wp\/v2\/posts\/11174\/revisions"}],"wp:featuredmedia":[{"embeddable":true,"href":"https:\/\/maxradio923.com.ar\/index.php\/wp-json\/wp\/v2\/media\/11175"}],"wp:attachment":[{"href":"https:\/\/maxradio923.com.ar\/index.php\/wp-json\/wp\/v2\/media?parent=11174"}],"wp:term":[{"taxonomy":"category","embeddable":true,"href":"https:\/\/maxradio923.com.ar\/index.php\/wp-json\/wp\/v2\/categories?post=11174"},{"taxonomy":"post_tag","embeddable":true,"href":"https:\/\/maxradio923.com.ar\/index.php\/wp-json\/wp\/v2\/tags?post=11174"}],"curies":[{"name":"wp","href":"https:\/\/api.w.org\/{rel}","templated":true}]}}