{"id":11167,"date":"2023-11-09T00:44:17","date_gmt":"2023-11-09T03:44:17","guid":{"rendered":"https:\/\/maxradio923.com\/index.php\/2023\/11\/09\/guerra-en-gaza-los-paises-de-europa-con-el-peor-record-de-antisemitismo\/"},"modified":"2023-11-09T00:44:17","modified_gmt":"2023-11-09T03:44:17","slug":"guerra-en-gaza-los-paises-de-europa-con-el-peor-record-de-antisemitismo","status":"publish","type":"post","link":"https:\/\/maxradio923.com.ar\/index.php\/2023\/11\/09\/guerra-en-gaza-los-paises-de-europa-con-el-peor-record-de-antisemitismo\/","title":{"rendered":"Guerra en Gaza: los pa\u00edses de Europa con el peor r\u00e9cord de antisemitismo"},"content":{"rendered":"<p>Guerra en Gaza: los pa\u00edses de Europa con el peor r\u00e9cord de antisemitismo<\/p>\n<p>Los jud\u00edos europeos viven de nuevo con miedo. El ataque en el sur de Israel del grupo terrorista Hamas del pasado 7 de octubre, que provoc\u00f3 1.400 muertos, y la reacci\u00f3n israel\u00ed en forma de bombardeos sobre la Franja de Gaza, que seg\u00fan el Ministerio de Salud de Gaza (controlado por Ham\u00e1s) <strong>lleva m\u00e1s de 10.000 muertos<\/strong>, <strong>desataron odios enraizados en partes de la sociedad europea.<\/strong><\/p>\n<p>El antisemitismo, que en las \u00faltimas d\u00e9cadas se hab\u00eda convertido en algo residual porque la extrema derecha <strong>se hab\u00eda vuelto islam\u00f3foba<\/strong>, resurge de sus cuevas. En parte por esa misma ultraderecha, ahora tambi\u00e9n por la extrema izquierda heredera del antiguo r\u00e9gimen comunista de la Alemania oriental y en parte por las poblaciones de origen musulm\u00e1n que no tienen la experiencia de los traumas y la culpabilidad europea (alemana, pero no s\u00f3lo) del Holocausto.<\/p>\n<p><img decoding=\"async\" alt=\"Como en el pasado. Un tienda jud\u00eda en Viena con leyendas antisemitas. Foto: AP \" src=\"https:\/\/www.clarin.com\/img\/2023\/11\/08\/F5Mo9LbqI_720x0__1.jpg\"\/>Como en el pasado. Un tienda jud\u00eda en Viena con leyendas antisemitas. Foto: AP <\/p>\n<p>Un cable de la agencia AFP contaba este martes como Levi Salomon, fundador en 2008 del Foro Jud\u00edo para la Democracia y contra el Antisemitismo, quien lleva 25 a\u00f1os \u201ccontando expresiones antisemitas en las manifestaciones celebradas en Berl\u00edn\u201d, cree que \u201cya casi no hay tab\u00faes\u201d. <\/p>\n<p>Levi Salomon asegura a AFP que \u201cten\u00eda la esperanza de ver por alg\u00fan lado una pancarta o una se\u00f1al de condena a Hamas\u201d, pero que s\u00f3lo vio que \u201cse limitaron a maldecir a Israel\u201d.<\/p>\n<h2>Miles de delitos en un mes<\/h2>\n<p>La Polic\u00eda Federal alemana lleva registrados m\u00e1s de<strong> 2.000 delitos<\/strong> relacionados con el conflicto en Oriente Medio. Una situaci\u00f3n similar a la francesa, donde esos delitos superan el millar en un mes. Este jueves Alemania conmemor\u00f3 el 85 aniversario de <strong>la Noche de los Cristales Rotos<\/strong>, el gran pogromo contra los jud\u00edos del Tercer Reich alem\u00e1n. Para la ocasi\u00f3n se esperaban discursos contra el antisemitismo del jefe de gobierno Olaf Scholz y del presidente de la Rep\u00fablica, Frank-Walter Steinmeier.<\/p>\n<p>La Comisi\u00f3n Europea public\u00f3 el domingo un comunicado en el que asegura que \u201cel auge de incidentes antisemitas en Europa <strong>ha llegado a niveles extraordinarios en los \u00faltimos d\u00edas<\/strong>, reminiscencia de algunos de los d\u00edas m\u00e1s oscuros de la historia. Los jud\u00edos europeos viven hoy de nuevo con miedo\u201d.<\/p>\n<p>El brazo ejecutivo de la Comisi\u00f3n Europea, presidido por una alemana conservadora, \u00darsula Von der Leyen, asegura que crecen los incidentes y la ret\u00f3rica antisemita en la Uni\u00f3n Europea y en el resto del mundo: \u201cc\u00f3cteles molotov contra una sinagoga en<strong> Alemania<\/strong>, estrellas de David pintadas en edificios residenciales en <strong>Francia<\/strong>, un cementerio jud\u00edo profanado en<strong> Austria<\/strong>, comercios jud\u00edos y sinagogas atacados en<strong> Espa\u00f1a<\/strong>, manifestantes cantando esl\u00f3ganes de odio contra los jud\u00edos\u201d.<\/p>\n<p><img decoding=\"async\" alt=\" estrellas de David pintadas en edificios residenciales en Francia. Foto: Reuters\" src=\"https:\/\/www.clarin.com\/img\/2023\/11\/08\/D5nFXxPbZ_720x0__1.jpg\"\/> estrellas de David pintadas en edificios residenciales en Francia. Foto: Reuters<\/p>\n<p>El comunicado asegura que los ataques van \u201ccontra el modelo de sociedad que representamos: uno basado en la igualdad, la inclusividad y el respeto total de los derechos humanos. Jud\u00edos, musulmanes, cristianos, nadie deber\u00eda vivir con miedo a la discriminaci\u00f3n o la violencia por su credo o su identidad\u201d.<\/p>\n<p>La Comisi\u00f3n Europea pide a los gobiernos y a los ciudadanos que luchen \u201ccontra este aumento del antisemitismo, as\u00ed como el aumento del odio anti-musulm\u00e1n que hemos visto en las \u00faltimas semanas y que no tienen sitio en Europa\u201d.<\/p>\n<p>El editorial del diario franc\u00e9s \u2018Le Monde\u2019 de este lunes recuerda que \u201cdesde el 7 de octubre, los jud\u00edos franceses (y es extensible al resto de jud\u00edos de Europa) viven de nuevo con esa inquietud a la que les expone cada nueva explosi\u00f3n del conflicto en Oriente Medio:<strong> el ostracismo,<\/strong> la designaci\u00f3n de su comunidad como corresponsable de una violencia que surge en otra parte, la sensaci\u00f3n de peligro frente a la multiplicaci\u00f3n de agresiones y actos de odio\u201d.<\/p>\n<p>El diario parisino recuerda que \u201cal antisemitismo profundo de la extrema derecha se unen ahora las ambig\u00fcedades o derivas de una parte de la extrema izquierda bajo la cobertura del anti-sionismo y el antisemitismo del islam radical\u201d.<strong><em>Los jud\u00edos franceses <\/em><\/strong>(son la mayor comunidad en Europa) se sienten solos. En las manifestaciones contra el antisemitismo cada vez hay menos jud\u00edos a su lado.<\/p>\n","protected":false},"excerpt":{"rendered":"<p>Guerra en Gaza: los pa\u00edses de Europa con el peor r\u00e9cord de antisemitismoLos jud\u00edos europeos viven de nuevo con miedo. El ataque en el sur de Israel del grupo terrorista Hamas del pasado 7 de octubre, que provoc\u00f3 1.400 muertos, y la reacci\u00f3n israel\u00ed en forma de bombardeos sobre la Franja de Gaza, que seg\u00fan el Ministerio de Salud de Gaza (controlado por Ham\u00e1s) lleva m\u00e1s de 10.000 muertos, desataron odios enraizados en partes de la sociedad europea.<br \/>\nEl antisemitismo, que en las \u00faltimas d\u00e9cadas se hab\u00eda convertido en algo residual porque la extrema derecha se hab\u00eda vuelto islam\u00f3foba, resurge de sus cuevas. En parte por esa misma ultraderecha, ahora tambi\u00e9n por la extrema izquierda heredera del antiguo r\u00e9gimen comunista de la Alemania oriental y en parte por las poblaciones de origen musulm\u00e1n que no tienen la experiencia de los traumas y la culpabilidad europea (alemana, pero no s\u00f3lo) del Holocausto.<br \/>\nComo en el pasado. Un tienda jud\u00eda en Viena con leyendas antisemitas. Foto: AP Un cable de ..<\/p>\n","protected":false},"author":2,"featured_media":11168,"comment_status":"","ping_status":"","sticky":false,"template":"","format":"standard","meta":{"footnotes":""},"categories":[3],"tags":[],"_links":{"self":[{"href":"https:\/\/maxradio923.com.ar\/index.php\/wp-json\/wp\/v2\/posts\/11167"}],"collection":[{"href":"https:\/\/maxradio923.com.ar\/index.php\/wp-json\/wp\/v2\/posts"}],"about":[{"href":"https:\/\/maxradio923.com.ar\/index.php\/wp-json\/wp\/v2\/types\/post"}],"author":[{"embeddable":true,"href":"https:\/\/maxradio923.com.ar\/index.php\/wp-json\/wp\/v2\/users\/2"}],"replies":[{"embeddable":true,"href":"https:\/\/maxradio923.com.ar\/index.php\/wp-json\/wp\/v2\/comments?post=11167"}],"version-history":[{"count":0,"href":"https:\/\/maxradio923.com.ar\/index.php\/wp-json\/wp\/v2\/posts\/11167\/revisions"}],"wp:featuredmedia":[{"embeddable":true,"href":"https:\/\/maxradio923.com.ar\/index.php\/wp-json\/wp\/v2\/media\/11168"}],"wp:attachment":[{"href":"https:\/\/maxradio923.com.ar\/index.php\/wp-json\/wp\/v2\/media?parent=11167"}],"wp:term":[{"taxonomy":"category","embeddable":true,"href":"https:\/\/maxradio923.com.ar\/index.php\/wp-json\/wp\/v2\/categories?post=11167"},{"taxonomy":"post_tag","embeddable":true,"href":"https:\/\/maxradio923.com.ar\/index.php\/wp-json\/wp\/v2\/tags?post=11167"}],"curies":[{"name":"wp","href":"https:\/\/api.w.org\/{rel}","templated":true}]}}