{"id":11127,"date":"2023-11-08T17:24:48","date_gmt":"2023-11-08T20:24:48","guid":{"rendered":"https:\/\/maxradio923.com\/index.php\/2023\/11\/08\/le-pegaron-una-patada-en-la-cabeza-a-un-chico-de-19-anos-a-la-salida-de-un-boliche-de-laferrere-tiene-muerte-cerebral\/"},"modified":"2023-11-08T17:24:48","modified_gmt":"2023-11-08T20:24:48","slug":"le-pegaron-una-patada-en-la-cabeza-a-un-chico-de-19-anos-a-la-salida-de-un-boliche-de-laferrere-tiene-muerte-cerebral","status":"publish","type":"post","link":"https:\/\/maxradio923.com.ar\/index.php\/2023\/11\/08\/le-pegaron-una-patada-en-la-cabeza-a-un-chico-de-19-anos-a-la-salida-de-un-boliche-de-laferrere-tiene-muerte-cerebral\/","title":{"rendered":"Le pegaron una patada en la cabeza a un chico de 19 a\u00f1os a la salida de un boliche de Laferrere: tiene muerte cerebral"},"content":{"rendered":"<p>Le pegaron una patada en la cabeza a un chico de 19 a\u00f1os a la salida de un boliche de Laferrere: tiene muerte cerebral <\/p>\n<p>Un chico de 19 a\u00f1os recibi\u00f3<strong> una brutal patada en la cabeza <\/strong>en medio de un ataque a la salida de un boliche de Laferrere y tiene muerte cerebral. Lautaro Alvaredo hab\u00eda ido a bailar a Cyrux y, seg\u00fan testigos, cay\u00f3 al piso durante la pelea y fue en ese momento que le pegaron la patada criminal.<\/p>\n<p>Fuentes de la investigaci\u00f3n precisaron a a este medio que <strong>el agresor ya fue identificado y que era intensamente buscado<\/strong>. La madre del acusado dijo que su hijo se escap\u00f3 de la casa junto al padre tras el ataque.<\/p>\n<p>&quot;Esta era la tercera vez que iba a bailar. <strong>\u00bfSab\u00e9s qu\u00e9? Yo lo obligu\u00e9 a que fuera.<\/strong> Es m\u00e1s le dije: &#039;and\u00e1 y volv\u00e9 en Didi (taxi) para evitar estas cosas&#8230; Y sin embargo pas\u00f3, nos pas\u00f3. Me lo mataron&quot;, le cuenta Diego Alvaredo, pap\u00e1 de Lautaro, a <strong>Clar\u00edn<\/strong>. &quot;Lo que pas\u00f3 fue <strong>muy similar al caso de Fernando B\u00e1ez Sosa&quot;.<\/strong><\/p>\n<p>La pelea comenz\u00f3 en el interior del boliche ubicado en Luro y Pedro Obligado de Laferrere. Un amigo de Lautaro discuti\u00f3 con otro joven adentro del local porque le hab\u00edan roto los anteojos y la disputa sigui\u00f3 afuera.<\/p>\n<p>Seg\u00fan consta en la causa por la declaraci\u00f3n de los amigos de Lautaro, los dos grupos comenzaron a pelearse en una plaza cercana al boliche. En medio de la pelea,<strong> Lautaro cay\u00f3 al piso y el joven acusado y ahora pr\u00f3fugo lo pate\u00f3 en la cabeza<\/strong>.<\/p>\n<p>&quot;<strong>Los patovicas le cerraron la puerta a mi hijo, el no quer\u00eda pelear, quer\u00eda volver a entrar al boliche.<\/strong> Mi hijo hab\u00eda ido a bailar con cuatro amigos, s\u00f3lo a bailar. Adentro del boliche a uno de los amigos le rompieron los anteojos, hubo una discusi\u00f3n y a Lautaro, como estaba con ellos, lo sacaron del boliche&quot;, cuenta entre l\u00e1grimas Diego.<\/p>\n<p>&quot;Este grupo lo agarr\u00f3 y le peg\u00f3 en la cabeza muchas veces. <strong>Lo dejaron convulsionando<\/strong>. Tirado en el piso le robaron todo, celular incluido&#8230; La ambulancia tard\u00f3 y el patrullero que estaba ah\u00ed no lo quer\u00eda llevar&quot;, contin\u00faa.<\/p>\n<p>El pap\u00e1 de Lautaro denunci\u00f3 que su hijo <strong>tuvo que esperar 14 horas por una ambulancia de la obra social <\/strong>para poder ser trasladado a un establecimiento de mayor complejidad. &quot;Despu\u00e9s del ataque lo llevaron al materno infantil y no lo quer\u00edan atender. Me dec\u00edan que hab\u00eda que trasladarlo a una cl\u00ednica y la ambulancia de la UTA tard\u00f3 14 horas&quot;, precis\u00f3. &quot;Lo medicaron, le pusieron suero. Me habl\u00f3 poco y nada. No me pudo decir lo que pas\u00f3&#8230; <strong>Se fue con eso guardado&quot;<\/strong>.<\/p>\n<p>Diego sigui\u00f3 su furia contra la obra social: &quot;La UTA es la peor obra social que existe en el pa\u00eds. En un momento as\u00ed, de desesperaci\u00f3n, me pidieron la denuncia, el carnet de Lauti, mi carnet, un recibo de sueldo.<strong> \u00a1C\u00f3mo iba a tener todo eso a mano! <\/strong>Por suerte la mam\u00e1 ten\u00eda en la billetera su DNI&quot;. <strong>Clar\u00edn <\/strong>se comunic\u00f3 con la obra social, pero no tuvo respuesta.<\/p>\n<p>Diego hace una pausa y se quiebra: &quot;Nosotros tenemos un beb\u00e9 de cinco meses. Mi mujer tuvo que irse con el beb\u00e9 a la comisar\u00eda, por suerte la llev\u00f3 un amigo nuestro, porque <strong>yo me qued\u00e9 abrazando a Lauti&quot;.<\/strong><\/p>\n<p><img decoding=\"async\" alt=\"El mensaje de la escuela a la que iba Lautaro.\" src=\"https:\/\/www.clarin.com\/img\/2023\/11\/08\/APhFdrPAa_720x0__1.jpg\"\/>El mensaje de la escuela a la que iba Lautaro.<\/p>\n<p>El pap\u00e1 de Lautaro apunt\u00f3 contra el joven que le peg\u00f3 la patada criminal en el piso pero tambi\u00e9n contra &quot;la burocracia&quot;, en referencia a la atenci\u00f3n que recibi\u00f3 su hijo al ser trasladado y, principalmente, a la demora en la llegada de una ambulancia. &quot;Cuando en el hospital dije que ten\u00eda obra social, en ese momento fue lo peor,<strong> el peor castigo que le pude hacer a mi hijo. No me derivaban m\u00e1s.<\/strong>  Tard\u00f3 14 horas en venir la ambulancia para derivarlo&quot;.<\/p>\n<p>Angustiado, cat\u00e1rtico y desesperado, Alvaredo se descarga con <strong>Clar\u00edn<\/strong>: \u201cDijeron que estaba borracho y no lo atendieron a pesar de los golpes en la cabeza. Me dijeron que faltaba un papel, que la denuncia, que esto, que aquello&#8230; Y cuando lleg\u00f3 al hospital de la obra social <strong>hizo un paro de cinco minutos y ah\u00ed muri\u00f3 lo poco que quedaba del cerebro<\/strong>. Fueron cinco minutos fulminantes para su cerebro. Se fue muriendo de a poco&quot;.<\/p>\n<p>El Instituto Puerto Argentino, adonde concurr\u00eda Lautaro, expres\u00f3 su dolor con un comunicado: &quot;Desde la comunidad educativa y los que formamos parte del Instituto Puerto Argentino&#8230;queremos hacer llegar nuestras condolencias a la familia Alvaredo en este momento tan dif\u00edcil que est\u00e1n viviendo&#8230; Lautaro estar\u00e1 siempre en nuestros corazones, por qu\u00e9 dejo una huella imborrable&quot;.<\/p>\n<p><em>PS<\/em><\/p>\n","protected":false},"excerpt":{"rendered":"<p>Le pegaron una patada en la cabeza a un chico de 19 a\u00f1os a la salida de un boliche de Laferrere: tiene muerte cerebral Un chico de 19 a\u00f1os recibi\u00f3 una brutal patada en la cabeza en medio de un ataque a la salida de un boliche de Laferrere y tiene muerte cerebral. Lautaro Alvaredo hab\u00eda ido a bailar a Cyrux y, seg\u00fan testigos, cay\u00f3 al piso durante la pelea y fue en ese momento que le pegaron la patada criminal.<br \/>\nFuentes de la investigaci\u00f3n precisaron a a este medio que el agresor ya fue identificado y que era intensamente buscado. La madre del acusado dijo que su hijo se escap\u00f3 de la casa junto al padre tras el ataque.<br \/>\n&#8220;Esta era la tercera vez que iba a bailar. \u00bfSab\u00e9s qu\u00e9? Yo lo obligu\u00e9 a que fuera. Es m\u00e1s le dije: &#039;and\u00e1 y volv\u00e9 en Didi (taxi) para evitar estas cosas&#8230; Y sin embargo pas\u00f3, nos pas\u00f3. Me lo mataron&#8221;, le cuenta Diego Alvaredo, pap\u00e1 de Lautaro, a Clar\u00edn. &#8220;Lo que pas\u00f3 fue muy similar al caso de Fernando B\u00e1ez Sosa&#8221;.<br \/>\nLa pelea comenz\u00f3 en el interior del boliche ubicado en Lu..<\/p>\n","protected":false},"author":2,"featured_media":11128,"comment_status":"","ping_status":"","sticky":false,"template":"","format":"standard","meta":{"footnotes":""},"categories":[6],"tags":[],"_links":{"self":[{"href":"https:\/\/maxradio923.com.ar\/index.php\/wp-json\/wp\/v2\/posts\/11127"}],"collection":[{"href":"https:\/\/maxradio923.com.ar\/index.php\/wp-json\/wp\/v2\/posts"}],"about":[{"href":"https:\/\/maxradio923.com.ar\/index.php\/wp-json\/wp\/v2\/types\/post"}],"author":[{"embeddable":true,"href":"https:\/\/maxradio923.com.ar\/index.php\/wp-json\/wp\/v2\/users\/2"}],"replies":[{"embeddable":true,"href":"https:\/\/maxradio923.com.ar\/index.php\/wp-json\/wp\/v2\/comments?post=11127"}],"version-history":[{"count":0,"href":"https:\/\/maxradio923.com.ar\/index.php\/wp-json\/wp\/v2\/posts\/11127\/revisions"}],"wp:featuredmedia":[{"embeddable":true,"href":"https:\/\/maxradio923.com.ar\/index.php\/wp-json\/wp\/v2\/media\/11128"}],"wp:attachment":[{"href":"https:\/\/maxradio923.com.ar\/index.php\/wp-json\/wp\/v2\/media?parent=11127"}],"wp:term":[{"taxonomy":"category","embeddable":true,"href":"https:\/\/maxradio923.com.ar\/index.php\/wp-json\/wp\/v2\/categories?post=11127"},{"taxonomy":"post_tag","embeddable":true,"href":"https:\/\/maxradio923.com.ar\/index.php\/wp-json\/wp\/v2\/tags?post=11127"}],"curies":[{"name":"wp","href":"https:\/\/api.w.org\/{rel}","templated":true}]}}