{"id":11125,"date":"2023-11-08T17:24:48","date_gmt":"2023-11-08T20:24:48","guid":{"rendered":"https:\/\/maxradio923.com\/index.php\/2023\/11\/08\/detienen-al-hijo-del-intendente-de-baradero-por-el-homicidio-de-un-productor-porcino\/"},"modified":"2023-11-08T17:24:48","modified_gmt":"2023-11-08T20:24:48","slug":"detienen-al-hijo-del-intendente-de-baradero-por-el-homicidio-de-un-productor-porcino","status":"publish","type":"post","link":"https:\/\/maxradio923.com.ar\/index.php\/2023\/11\/08\/detienen-al-hijo-del-intendente-de-baradero-por-el-homicidio-de-un-productor-porcino\/","title":{"rendered":"Detienen al hijo del intendente de Baradero por el homicidio de un productor porcino"},"content":{"rendered":"<p>Detienen al hijo del intendente de Baradero por el homicidio de un productor porcino<\/p>\n<p>Por orden de la fiscal Mar\u00eda del Valle Viviani, este mi\u00e9rcoles fue<strong> detenido<\/strong> Felipe Sanzio,<strong> hijo del intendente de Baradero, el peronista Estaban &quot;Tito&quot; Sanzio<\/strong>, acusado por el<strong> homicidio de Gustavo Desimone<\/strong>, un productor porcino que en agosto fue asaltado, maniatado y asesinado de un tiro.<\/p>\n<p>La investigaci\u00f3n llev\u00f3 a Sanzio, de <strong>19 a\u00f1os<\/strong>, que fue detenido en la localidad de la Provincia de Buenos Aires donde su padre, fue <strong>reelecto recientemente<\/strong> como jefe municipal en las listas de Axel Kicillof.<\/p>\n<p>Adem\u00e1s de Sanzio, se detuvo a otra dos personas, en el marco de la reconstrucci\u00f3n del crimen realizado en la investigaci\u00f3n judicial.<\/p>\n<p>Ellos fueron identificados como Mat\u00edas Brey y Constantino Fern\u00e1ndez, a quienes las averiguaciones del caso ubicaron, j<strong>unto a Sanzio, en la escena del crimen<\/strong>. Por su parte, Ramiro Rey Bacareza, cuarto involucrado, ya hab\u00eda sido capturado por otra causa.<\/p>\n<p>La fiscal\u00eda que investiga el asesinato no pudo sin embargo determinar a\u00fan <strong>qui\u00e9n de los tres fue el que apret\u00f3 el gatillo<\/strong> y qu\u00e9 rol cumpli\u00f3 cada uno en el hecho. Lo que si se revel\u00f3 es que Fern\u00e1ndez habr\u00eda aportado <strong>datos, dinero y detalles<\/strong> para acceder al lugar, seg\u00fan reporta el sitio local La Noticia 1.<\/p>\n<p><img decoding=\"async\" alt=\"El auto utilizado en el crimen de Gustavo Desimone, un productor porcino de Baradero. Foto PBA\" src=\"https:\/\/www.clarin.com\/img\/2023\/11\/08\/4DUYdCwlp_720x0__1.jpg\"\/>El auto utilizado en el crimen de Gustavo Desimone, un productor porcino de Baradero. Foto PBA<\/p>\n<p>El an\u00e1lisis de las <strong>c\u00e1maras de seguridad llevaron al allanamiento en septiembre de una casilla<\/strong> ubicada frente a las costas de la ciudad, donde se encontraron dos escopetas. Adem\u00e1s, en otro domicilio fue <strong>secuestrado un auto <\/strong>Volkswagen Bora, utilizado para el crimen, junto a tel\u00e9fonos celulares.<\/p>\n<p>En noviembre, un par de meses despu\u00e9s, las autoridades lograron capturar a los otros dos sospechosos, uno en la v\u00eda p\u00fablica y el otro luego de un importante procedimiento, seg\u00fan informan medios locales.<\/p>\n<p><img decoding=\"async\" alt=\"Esteban &quot;Tito&quot; Sanzio (de campera), intendente de Baradero, en un acto de campa\u00f1a con Axel Kicillof y Alberto Sileoni. Foto Twitter\" src=\"https:\/\/www.clarin.com\/img\/2023\/11\/08\/rPVDIQEJf_720x0__1.jpg\"\/>Esteban &quot;Tito&quot; Sanzio (de campera), intendente de Baradero, en un acto de campa\u00f1a con Axel Kicillof y Alberto Sileoni. Foto Twitter<\/p>\n<p><em>Noticia en desarrollo.<\/em><\/p>\n<p><em>DS<\/em><\/p>\n","protected":false},"excerpt":{"rendered":"<p>Detienen al hijo del intendente de Baradero por el homicidio de un productor porcinoPor orden de la fiscal Mar\u00eda del Valle Viviani, este mi\u00e9rcoles fue detenido Felipe Sanzio, hijo del intendente de Baradero, el peronista Estaban &#8220;Tito&#8221; Sanzio, acusado por el homicidio de Gustavo Desimone, un productor porcino que en agosto fue asaltado, maniatado y asesinado de un tiro.<br \/>\nLa investigaci\u00f3n llev\u00f3 a Sanzio, de 19 a\u00f1os, que fue detenido en la localidad de la Provincia de Buenos Aires donde su padre, fue reelecto recientemente como jefe municipal en las listas de Axel Kicillof.<br \/>\nAdem\u00e1s de Sanzio, se detuvo a otra dos personas, en el marco de la reconstrucci\u00f3n del crimen realizado en la investigaci\u00f3n judicial.<br \/>\nEllos fueron identificados como Mat\u00edas Brey y Constantino Fern\u00e1ndez, a quienes las averiguaciones del caso ubicaron, junto a Sanzio, en la escena del crimen. Por su parte, Ramiro Rey Bacareza, cuarto involucrado, ya hab\u00eda sido capturado por otra causa.<br \/>\nLa fiscal\u00eda que investiga el asesina..<\/p>\n","protected":false},"author":2,"featured_media":11126,"comment_status":"","ping_status":"","sticky":false,"template":"","format":"standard","meta":{"footnotes":""},"categories":[6],"tags":[],"_links":{"self":[{"href":"https:\/\/maxradio923.com.ar\/index.php\/wp-json\/wp\/v2\/posts\/11125"}],"collection":[{"href":"https:\/\/maxradio923.com.ar\/index.php\/wp-json\/wp\/v2\/posts"}],"about":[{"href":"https:\/\/maxradio923.com.ar\/index.php\/wp-json\/wp\/v2\/types\/post"}],"author":[{"embeddable":true,"href":"https:\/\/maxradio923.com.ar\/index.php\/wp-json\/wp\/v2\/users\/2"}],"replies":[{"embeddable":true,"href":"https:\/\/maxradio923.com.ar\/index.php\/wp-json\/wp\/v2\/comments?post=11125"}],"version-history":[{"count":0,"href":"https:\/\/maxradio923.com.ar\/index.php\/wp-json\/wp\/v2\/posts\/11125\/revisions"}],"wp:featuredmedia":[{"embeddable":true,"href":"https:\/\/maxradio923.com.ar\/index.php\/wp-json\/wp\/v2\/media\/11126"}],"wp:attachment":[{"href":"https:\/\/maxradio923.com.ar\/index.php\/wp-json\/wp\/v2\/media?parent=11125"}],"wp:term":[{"taxonomy":"category","embeddable":true,"href":"https:\/\/maxradio923.com.ar\/index.php\/wp-json\/wp\/v2\/categories?post=11125"},{"taxonomy":"post_tag","embeddable":true,"href":"https:\/\/maxradio923.com.ar\/index.php\/wp-json\/wp\/v2\/tags?post=11125"}],"curies":[{"name":"wp","href":"https:\/\/api.w.org\/{rel}","templated":true}]}}