{"id":11113,"date":"2023-11-08T16:44:00","date_gmt":"2023-11-08T19:44:00","guid":{"rendered":"https:\/\/maxradio923.com\/index.php\/2023\/11\/08\/brasil-detuvo-a-dos-presuntos-terroristas-de-hezbollah-que-planeaban-atentados-contra-la-comunidad-judia\/"},"modified":"2023-11-08T16:44:00","modified_gmt":"2023-11-08T19:44:00","slug":"brasil-detuvo-a-dos-presuntos-terroristas-de-hezbollah-que-planeaban-atentados-contra-la-comunidad-judia","status":"publish","type":"post","link":"https:\/\/maxradio923.com.ar\/index.php\/2023\/11\/08\/brasil-detuvo-a-dos-presuntos-terroristas-de-hezbollah-que-planeaban-atentados-contra-la-comunidad-judia\/","title":{"rendered":"Brasil detuvo a dos presuntos terroristas de Hezbollah que planeaban atentados contra la comunidad jud\u00eda"},"content":{"rendered":"<p>Brasil detuvo a dos presuntos terroristas de Hezbollah que planeaban atentados contra la comunidad jud\u00eda <\/p>\n<p>La Polic\u00eda Federal de Brasil <strong>detuvo este mi\u00e9rcoles a dos presuntos terroristas de la organizaci\u00f3n Hezbollah<\/strong> que planeaban atentados contra la comunidad jud\u00eda en ese pa\u00eds, seg\u00fan inform\u00f3 la cadena brasile\u00f1a O&#039;Globo.<\/p>\n<p>Adem\u00e1s de las dos detenciones<strong>, la polic\u00eda dispuso once \u00f3rdenes de b\u00fasqueda y captura <\/strong>en los estados de Minas Gerais, San Pablo y el Distrito Federal.<\/p>\n<p>Seg\u00fan ese medio, los dos sospechosos son ciudadanos brasile\u00f1os, mientras que las autoridades no confirmaron la bandera de sus pasaportes. Uno de los detenidos fue capturado al llegar desde El L\u00edbano al aeropuerto paulista de Guarulhos, mientras que el otro ya estaba en San Pablo.<\/p>\n<p>La misma publicaci\u00f3n precisa de fuentes de la causa que los dos detenidos planeaban atentar contra instituciones jud\u00edas en Brasil, entre ellas sinagogas.<\/p>\n<p>El Gobierno brasile\u00f1o inform\u00f3 a trav\u00e9s de un comunicado que la detenci\u00f3n de los sospechosos se produjo en el marco de la Operaci\u00f3n Trapiche, que tiene como objetivo &quot;<strong>interrumpir los preparativos de actos terroristas y obtener pruebas de posible reclutamiento <\/strong>de brasile\u00f1os para cometer actos extremistas en el pa\u00eds&quot;.<\/p>\n<p>El mismo informe precisa que las \u00f3rdenes de b\u00fasqueda y detenci\u00f3n fueron realizadas por la subsecretar\u00eda judicial de Belo Horizonte y los sospechosos deber\u00e1n responder por los delitos de integrar una organizaci\u00f3n terrorista y realizar preparativos para un acto terrorista.<\/p>\n<p>Esas acciones, se inform\u00f3, contemplan <strong>penas que llegan a los 15 a\u00f1os y 6 meses<\/strong> de c\u00e1rcel.<\/p>\n<p>Las detenciones y la posible planificaci\u00f3n de atentados generan a\u00fan m\u00e1s preocupaci\u00f3n despu\u00e9s del brutal ataque terrorista de Hamas a Israel que puso en alerta a las distintas comunidades jud\u00edas en el mundo. <\/p>\n<p>Por su parte, la Confederaci\u00f3n Israel\u00ed de Brasil (Conib, por sus siglas en portugu\u00e9s) afirm\u00f3 que ve con &quot;mucha aprensi\u00f3n&quot; saber que sospechosos asociados a Hizbul\u00e1 &quot;vengan para realizar atentados&quot; y felicit\u00f3 a las autoridades del pa\u00eds por &quot;actuar de forma preventiva&quot;.<\/p>\n<p>&quot;Toda la comunidad jud\u00eda quiere que Brasil contin\u00fae siendo un lugar de convivencia arm\u00f3nica y que esos criminales sean castigados con todo el rigor de la ley&quot;, indic\u00f3 el vicepresidente de la asociaci\u00f3n hebrea, Daniel Bialski, a los periodistas.<\/p>\n","protected":false},"excerpt":{"rendered":"<p>Brasil detuvo a dos presuntos terroristas de Hezbollah que planeaban atentados contra la comunidad jud\u00eda La Polic\u00eda Federal de Brasil detuvo este mi\u00e9rcoles a dos presuntos terroristas de la organizaci\u00f3n Hezbollah que planeaban atentados contra la comunidad jud\u00eda en ese pa\u00eds, seg\u00fan inform\u00f3 la cadena brasile\u00f1a O&#039;Globo.<br \/>\nAdem\u00e1s de las dos detenciones, la polic\u00eda dispuso once \u00f3rdenes de b\u00fasqueda y captura en los estados de Minas Gerais, San Pablo y el Distrito Federal.<br \/>\nSeg\u00fan ese medio, los dos sospechosos son ciudadanos brasile\u00f1os, mientras que las autoridades no confirmaron la bandera de sus pasaportes. Uno de los detenidos fue capturado al llegar desde El L\u00edbano al aeropuerto paulista de Guarulhos, mientras que el otro ya estaba en San Pablo.<br \/>\nLa misma publicaci\u00f3n precisa de fuentes de la causa que los dos detenidos planeaban atentar contra instituciones jud\u00edas en Brasil, entre ellas sinagogas.<br \/>\nEl Gobierno brasile\u00f1o inform\u00f3 a trav\u00e9s de un comunicado que la detenci\u00f3n de los sospechosos..<\/p>\n","protected":false},"author":2,"featured_media":11114,"comment_status":"","ping_status":"","sticky":false,"template":"","format":"standard","meta":{"footnotes":""},"categories":[3],"tags":[],"_links":{"self":[{"href":"https:\/\/maxradio923.com.ar\/index.php\/wp-json\/wp\/v2\/posts\/11113"}],"collection":[{"href":"https:\/\/maxradio923.com.ar\/index.php\/wp-json\/wp\/v2\/posts"}],"about":[{"href":"https:\/\/maxradio923.com.ar\/index.php\/wp-json\/wp\/v2\/types\/post"}],"author":[{"embeddable":true,"href":"https:\/\/maxradio923.com.ar\/index.php\/wp-json\/wp\/v2\/users\/2"}],"replies":[{"embeddable":true,"href":"https:\/\/maxradio923.com.ar\/index.php\/wp-json\/wp\/v2\/comments?post=11113"}],"version-history":[{"count":0,"href":"https:\/\/maxradio923.com.ar\/index.php\/wp-json\/wp\/v2\/posts\/11113\/revisions"}],"wp:featuredmedia":[{"embeddable":true,"href":"https:\/\/maxradio923.com.ar\/index.php\/wp-json\/wp\/v2\/media\/11114"}],"wp:attachment":[{"href":"https:\/\/maxradio923.com.ar\/index.php\/wp-json\/wp\/v2\/media?parent=11113"}],"wp:term":[{"taxonomy":"category","embeddable":true,"href":"https:\/\/maxradio923.com.ar\/index.php\/wp-json\/wp\/v2\/categories?post=11113"},{"taxonomy":"post_tag","embeddable":true,"href":"https:\/\/maxradio923.com.ar\/index.php\/wp-json\/wp\/v2\/tags?post=11113"}],"curies":[{"name":"wp","href":"https:\/\/api.w.org\/{rel}","templated":true}]}}