{"id":11107,"date":"2023-11-08T16:04:08","date_gmt":"2023-11-08T19:04:08","guid":{"rendered":"https:\/\/maxradio923.com\/index.php\/2023\/11\/08\/sergio-massa-aseguro-que-milei-dijo-que-el-cuarteto-era-una-mierda-y-el-libertario-lo-trato-de-mentiroso\/"},"modified":"2023-11-08T16:04:08","modified_gmt":"2023-11-08T19:04:08","slug":"sergio-massa-aseguro-que-milei-dijo-que-el-cuarteto-era-una-mierda-y-el-libertario-lo-trato-de-mentiroso","status":"publish","type":"post","link":"https:\/\/maxradio923.com.ar\/index.php\/2023\/11\/08\/sergio-massa-aseguro-que-milei-dijo-que-el-cuarteto-era-una-mierda-y-el-libertario-lo-trato-de-mentiroso\/","title":{"rendered":"Sergio Massa asegur\u00f3 que &#8220;Milei dijo que el cuarteto era una mierda&#8221; y el libertario lo trat\u00f3 de mentiroso"},"content":{"rendered":"<p>Sergio Massa asegur\u00f3 que &quot;Milei dijo que el cuarteto era una mierda&quot; y el libertario lo trat\u00f3 de mentiroso<\/p>\n<p>A 11 d\u00edas para el balotaje, Sergio Massa <strong>busca seducir el dif\u00edcil voto cordob\u00e9s<\/strong> con anuncios, pedidos de disculpas y hasta gui\u00f1os al cuarteto. Durante su visita a la provincia, el candidato de Uni\u00f3n por la Patria dijo que su rival de La Libertad Avanza, Javier Milei, odia ese g\u00e9nero musical, y en cambio \u00e9l lo baila en su casa. El libertario luego le respondi\u00f3.<\/p>\n<p>&quot;Vengo de dialogar con los integrantes de la cultura del cuarteto cordob\u00e9s. <strong>Milei dijo que el cuarteto era una mierda, y yo en mi casa bailo cuarteto. <\/strong>Esos son los dos pa\u00edses que est\u00e1n en juego&quot;, expres\u00f3 en una entrevista con el diario <em>La Voz<\/em>.<\/p>\n<p>En este sentido, el ministro de Econom\u00eda consider\u00f3 que la diferencia con Milei tambi\u00e9n se ve en la cultura.<\/p>\n<p>Milei recogi\u00f3 el guante y respondi\u00f3, con un extracto de la entrevista que dio Massa: &quot;Sos un mentiroso. Te desaf\u00edo a que muestres cu\u00e1ndo he dicho semejante cosa. Por si te sirve el dato, te cuento que Rodrigo es parte de la m\u00fasica con la que viajamos por todo el pa\u00eds&quot;.<\/p>\n<blockquote>\n<p>.@SergioMassa SOS UN MENTIROSO<br \/>Te desaf\u00edo a que muestres cuando he dicho semejante cosa. Por si te sirve el dato, te cuento que Rodrigo es parte de la m\u00fasica con la que viajamos por todo el pa\u00eds&#8230; https:\/\/t.co\/GUrSywa4Fw<\/p>\n<p>\u2014 Javier Milei (@JMilei) November 8, 2023<\/p><\/blockquote>\n<p>Tanto el candidato libertario como sus seguidores aseguran que lo que dijo Massa se trata de una &quot;fake news&quot;. En definitiva, es un cruce m\u00e1s entre los dos candidatos a pocos d\u00edas de que se desarrolle el balotaje para definir al presidente.<\/p>\n<h2>Massa fue a C\u00f3rdoba a buscar los votos que m\u00e1s esquivos le son al kirchnerismo<\/h2>\n<p>Consultado sobre qu\u00e9 expectativa electoral tiene en C\u00f3rdoba, Massa respondi\u00f3: &quot;Yo quiero que la mayor cantidad de argentinos me vote. <strong>No ando buscando que me voten m\u00e1s en un determinado lugar. El voto de cada argentino vale. <\/strong>El tema es m\u00e1s simple de lo que parece. Ac\u00e1 la clave es la Argentina con venta de armas libre. La Argentina con la venta de \u00f3rganos&quot;.<\/p>\n<p>Tambi\u00e9n volvi\u00f3 a pedirles disculpas a los cordobeses. &quot;Repito que es importante que tengamos la humildad de saber reconocer y pedir perd\u00f3n. Tambi\u00e9n de defender la verdad&quot;, enfatiz\u00f3.<\/p>\n<p>&quot;Vine a C\u00f3rdoba a poner en funcionamiento de la Sube, para m\u00e1s de dos millones de cordobeses. Vine a poner el cupo de biocumbustibles. Le transferimos a Epec los 100 millones de d\u00f3lares que necesita para ampliar potencia, yo hago, no opino sobre lo que dicen otros dirigentes pol\u00edticos&quot;, agreg\u00f3 en referencia a las cr\u00edticas que recibi\u00f3 por formar parte del actual gobierno.<\/p>\n<p>Tambi\u00e9n remarc\u00f3 que tiene la intenci\u00f3n de trabajar &quot;codo a codo&quot; con el gobernador electo Mart\u00edn Llaryora, con quien espera resolver <strong>&quot;sin la necesidad de que haya un juicio&quot;<\/strong> el reclamo de Schiaretti sobre la falta de actualizaci\u00f3n de los giros de la ANSES a la caja de jubilaciones.<\/p>\n<p>&quot;Fui el primero que le firm\u00f3 a C\u00f3rdoba el derecho recibir la compensaci\u00f3n del Estado nacional. Hay que actualizar los desembolsos, pero hay realidades distintas de armonizaci\u00f3n. Vamos a resolver la cuesti\u00f3n caso por caso&quot;, dijo.<\/p>\n<p>Por su parte, afirm\u00f3 que no tiene &quot;ning\u00fan conflicto&quot; con Schiaretti y que su mirada es que &quot;si la segunda vuelta fuera entre Milei y Schiaretti&quot;, \u00e9l votar\u00eda al dirigente cordob\u00e9s. <\/p>\n<p>&quot;En el 2015, cuando yo jugaba para presidente, con mi espacio pol\u00edtico, \u00e9l y \u201cel Gallego\u201d (Jos\u00e9 Manuel) De la Sota me acompa\u00f1aron en aquel hermoso acto en el Orfeo, y yo valoro eso&quot;, agreg\u00f3 en referencia a Schiaretti. Y dijo no hace diferencia entre el gobernador saliente de C\u00f3rdoba y el nuevo: &quot;Las cosas que tengo que discutir en privado, lo hago en privado. Me parece que parte del da\u00f1o en credibilidad de la pol\u00edtica es caer en la cosa vulgar de chicanearse por los medios. Eso lastima la confianza de la sociedad&quot;.<\/p>\n<p>Cuando le preguntaron si cre\u00eda que Schiaretti estuviera jugando para Milei, Massa respondi\u00f3 que no ten\u00eda idea, pero que <strong>&quot;lo importante es lo que piense la gente&quot;<\/strong>.<\/p>\n<p>&quot;\u00bfUstedes creen que la gente es ganado? Yo vi a muchos dirigentes e intendentes peronistas, radicales, vecinalistas que me acompa\u00f1aron en el acto de Juniors, y me hicieron emocionar. Convivieron en el acto gente que hace pocos meses se enfrentaron en las elecciones provinciales. Mi objetivo es convocar a un gobierno de unidad nacional que supere las mezquindades de la pol\u00edtica&quot;, sentenci\u00f3.<\/p>\n<p>Por \u00faltimo, dio a entender que reducir\u00e1 las retenciones para el campo: &quot;Probablemente haya alg\u00fan anuncio en el debate del domingo pr\u00f3ximo&quot;.<\/p>\n<h2>La postura de Massa sobre el juicio a la Corte Suprema<\/h2>\n<p>En la entrevista que dio en C\u00f3rdoba, Sergio Massa se pronunci\u00f3 tambi\u00e9n sobre el juicio pol\u00edtico a la Corte Suprema que lleva adelante el kirchnerismo: <strong>&quot;Creo que la discusi\u00f3n de la Corte es la \u00faltima que debemos darnos&quot;<\/strong>.<\/p>\n<p>&quot;Le comuniqu\u00e9 a la presidenta de la comisi\u00f3n y de la c\u00e1mara que era poco cuidadoso prestar debate ahora el funcionamiento de la Corte en un proceso electoral&quot;, dijo.<\/p>\n<p>Y agreg\u00f3: &quot;Los juicios laborales, los juicios de adopci\u00f3n, que un juez demore tanto tiempo un allanamiento. Hay que buscar un mecanismo para mejorar. De este modo terminamos discutiendo la Justicia de los pol\u00edticos y no la de la gente. Hay empresas que evaden impuestos y que parecen amparadas por las leyes y los jueces. Hay muchas cuestiones que resolver antes que la Corte Suprema&quot;.<\/p>\n","protected":false},"excerpt":{"rendered":"<p>Sergio Massa asegur\u00f3 que &#8220;Milei dijo que el cuarteto era una mierda&#8221; y el libertario lo trat\u00f3 de mentirosoA 11 d\u00edas para el balotaje, Sergio Massa busca seducir el dif\u00edcil voto cordob\u00e9s con anuncios, pedidos de disculpas y hasta gui\u00f1os al cuarteto. Durante su visita a la provincia, el candidato de Uni\u00f3n por la Patria dijo que su rival de La Libertad Avanza, Javier Milei, odia ese g\u00e9nero musical, y en cambio \u00e9l lo baila en su casa. El libertario luego le respondi\u00f3.<br \/>\n&#8220;Vengo de dialogar con los integrantes de la cultura del cuarteto cordob\u00e9s. Milei dijo que el cuarteto era una mierda, y yo en mi casa bailo cuarteto. Esos son los dos pa\u00edses que est\u00e1n en juego&#8221;, expres\u00f3 en una entrevista con el diario La Voz.<br \/>\nEn este sentido, el ministro de Econom\u00eda consider\u00f3 que la diferencia con Milei tambi\u00e9n se ve en la cultura.<br \/>\nMilei recogi\u00f3 el guante y respondi\u00f3, con un extracto de la entrevista que dio Massa: &#8220;Sos un mentiroso. Te desaf\u00edo a que muestres cu\u00e1ndo he dicho semejante cosa. Por si te sirve e..<\/p>\n","protected":false},"author":2,"featured_media":11108,"comment_status":"","ping_status":"","sticky":false,"template":"","format":"standard","meta":{"footnotes":""},"categories":[7],"tags":[],"_links":{"self":[{"href":"https:\/\/maxradio923.com.ar\/index.php\/wp-json\/wp\/v2\/posts\/11107"}],"collection":[{"href":"https:\/\/maxradio923.com.ar\/index.php\/wp-json\/wp\/v2\/posts"}],"about":[{"href":"https:\/\/maxradio923.com.ar\/index.php\/wp-json\/wp\/v2\/types\/post"}],"author":[{"embeddable":true,"href":"https:\/\/maxradio923.com.ar\/index.php\/wp-json\/wp\/v2\/users\/2"}],"replies":[{"embeddable":true,"href":"https:\/\/maxradio923.com.ar\/index.php\/wp-json\/wp\/v2\/comments?post=11107"}],"version-history":[{"count":0,"href":"https:\/\/maxradio923.com.ar\/index.php\/wp-json\/wp\/v2\/posts\/11107\/revisions"}],"wp:featuredmedia":[{"embeddable":true,"href":"https:\/\/maxradio923.com.ar\/index.php\/wp-json\/wp\/v2\/media\/11108"}],"wp:attachment":[{"href":"https:\/\/maxradio923.com.ar\/index.php\/wp-json\/wp\/v2\/media?parent=11107"}],"wp:term":[{"taxonomy":"category","embeddable":true,"href":"https:\/\/maxradio923.com.ar\/index.php\/wp-json\/wp\/v2\/categories?post=11107"},{"taxonomy":"post_tag","embeddable":true,"href":"https:\/\/maxradio923.com.ar\/index.php\/wp-json\/wp\/v2\/tags?post=11107"}],"curies":[{"name":"wp","href":"https:\/\/api.w.org\/{rel}","templated":true}]}}