{"id":11099,"date":"2023-11-08T14:54:38","date_gmt":"2023-11-08T17:54:38","guid":{"rendered":"https:\/\/maxradio923.com\/index.php\/2023\/11\/08\/devolucion-del-iva-comenzaran-a-recibirlo-los-trabajadores-informales\/"},"modified":"2023-11-08T14:54:38","modified_gmt":"2023-11-08T17:54:38","slug":"devolucion-del-iva-comenzaran-a-recibirlo-los-trabajadores-informales","status":"publish","type":"post","link":"https:\/\/maxradio923.com.ar\/index.php\/2023\/11\/08\/devolucion-del-iva-comenzaran-a-recibirlo-los-trabajadores-informales\/","title":{"rendered":"Devoluci\u00f3n del IVA: comenzar\u00e1n a recibirlo los trabajadores informales"},"content":{"rendered":"<p>Devoluci\u00f3n del IVA: comenzar\u00e1n a recibirlo los trabajadores informales<\/p>\n<p>Extienden el programa <strong>Compre sin IVA. Seg\u00fan inform\u00f3<\/strong> la ANSeS esta ma\u00f1ana, a partir del lunes, las 2,5 millones de personas que ya cobran el Refuerzo para trabajadores informales recibir\u00e1n ahora la devoluci\u00f3n del Impuesto al Valor Agregado.<\/p>\n<p>\u00bfC\u00f3mo ser\u00e1? La devoluci\u00f3n se har\u00e1 a trav\u00e9s de la tarjeta de d\u00e9bito por donde se percibe el beneficio. El programa tiene el mismo esp\u00edritu que el dise\u00f1ado para los trabajadores formales, es decir, se devolver\u00e1n<strong> hasta $ 18.800<\/strong> por compras de productos que forman parte de la <strong>canasta de alimentos, medicamentos, higiene personal y limpieza del hogar.<\/strong><\/p>\n<p>Para aprovechar el beneficio en forma total, la persona debe gastar hasta <strong>unos $ 89.500 por mes.<\/strong><\/p>\n<p>Seg\u00fan registros del organismo que conduce Fernanda Raverta, desde que se puso en marcha el Compre sin IVA, 16 millones y medio de personas ya recibieron el reintegro, lo que equivale a operaciones por m\u00e1s de $ 128.000 millones y <strong>devoluciones por m\u00e1s de $ 26.500 millones<\/strong>.<\/p>\n<p>En t\u00e9rminos del consumo,<strong> el reintegro representa el 11% <\/strong>de lo que los usuarios gastaron en la canasta.<\/p>\n<p>La medida regir\u00e1 <strong>hasta el 30 de diciembre <\/strong>y, de ser convertido en ley, el programa ser\u00e1 implementado de manera definitiva.<\/p>\n<h2>Datos por provincia, edad y g\u00e9nero del cobro del Refuerzo<\/h2>\n<p>Con respecto a c\u00f3mo se distribuy\u00f3 el Refuerzo para trabajadores informales en todo el pa\u00eds, lo solicitaron y recibieron: <\/p>\n<ul>\n<li><strong>Buenos Aires<\/strong>: 841.162 personas<\/li>\n<li><strong>Santa Fe<\/strong>: 219.119 personas<\/li>\n<li><strong>C\u00f3rdoba<\/strong>: 172.091 personas<\/li>\n<li><strong>Tucum\u00e1n<\/strong>: 137.754 personas<\/li>\n<li><strong>Santiago del Estero<\/strong>: 132.218 personas<\/li>\n<li><strong>Chaco<\/strong>: 131.309 personas<\/li>\n<li><strong>Salta<\/strong>: 119.593 personas<\/li>\n<li><strong>Mendoza<\/strong>: 116.876 personas<\/li>\n<li><strong>Corrientes:<\/strong> 108.123 personas<\/li>\n<li><strong>Misiones<\/strong>: 96.853 personas<\/li>\n<li><strong>Entre R\u00edos:<\/strong> 79.958 personas<\/li>\n<li><strong>San Juan<\/strong>: 64.768 personas<\/li>\n<li><strong>Formosa<\/strong>: 57.639 personas<\/li>\n<li><strong>Jujuy<\/strong>: 55.201 personas<\/li>\n<li><strong>Ciudad de Buenos Aires<\/strong>: 52.831 personas<\/li>\n<li><strong>San Luis<\/strong>: 2.781 personas<\/li>\n<li><strong>R\u00edo Negro<\/strong>: 31.390 personas<\/li>\n<li><strong>La Rioja<\/strong>: 28.182 personas<\/li>\n<li><strong>Catamarca<\/strong>: 27.844 personas<\/li>\n<li><strong>Chubut:<\/strong> 20.161 personas<\/li>\n<li><strong>Neuqu\u00e9n<\/strong>: 20.061 personas<\/li>\n<li><strong>La Pampa<\/strong>: 13.313 personas<\/li>\n<li><strong>Santa Cruz<\/strong>: 7423 personas<\/li>\n<li><strong>Tierra del Fuego<\/strong>: 3165 personas<\/li>\n<\/ul>\n<p>En cuanto al reparto etario, obtuvo un 26% de solicitudes entre 18 y 24 a\u00f1os; 17% entre 25 y 29 a\u00f1os; 12% entre 30 y 34 a\u00f1os; 9% entre 35 y 39 a\u00f1os; 8% entre 40 y 44 a\u00f1os; 8% entre 45 y 49 a\u00f1os; 8% entre 50 y 54 a\u00f1os; 7% entre 55 y 59 a\u00f1os y 4% entre 60 y 64 a\u00f1os.<\/p>\n<p>Sobre la distinci\u00f3n de g\u00e9nero, el Refuerzo fue requerido en un 70% por varones y en un 30% por mujeres.<\/p>\n<h2>Cu\u00e1nto demora el reintegro del &quot;Compre sin IVA&quot;<\/h2>\n<p>Seg\u00fan aclara AFIP, la acreditaci\u00f3n de la devoluci\u00f3n del 21% en la cuenta se realizar\u00e1 de la siguiente manera: los que compren entre las 0 y las 17 horas del mismo d\u00eda se har\u00e1 efectiva<strong> dentro de las 24 horas h\u00e1biles de efectuada<\/strong> cada operaci\u00f3n.<\/p>\n<p>En cambio, en el caso de las operaciones que <strong>se realicen luego de las 17,<\/strong> la devoluci\u00f3n se realizar\u00e1 <strong>dentro de las 48 horas h\u00e1biles<\/strong> de efectuada cada operaci\u00f3n de compra. <\/p>\n<p>SN<\/p>\n","protected":false},"excerpt":{"rendered":"<p>Devoluci\u00f3n del IVA: comenzar\u00e1n a recibirlo los trabajadores informalesExtienden el programa Compre sin IVA. Seg\u00fan inform\u00f3 la ANSeS esta ma\u00f1ana, a partir del lunes, las 2,5 millones de personas que ya cobran el Refuerzo para trabajadores informales recibir\u00e1n ahora la devoluci\u00f3n del Impuesto al Valor Agregado.<br \/>\n\u00bfC\u00f3mo ser\u00e1? La devoluci\u00f3n se har\u00e1 a trav\u00e9s de la tarjeta de d\u00e9bito por donde se percibe el beneficio. El programa tiene el mismo esp\u00edritu que el dise\u00f1ado para los trabajadores formales, es decir, se devolver\u00e1n hasta $ 18.800 por compras de productos que forman parte de la canasta de alimentos, medicamentos, higiene personal y limpieza del hogar.<br \/>\nPara aprovechar el beneficio en forma total, la persona debe gastar hasta unos $ 89.500 por mes.<br \/>\nSeg\u00fan registros del organismo que conduce Fernanda Raverta, desde que se puso en marcha el Compre sin IVA, 16 millones y medio de personas ya recibieron el reintegro, lo que equivale a operaciones por m\u00e1s de $ 128.000 millones y devoluciones por..<\/p>\n","protected":false},"author":2,"featured_media":11100,"comment_status":"","ping_status":"","sticky":false,"template":"","format":"standard","meta":{"footnotes":""},"categories":[2],"tags":[],"_links":{"self":[{"href":"https:\/\/maxradio923.com.ar\/index.php\/wp-json\/wp\/v2\/posts\/11099"}],"collection":[{"href":"https:\/\/maxradio923.com.ar\/index.php\/wp-json\/wp\/v2\/posts"}],"about":[{"href":"https:\/\/maxradio923.com.ar\/index.php\/wp-json\/wp\/v2\/types\/post"}],"author":[{"embeddable":true,"href":"https:\/\/maxradio923.com.ar\/index.php\/wp-json\/wp\/v2\/users\/2"}],"replies":[{"embeddable":true,"href":"https:\/\/maxradio923.com.ar\/index.php\/wp-json\/wp\/v2\/comments?post=11099"}],"version-history":[{"count":0,"href":"https:\/\/maxradio923.com.ar\/index.php\/wp-json\/wp\/v2\/posts\/11099\/revisions"}],"wp:featuredmedia":[{"embeddable":true,"href":"https:\/\/maxradio923.com.ar\/index.php\/wp-json\/wp\/v2\/media\/11100"}],"wp:attachment":[{"href":"https:\/\/maxradio923.com.ar\/index.php\/wp-json\/wp\/v2\/media?parent=11099"}],"wp:term":[{"taxonomy":"category","embeddable":true,"href":"https:\/\/maxradio923.com.ar\/index.php\/wp-json\/wp\/v2\/categories?post=11099"},{"taxonomy":"post_tag","embeddable":true,"href":"https:\/\/maxradio923.com.ar\/index.php\/wp-json\/wp\/v2\/tags?post=11099"}],"curies":[{"name":"wp","href":"https:\/\/api.w.org\/{rel}","templated":true}]}}