{"id":11097,"date":"2023-11-08T14:14:11","date_gmt":"2023-11-08T17:14:11","guid":{"rendered":"https:\/\/maxradio923.com\/index.php\/2023\/11\/08\/el-papa-francisco-autorizo-la-beatificacion-del-cardenal-argentino-eduardo-francisco-pironio\/"},"modified":"2023-11-08T14:14:11","modified_gmt":"2023-11-08T17:14:11","slug":"el-papa-francisco-autorizo-la-beatificacion-del-cardenal-argentino-eduardo-francisco-pironio","status":"publish","type":"post","link":"https:\/\/maxradio923.com.ar\/index.php\/2023\/11\/08\/el-papa-francisco-autorizo-la-beatificacion-del-cardenal-argentino-eduardo-francisco-pironio\/","title":{"rendered":"El papa Francisco autoriz\u00f3 la beatificaci\u00f3n del cardenal argentino Eduardo Francisco Pironio"},"content":{"rendered":"<p>El papa Francisco autoriz\u00f3 la beatificaci\u00f3n del cardenal argentino Eduardo Francisco Pironio<\/p>\n<p>El <strong>papa Francisco<\/strong> firm\u00f3 este mi\u00e9rcoles el decreto en el que se <strong>aprueba el milagro<\/strong> atribuido al <strong>cardenal argentino Eduardo Francisco Pironio<\/strong>, fallecido en Roma en 1998, y lo que significa que <strong>ser\u00e1 proclamado beato.<\/strong><\/p>\n<p>El Sumo Pont\u00edfice firm\u00f3 este decreto, junto con otros, tras mantener una audiencia con el cardenal Marcello Semeraro, prefecto de la Congregaci\u00f3n para la Causa de los Santos.<\/p>\n<p>El cardenal naci\u00f3 el 3 de diciembre de 1920 en la localidad de 9 de Julio y muri\u00f3 el 5 de febrero de 1998 en Roma, pero <strong>sus restos volvieron a la Argentina y fueron trasladados a Lujan<\/strong>.<\/p>\n<p>Seg\u00fan adelant\u00f3 la Agencia Cat\u00f3lica Argentina (ACA), el milagro atribuido al cardenal fue la <strong>presunta curaci\u00f3n de un beb\u00e9 de 15 meses<\/strong> que se encontraba en coma y despu\u00e9s de que sus padres rezaron ante una estampita del purpurado argentino, obsequiada por el padre Silvano de Sarro, de la parroquia San Antonio de Padua.<\/p>\n<p>Durante su funeral en el Vaticano, el papa Juan Pablo II destac\u00f3 su gran aporte a las celebraciones de las Jornadas mundiales de la juventud y la gran ayuda que le dio durante su ministerio.<\/p>\n<p>  Fue el menor de 23 hijos, naci\u00f3 en una familia de inmigrantes italianos en Argentina. Complet\u00f3 sus estudios eclesi\u00e1sticos en el seminario de la archidi\u00f3cesis de La Plata y obtuvo la licenciatura en teolog\u00eda en la Pontificia Universidad Angelicum de Roma. <\/p>\n<p>  Ordenado sacerdote el 5 de diciembre de 1943 fue profesor y luego rector del seminario de Buenos Aires y posteriormente se convirti\u00f3 en decano de la facultad de teolog\u00eda de la Universidad Cat\u00f3lica Argentina.<\/p>\n<p>Primero fue nombrado obispo auxiliar de la archidi\u00f3cesis de La Plata y, m\u00e1s tarde, obispo de Mar del Plata y tambi\u00e9n fue secretario y luego presidente de la Conferencia Episcopal Latinoamericana (CELAM).<\/p>\n<p>  En 1975 fue llamado a Roma por Pablo VI como prefecto de la Congregaci\u00f3n para los Religiosos y, m\u00e1s tarde, nombrado Presidente del Consejo Pontificio para los Laicos por Juan Pablo II. <\/p>\n<p>El camino hacia la santidad tiene varias etapas: la primera es ser declarado venerable siervo de Dios,<strong> la segunda beato y la tercera santo<\/strong>.<\/p>\n<p>  Venerable Siervo de Dios es el t\u00edtulo que se da a una persona muerta a la que se reconoce &quot;haber vivido las virtudes de manera heroica&quot;. <\/p>\n<p>Para que un venerable sea beatificado es necesario que se haya producido un milagro debido a su intercesi\u00f3n, como este caso, y para que sea canonizado, hecho santo, se precisa un segundo milagro obrado &quot;por intercesi\u00f3n&quot; despu\u00e9s de ser proclamado beato.<\/p>\n<p><em>Con informaci\u00f3n de EFE<\/em><\/p>\n<p><em>D.D.<\/em><\/p>\n","protected":false},"excerpt":{"rendered":"<p>El papa Francisco autoriz\u00f3 la beatificaci\u00f3n del cardenal argentino Eduardo Francisco PironioEl papa Francisco firm\u00f3 este mi\u00e9rcoles el decreto en el que se aprueba el milagro atribuido al cardenal argentino Eduardo Francisco Pironio, fallecido en Roma en 1998, y lo que significa que ser\u00e1 proclamado beato.<br \/>\nEl Sumo Pont\u00edfice firm\u00f3 este decreto, junto con otros, tras mantener una audiencia con el cardenal Marcello Semeraro, prefecto de la Congregaci\u00f3n para la Causa de los Santos.<br \/>\nEl cardenal naci\u00f3 el 3 de diciembre de 1920 en la localidad de 9 de Julio y muri\u00f3 el 5 de febrero de 1998 en Roma, pero sus restos volvieron a la Argentina y fueron trasladados a Lujan.<br \/>\nSeg\u00fan adelant\u00f3 la Agencia Cat\u00f3lica Argentina (ACA), el milagro atribuido al cardenal fue la presunta curaci\u00f3n de un beb\u00e9 de 15 meses que se encontraba en coma y despu\u00e9s de que sus padres rezaron ante una estampita del purpurado argentino, obsequiada por el padre Silvano de Sarro, de la parroquia San Antonio de Padua.<br \/>\nDurante su fun..<\/p>\n","protected":false},"author":2,"featured_media":11098,"comment_status":"","ping_status":"","sticky":false,"template":"","format":"standard","meta":{"footnotes":""},"categories":[9],"tags":[],"_links":{"self":[{"href":"https:\/\/maxradio923.com.ar\/index.php\/wp-json\/wp\/v2\/posts\/11097"}],"collection":[{"href":"https:\/\/maxradio923.com.ar\/index.php\/wp-json\/wp\/v2\/posts"}],"about":[{"href":"https:\/\/maxradio923.com.ar\/index.php\/wp-json\/wp\/v2\/types\/post"}],"author":[{"embeddable":true,"href":"https:\/\/maxradio923.com.ar\/index.php\/wp-json\/wp\/v2\/users\/2"}],"replies":[{"embeddable":true,"href":"https:\/\/maxradio923.com.ar\/index.php\/wp-json\/wp\/v2\/comments?post=11097"}],"version-history":[{"count":0,"href":"https:\/\/maxradio923.com.ar\/index.php\/wp-json\/wp\/v2\/posts\/11097\/revisions"}],"wp:featuredmedia":[{"embeddable":true,"href":"https:\/\/maxradio923.com.ar\/index.php\/wp-json\/wp\/v2\/media\/11098"}],"wp:attachment":[{"href":"https:\/\/maxradio923.com.ar\/index.php\/wp-json\/wp\/v2\/media?parent=11097"}],"wp:term":[{"taxonomy":"category","embeddable":true,"href":"https:\/\/maxradio923.com.ar\/index.php\/wp-json\/wp\/v2\/categories?post=11097"},{"taxonomy":"post_tag","embeddable":true,"href":"https:\/\/maxradio923.com.ar\/index.php\/wp-json\/wp\/v2\/tags?post=11097"}],"curies":[{"name":"wp","href":"https:\/\/api.w.org\/{rel}","templated":true}]}}