{"id":11091,"date":"2023-11-08T13:54:16","date_gmt":"2023-11-08T16:54:16","guid":{"rendered":"https:\/\/maxradio923.com\/index.php\/2023\/11\/08\/jorge-lanata-recordo-que-fue-victima-de-espionaje-ilegal-escucharon-una-conversacion-con-mi-hija-que-era-chica-y-me-dio-una-sensacion-muy-fea\/"},"modified":"2023-11-08T13:54:16","modified_gmt":"2023-11-08T16:54:16","slug":"jorge-lanata-recordo-que-fue-victima-de-espionaje-ilegal-escucharon-una-conversacion-con-mi-hija-que-era-chica-y-me-dio-una-sensacion-muy-fea","status":"publish","type":"post","link":"https:\/\/maxradio923.com.ar\/index.php\/2023\/11\/08\/jorge-lanata-recordo-que-fue-victima-de-espionaje-ilegal-escucharon-una-conversacion-con-mi-hija-que-era-chica-y-me-dio-una-sensacion-muy-fea\/","title":{"rendered":"Jorge Lanata record\u00f3 que fue v\u00edctima de espionaje ilegal: &#8220;Escucharon una conversaci\u00f3n con mi hija, que era chica, y me dio una sensaci\u00f3n muy fea&#8221;"},"content":{"rendered":"<p>Jorge Lanata record\u00f3 que fue v\u00edctima de espionaje ilegal: &quot;Escucharon una conversaci\u00f3n con mi hija, que era chica, y me dio una sensaci\u00f3n muy fea&quot;<\/p>\n<p>En medio del esc\u00e1ndalo por los nuevos casos de espionaje ilegal, Jorge Lanata record\u00f3 cuando fue v\u00edctima de este delito y revel\u00f3 que se enter\u00f3 cuando vio en un expediente la transcripci\u00f3n de una conversaci\u00f3n telef\u00f3nica que mantuvo con su hija cuando ella ten\u00eda entre 6 y 8 a\u00f1os. <\/p>\n<p>&quot;Hace muchos a\u00f1os, un d\u00eda en el juzgado de Oyarbide, me hab\u00eda llamado a declarar por una causa, no recuerdo cu\u00e1l, me encuentro con la desgrabaci\u00f3n de mi tel\u00e9fono en unas hojas que ten\u00eda en el escritorio. Le pregunto si la pod\u00eda leer y <strong>yo estaba hablando con mi hija B\u00e1rbara que en ese momento era chiquita <\/strong>y era la conversaci\u00f3n con una nena de cinco a\u00f1os&quot;, cont\u00f3 en radio Mitre.<\/p>\n<p>El periodista cont\u00f3 el episodio durante el pase con Eduardo Feinmann por radio Mitre y asegur\u00f3 que le dio una<strong> &quot;fea sensaci\u00f3n&quot;.<\/strong><\/p>\n<p>&quot;Me parec\u00eda todo sucio, mezclado por una mierda de un boludo que lo escuch\u00f3, otro que lo desgrab\u00f3&quot;, relat\u00f3.<\/p>\n<p>El hecho relatado por el conductor se produce en medio de la investigaci\u00f3n por las escuchas a personalidades de diferentes \u00e1mbitos p\u00fablicos, que figuran c\u00f3mo v\u00edctimas del supuesto espionaje ilegal K que se difundi\u00f3 por un dictamen del fiscal Gerardo Pollicita. <\/p>\n<p>Entre la extensa lista de espiados ilegalmente, unas 1196, se encuentran desde el presidente Alberto Fern\u00e1ndez a Marcelo Tinelli. De Claudio &quot;Chiqui&quot; Tapia a Victoria Tolosa Paz. Tambi\u00e9n periodistas y dirigentes de peso como Javier Milei, Sergio Massa, Jorge Macri y Horacio Rodr\u00edguez Larreta, entre otros jueces fiscales y famosos.<\/p>\n<p><img decoding=\"async\" alt=\"El diputado Rodolfo Tailhade, uno de los principales se\u00f1alados en el marco del espionaje ilegal.  Foto Rolando Andrade Stracuzzi. \" src=\"https:\/\/www.clarin.com\/img\/2023\/05\/30\/7Th7SiiDT_720x0__1.jpg\"\/>El diputado Rodolfo Tailhade, uno de los principales se\u00f1alados en el marco del espionaje ilegal.  Foto Rolando Andrade Stracuzzi. <\/p>\n<p>&quot;Eso es eterno en Argentina, hay un poder debajo del poder que sigue funcionando y estos estaban vinculados directamente a la AFI, no es que no eran de la AFI, remit\u00edan a la AFI&quot;, expres\u00f3 Lanata respecto a la Agencia Federal de Inteligencia.<\/p>\n<p>En esa l\u00ednea, sostuvo que funciona en la actualidad en la Argentina un &quot;subsuelo que todo el tiempo sigue funcionando&quot;, en referencia a los agentes que realizan escuchas ilegales.<\/p>\n<p>El periodista tambi\u00e9n apunt\u00f3 al diputado ultra K Rodolfo Tailhade, quien este mi\u00e9rcoles admiti\u00f3 que los chats con el expolic\u00eda detenido Ariel Zanchetta son reales pero intent\u00f3 desligarse, al asegurar que no lo conoce ni recibi\u00f3 de \u00e9l informaci\u00f3n de ning\u00fan juez.<\/p>\n<p>&quot;A Tailhade hay que sacarlo, no puede estar en la comisi\u00f3n de Inteligencia y a la vez investigar esto&quot;, manifest\u00f3.<\/p>\n<p>El legislador, adem\u00e1s, es uno de los principales impulsores de la avanzada k contra la Corte Suprema en la comisi\u00f3n de Juicio Pol\u00edtico de la c\u00e1mara Baja. <\/p>\n<p>El diputado kirchnerista busc\u00f3 despegarse se\u00f1alando que se trata de una &quot;operaci\u00f3n&quot; que busca &quot;decir que uno de los diputados m\u00e1s activos de la comisi\u00f3n de juicio pol\u00edtico hizo espionaje&quot;.<\/p>\n","protected":false},"excerpt":{"rendered":"<p>Jorge Lanata record\u00f3 que fue v\u00edctima de espionaje ilegal: &#8220;Escucharon una conversaci\u00f3n con mi hija, que era chica, y me dio una sensaci\u00f3n muy fea&#8221;En medio del esc\u00e1ndalo por los nuevos casos de espionaje ilegal, Jorge Lanata record\u00f3 cuando fue v\u00edctima de este delito y revel\u00f3 que se enter\u00f3 cuando vio en un expediente la transcripci\u00f3n de una conversaci\u00f3n telef\u00f3nica que mantuvo con su hija cuando ella ten\u00eda entre 6 y 8 a\u00f1os.<br \/>\n&#8220;Hace muchos a\u00f1os, un d\u00eda en el juzgado de Oyarbide, me hab\u00eda llamado a declarar por una causa, no recuerdo cu\u00e1l, me encuentro con la desgrabaci\u00f3n de mi tel\u00e9fono en unas hojas que ten\u00eda en el escritorio. Le pregunto si la pod\u00eda leer y yo estaba hablando con mi hija B\u00e1rbara que en ese momento era chiquita y era la conversaci\u00f3n con una nena de cinco a\u00f1os&#8221;, cont\u00f3 en radio Mitre.<br \/>\nEl periodista cont\u00f3 el episodio durante el pase con Eduardo Feinmann por radio Mitre y asegur\u00f3 que le dio una &#8220;fea sensaci\u00f3n&#8221;.<br \/>\n&#8220;Me parec\u00eda todo sucio, mezclado por una mierda de un boludo que lo ..<\/p>\n","protected":false},"author":2,"featured_media":11092,"comment_status":"","ping_status":"","sticky":false,"template":"","format":"standard","meta":{"footnotes":""},"categories":[7],"tags":[],"_links":{"self":[{"href":"https:\/\/maxradio923.com.ar\/index.php\/wp-json\/wp\/v2\/posts\/11091"}],"collection":[{"href":"https:\/\/maxradio923.com.ar\/index.php\/wp-json\/wp\/v2\/posts"}],"about":[{"href":"https:\/\/maxradio923.com.ar\/index.php\/wp-json\/wp\/v2\/types\/post"}],"author":[{"embeddable":true,"href":"https:\/\/maxradio923.com.ar\/index.php\/wp-json\/wp\/v2\/users\/2"}],"replies":[{"embeddable":true,"href":"https:\/\/maxradio923.com.ar\/index.php\/wp-json\/wp\/v2\/comments?post=11091"}],"version-history":[{"count":0,"href":"https:\/\/maxradio923.com.ar\/index.php\/wp-json\/wp\/v2\/posts\/11091\/revisions"}],"wp:featuredmedia":[{"embeddable":true,"href":"https:\/\/maxradio923.com.ar\/index.php\/wp-json\/wp\/v2\/media\/11092"}],"wp:attachment":[{"href":"https:\/\/maxradio923.com.ar\/index.php\/wp-json\/wp\/v2\/media?parent=11091"}],"wp:term":[{"taxonomy":"category","embeddable":true,"href":"https:\/\/maxradio923.com.ar\/index.php\/wp-json\/wp\/v2\/categories?post=11091"},{"taxonomy":"post_tag","embeddable":true,"href":"https:\/\/maxradio923.com.ar\/index.php\/wp-json\/wp\/v2\/tags?post=11091"}],"curies":[{"name":"wp","href":"https:\/\/api.w.org\/{rel}","templated":true}]}}