{"id":11056,"date":"2023-11-08T10:43:58","date_gmt":"2023-11-08T13:43:58","guid":{"rendered":"https:\/\/maxradio923.com\/index.php\/2023\/11\/08\/bono-para-trabajadores-informales-lo-cobran-25-millones-de-personas-y-mas-de-la-mitad-tiene-menos-de-35-anos\/"},"modified":"2023-11-08T10:43:58","modified_gmt":"2023-11-08T13:43:58","slug":"bono-para-trabajadores-informales-lo-cobran-25-millones-de-personas-y-mas-de-la-mitad-tiene-menos-de-35-anos","status":"publish","type":"post","link":"https:\/\/maxradio923.com.ar\/index.php\/2023\/11\/08\/bono-para-trabajadores-informales-lo-cobran-25-millones-de-personas-y-mas-de-la-mitad-tiene-menos-de-35-anos\/","title":{"rendered":"Bono para trabajadores informales: lo cobran 2,5 millones de personas y m\u00e1s de la mitad tiene menos de 35 a\u00f1os"},"content":{"rendered":"<p>Bono para trabajadores informales: lo cobran 2,5 millones de personas y m\u00e1s de la mitad tiene menos de 35 a\u00f1os<\/p>\n<p>Finalmente, el <strong>bono para trabajadores informales de $ 94.000,<\/strong> que se pagar\u00e1 en dos cuotas de $ 47.000, alcanz\u00f3 a 2.571.411 personas, de las cuales <strong>el 55% tiene entre 18 y 35 a\u00f1os<\/strong>, de acuerdo a los registros de la ANSeS.<\/p>\n<p>De los 2.571.411 <strong>el 70% son varones y el 30% mujeres<\/strong> y, seg\u00fan el lugar de residencia, se destacan la Provincia de Buenos Aires (841.162), Santa Fe (219.119) y C\u00f3rdoba (172.091). En la Ciudad de Buenos Aires suman 52.831 personas.<\/p>\n<p>Actualmente,<strong> la inscripci\u00f3n est\u00e1 cerrada<\/strong> y la ANSeS est\u00e1 pagando <strong>la segunda cuota de $ 47.000.<\/strong> Queda el interrogante si ese refuerzo ser\u00e1 prorrogado, ya que esos trabajadores informales <strong>no reciben ning\u00fan tipo de ayuda estatal ni privada.<\/strong><\/p>\n<p>El peso de los menores de 35 a\u00f1os para el cobro del refuerzo extraordinario de trabajadores informales marca la <strong>precariedad y vulnerabilidad <\/strong>en la que se desenvuelven los j\u00f3venes. Y reproduce los datos del registro de trabajadores de la Econom\u00eda popular.(RENATEP)<\/p>\n<p>Como inform\u00f3 Clar\u00edn, <strong>los j\u00f3venes de menos de 35 a\u00f1os predominan <\/strong>en el Registro Nacional de Trabajadores de la Econom\u00eda Popular (Renatep), que incluye a quienes trabajan en su gran mayor\u00eda en la informalidad, sin ayuda estatal ni privada, en condiciones de pobreza y precariedad extrema.<\/p>\n<p>Son 2.238.219, de los cuales 867.688 tienen entre 18 y 24 a\u00f1os y 1.370.539 entre 25 y 35 a\u00f1os, seg\u00fan el Informe \u201cJuventudes y Econom\u00eda Popular en el RENATEP\u201d, con cifras a abril 2023.<\/p>\n<p>El Renatep comprende a <strong>vendedores ambulantes,<\/strong> personas que trabajan en comedores y merenderos comunitarios, fundamentalmente mujeres, feriantes, artesanos, <strong>cartoneros,<\/strong> recolectores informales de basura, <strong>limpiadores de vidrios de autos,<\/strong> peque\u00f1os agricultores; gente que se desempe\u00f1a en la construcci\u00f3n; quienes trabajan en infraestructura social y mejoramiento ambiental y peque\u00f1os productores y productoras manufactureras, entre otros rubros.<\/p>\n<p>As\u00ed las cifras oficiales marcan el nivel de precariedad e hipoteca en todos los \u00f3rdenes (laboral, social, econ\u00f3mica, seguridad social, educativa, etc) que sufre la poblaci\u00f3n joven.<\/p>\n<p>El Renatep ya cuenta con 3.618.606 inscriptos, de los cuales \u201c<strong>s\u00f3lo el 29,5% se encuentra dentro del plan Potenciar Trabajo<\/strong>\u201d, dice el Informe.<\/p>\n<p><em>NE<\/em><\/p>\n","protected":false},"excerpt":{"rendered":"<p>Bono para trabajadores informales: lo cobran 2,5 millones de personas y m\u00e1s de la mitad tiene menos de 35 a\u00f1osFinalmente, el bono para trabajadores informales de $ 94.000, que se pagar\u00e1 en dos cuotas de $ 47.000, alcanz\u00f3 a 2.571.411 personas, de las cuales el 55% tiene entre 18 y 35 a\u00f1os, de acuerdo a los registros de la ANSeS.<br \/>\nDe los 2.571.411 el 70% son varones y el 30% mujeres y, seg\u00fan el lugar de residencia, se destacan la Provincia de Buenos Aires (841.162), Santa Fe (219.119) y C\u00f3rdoba (172.091). En la Ciudad de Buenos Aires suman 52.831 personas.<br \/>\nActualmente, la inscripci\u00f3n est\u00e1 cerrada y la ANSeS est\u00e1 pagando la segunda cuota de $ 47.000. Queda el interrogante si ese refuerzo ser\u00e1 prorrogado, ya que esos trabajadores informales no reciben ning\u00fan tipo de ayuda estatal ni privada.<br \/>\nEl peso de los menores de 35 a\u00f1os para el cobro del refuerzo extraordinario de trabajadores informales marca la precariedad y vulnerabilidad en la que se desenvuelven los j\u00f3venes. Y reproduce los datos ..<\/p>\n","protected":false},"author":2,"featured_media":11057,"comment_status":"","ping_status":"","sticky":false,"template":"","format":"standard","meta":{"footnotes":""},"categories":[2],"tags":[],"_links":{"self":[{"href":"https:\/\/maxradio923.com.ar\/index.php\/wp-json\/wp\/v2\/posts\/11056"}],"collection":[{"href":"https:\/\/maxradio923.com.ar\/index.php\/wp-json\/wp\/v2\/posts"}],"about":[{"href":"https:\/\/maxradio923.com.ar\/index.php\/wp-json\/wp\/v2\/types\/post"}],"author":[{"embeddable":true,"href":"https:\/\/maxradio923.com.ar\/index.php\/wp-json\/wp\/v2\/users\/2"}],"replies":[{"embeddable":true,"href":"https:\/\/maxradio923.com.ar\/index.php\/wp-json\/wp\/v2\/comments?post=11056"}],"version-history":[{"count":0,"href":"https:\/\/maxradio923.com.ar\/index.php\/wp-json\/wp\/v2\/posts\/11056\/revisions"}],"wp:featuredmedia":[{"embeddable":true,"href":"https:\/\/maxradio923.com.ar\/index.php\/wp-json\/wp\/v2\/media\/11057"}],"wp:attachment":[{"href":"https:\/\/maxradio923.com.ar\/index.php\/wp-json\/wp\/v2\/media?parent=11056"}],"wp:term":[{"taxonomy":"category","embeddable":true,"href":"https:\/\/maxradio923.com.ar\/index.php\/wp-json\/wp\/v2\/categories?post=11056"},{"taxonomy":"post_tag","embeddable":true,"href":"https:\/\/maxradio923.com.ar\/index.php\/wp-json\/wp\/v2\/tags?post=11056"}],"curies":[{"name":"wp","href":"https:\/\/api.w.org\/{rel}","templated":true}]}}