{"id":11026,"date":"2023-11-08T05:33:58","date_gmt":"2023-11-08T08:33:58","guid":{"rendered":"https:\/\/maxradio923.com\/index.php\/2023\/11\/08\/debate-vicepresidencial-cuales-son-las-principales-funciones-de-un-vicepresidente\/"},"modified":"2023-11-08T05:33:58","modified_gmt":"2023-11-08T08:33:58","slug":"debate-vicepresidencial-cuales-son-las-principales-funciones-de-un-vicepresidente","status":"publish","type":"post","link":"https:\/\/maxradio923.com.ar\/index.php\/2023\/11\/08\/debate-vicepresidencial-cuales-son-las-principales-funciones-de-un-vicepresidente\/","title":{"rendered":"Debate vicepresidencial: cu\u00e1les son las principales funciones de un Vicepresidente"},"content":{"rendered":"<p>Debate vicepresidencial: cu\u00e1les son las principales funciones de un Vicepresidente<\/p>\n<p>El pr\u00f3ximo mi\u00e9rcoles 8 de noviembre se cruzar\u00e1n en un <strong>debate informal<\/strong> los dos candidatos a <strong>Vicepresidente <\/strong>de la Naci\u00f3n. <strong>Victoria Villarruel <\/strong>(La Libertad Avanza) o <strong>Agust\u00edn Rossi<\/strong> (Uni\u00f3n por la Patria) ocupar\u00e1n el cargo a partir del 10 de diciembre, dependiendo del resultado del pr\u00f3ximo balotaje.<\/p>\n<p>Igualmente, es importante entender qu\u00e9 funciones cumple un vicepresidente. En primer lugar, esta figura aparece en la <strong>Constituci\u00f3n Nacional<\/strong> a partir del <strong>art\u00edculo 88<\/strong>. &quot;En caso de enfermedad, ausencia de la Capital, muerte, renuncia o destituci\u00f3n del presidente del Poder Ejecutivo<strong> ser\u00e1 ejercido por el vicepresidente<\/strong> de la Naci\u00f3n&quot;, explica.<\/p>\n<p>Por otro lado, los <strong>tiempos y formalidades<\/strong> son las mismas para el presidente y su vicepresidente. Ambos ejercen su cargo por <strong>cuatro a\u00f1os<\/strong> con posibilidad de una reelecci\u00f3n; prestan el mismo juramento; tienen los <strong>mismos requisitos para postularse<\/strong>; y son elegidos directamente por el pueblo.<\/p>\n<p><img decoding=\"async\" alt=\"Agust\u00edn Rossi acompa\u00f1a a Sergio Massa en la f\u00f3rmula oficialista.\" src=\"https:\/\/www.clarin.com\/img\/2023\/09\/20\/oEMz18kKr_720x0__1.jpg\"\/>Agust\u00edn Rossi acompa\u00f1a a Sergio Massa en la f\u00f3rmula oficialista.<\/p>\n<p>Adem\u00e1s, la figura del vicepresidente funciona como nexo entre el poder ejecutivo y el poder legislativo, ya que es el <strong>presidente del Senado de la Naci\u00f3n<\/strong>. En la historia argentina, solo cinco vicepresidentes presentaron la renuncia:<\/p>\n<ul>\n<li>1958: Alejandro G\u00f3mez, durante la presidencia de Arturo Frondizi.<\/li>\n<li>1973: Vicente Solano Lima renunci\u00f3 junto con el presidente H\u00e9ctor C\u00e1mpora.<\/li>\n<li>1989: V\u00edctor Mart\u00ednez deja el poder junto a Ra\u00fal Alfons\u00edn para entregarlo anticipadamente a Carlos Menem.<\/li>\n<li>1991: Eduardo Duhalde deja la vicepresidencia para ser gobernador de Buenos Aires.<\/li>\n<li>2000: Carlos \u00c1lvarez renuncia por diferencias con Fernando de la R\u00faa.<\/li>\n<\/ul>\n<h2>Debate vicepresidencial: cu\u00e1ndo y d\u00f3nde es<\/h2>\n<p>El debate ser\u00e1 el mi\u00e9rcoles 8 de noviembre, en el programa <strong><em>A dos voces<\/em><\/strong> de Todo Noticias a partir de las <strong>22 horas<\/strong>. La conducci\u00f3n estar\u00e1 a cargo de <strong>Marcelo Bonelli<\/strong> y <strong>Edgardo Alfano<\/strong>.<\/p>\n<p><img decoding=\"async\" alt=\"Victoria Villarruel es la candidata a vicepresidente de La Libertad Avanza.\" src=\"https:\/\/www.clarin.com\/img\/2023\/11\/07\/s-YguWVsr_720x0__1.jpg\"\/>Victoria Villarruel es la candidata a vicepresidente de La Libertad Avanza.<\/p>\n<p>Este cruce <strong>no es de car\u00e1cter oficial<\/strong>, a diferencia del debate presidencial que se llevar\u00e1 a cabo el domingo 12 de noviembre. La idea de este encuentro es que los candidatos <strong>expongan las principales propuestas<\/strong> de sus fuerzas pol\u00edticas.<\/p>\n<h2>Tercer debate presidencial: cu\u00e1ndo es y qu\u00e9 temas se tratar\u00e1n<\/h2>\n<p>El tercer encuentro entre <strong>Javier Milei<\/strong> y <strong>Sergio Massa<\/strong> ya tiene fecha y horario. Ser\u00e1 el domingo <strong>12 de noviembre<\/strong> a partir de las 21 horas. Se podr\u00e1 ver en cualquier canal estatal, aunque otros medios privados tambi\u00e9n lo transmitir\u00e1n.<\/p>\n<p><img decoding=\"async\" alt=\"Javier Milei competir\u00e1 con Sergio Massa en el balotaje. Foto: EFE.\" src=\"https:\/\/www.clarin.com\/img\/2023\/11\/07\/VgkYix9as_720x0__1.jpg\"\/>Javier Milei competir\u00e1 con Sergio Massa en el balotaje. Foto: EFE.<\/p>\n<p>Los temas fueron confirmados por la C\u00e1mara Nacional Electoral; el primer bloque abarcar\u00e1 <strong>Econom\u00eda<\/strong>, <strong>Educaci\u00f3n y Salud y Relaciones Exteriores<\/strong>. Por otro lado, en la segunda parte del debate los candidatos deber\u00e1n hablar sobre <strong>Producci\u00f3n y Trabajo<\/strong>, <strong>Seguridad <\/strong>y <strong>Derechos Humanos y Convivencia<\/strong>.<\/p>\n","protected":false},"excerpt":{"rendered":"<p>Debate vicepresidencial: cu\u00e1les son las principales funciones de un VicepresidenteEl pr\u00f3ximo mi\u00e9rcoles 8 de noviembre se cruzar\u00e1n en un debate informal los dos candidatos a Vicepresidente de la Naci\u00f3n. Victoria Villarruel (La Libertad Avanza) o Agust\u00edn Rossi (Uni\u00f3n por la Patria) ocupar\u00e1n el cargo a partir del 10 de diciembre, dependiendo del resultado del pr\u00f3ximo balotaje.<br \/>\nIgualmente, es importante entender qu\u00e9 funciones cumple un vicepresidente. En primer lugar, esta figura aparece en la Constituci\u00f3n Nacional a partir del art\u00edculo 88. &#8220;En caso de enfermedad, ausencia de la Capital, muerte, renuncia o destituci\u00f3n del presidente del Poder Ejecutivo ser\u00e1 ejercido por el vicepresidente de la Naci\u00f3n&#8221;, explica.<br \/>\nPor otro lado, los tiempos y formalidades son las mismas para el presidente y su vicepresidente. Ambos ejercen su cargo por cuatro a\u00f1os con posibilidad de una reelecci\u00f3n; prestan el mismo juramento; tienen los mismos requisitos para postularse; y son elegidos directamente por el pue..<\/p>\n","protected":false},"author":2,"featured_media":11027,"comment_status":"","ping_status":"","sticky":false,"template":"","format":"standard","meta":{"footnotes":""},"categories":[7],"tags":[],"_links":{"self":[{"href":"https:\/\/maxradio923.com.ar\/index.php\/wp-json\/wp\/v2\/posts\/11026"}],"collection":[{"href":"https:\/\/maxradio923.com.ar\/index.php\/wp-json\/wp\/v2\/posts"}],"about":[{"href":"https:\/\/maxradio923.com.ar\/index.php\/wp-json\/wp\/v2\/types\/post"}],"author":[{"embeddable":true,"href":"https:\/\/maxradio923.com.ar\/index.php\/wp-json\/wp\/v2\/users\/2"}],"replies":[{"embeddable":true,"href":"https:\/\/maxradio923.com.ar\/index.php\/wp-json\/wp\/v2\/comments?post=11026"}],"version-history":[{"count":0,"href":"https:\/\/maxradio923.com.ar\/index.php\/wp-json\/wp\/v2\/posts\/11026\/revisions"}],"wp:featuredmedia":[{"embeddable":true,"href":"https:\/\/maxradio923.com.ar\/index.php\/wp-json\/wp\/v2\/media\/11027"}],"wp:attachment":[{"href":"https:\/\/maxradio923.com.ar\/index.php\/wp-json\/wp\/v2\/media?parent=11026"}],"wp:term":[{"taxonomy":"category","embeddable":true,"href":"https:\/\/maxradio923.com.ar\/index.php\/wp-json\/wp\/v2\/categories?post=11026"},{"taxonomy":"post_tag","embeddable":true,"href":"https:\/\/maxradio923.com.ar\/index.php\/wp-json\/wp\/v2\/tags?post=11026"}],"curies":[{"name":"wp","href":"https:\/\/api.w.org\/{rel}","templated":true}]}}