{"id":11022,"date":"2023-11-08T05:04:09","date_gmt":"2023-11-08T08:04:09","guid":{"rendered":"https:\/\/maxradio923.com\/index.php\/2023\/11\/08\/crimen-en-la-matanza-un-remisero-fue-asesinado-de-un-disparo-en-la-espalda\/"},"modified":"2023-11-08T05:04:09","modified_gmt":"2023-11-08T08:04:09","slug":"crimen-en-la-matanza-un-remisero-fue-asesinado-de-un-disparo-en-la-espalda","status":"publish","type":"post","link":"https:\/\/maxradio923.com.ar\/index.php\/2023\/11\/08\/crimen-en-la-matanza-un-remisero-fue-asesinado-de-un-disparo-en-la-espalda\/","title":{"rendered":"Crimen en La Matanza: un remisero fue asesinado de un disparo en la espalda"},"content":{"rendered":"<p>Crimen en La Matanza: un remisero fue asesinado de un disparo en la espalda<\/p>\n<p>Un remisero fue asesinado este martes de<strong> un disparo en la espalda<\/strong> en la localidad de Gonz\u00e1lez Cat\u00e1n, partido de La Matanza. La v\u00edctima del crimen, de 39 a\u00f1os, fue encontrada a metros de su auto, que estaba encendido y con las puertas abiertas.<\/p>\n<p>El hecho ocurri\u00f3 esta madrugada en avenida Doctor Jos\u00e9 Equiza y la calle Esteco, en el barrio Villa Dorrego, y la v\u00edctima fue identificada como H\u00e9ctor Jorge Abraham Almir\u00f3n.<\/p>\n<p>Los polic\u00edas que fueron alertados por el 911 hallaron<strong> a pocos metros del cuerpo un auto<\/strong> Renault Logan negro. Seg\u00fan las fuentes, ese veh\u00edculo era utilizado por el hombre que trabajaba como remisero.<\/p>\n<p>Los investigadores<strong> procuraban determinar las circunstancias<\/strong> del asesinato y buscaban testigos que hayan visto o escuchado alguna discusi\u00f3n previa, teniendo en cuenta que<strong> no encontraron c\u00e1maras de seguridad<\/strong> en la zona.<\/p>\n<p>El hecho es investigado por el fiscal Mat\u00edas Folino, a cargo de la Unidad Funcional de Instrucci\u00f3n (UFI) Tem\u00e1tica Homicidios Dolosos del Departamento Judicial La Matanza.<\/p>\n<p>Hace menos de un mes, en esa misma localidad bonaerense, tres adolescentes de entre 15 y 17 a\u00f1os fueron detenidos por el asesinato de Leonor Isabel Morales, a quien mataron para robarle el auto.<\/p>\n<p>La captura se produjo luego de que un nieto de la v\u00edctima descubriera que ofrec\u00edan el veh\u00edculo robado a su abuela a trav\u00e9s de una publicaci\u00f3n en Instagram.<\/p>\n<p><img decoding=\"async\" alt=\"Leonor Isabel Morales (67), asesinada en Gonz\u00e1lez Cat\u00e1n, La Matanza.\" src=\"https:\/\/www.clarin.com\/img\/2023\/10\/12\/ubCoQTle5_720x0__1.jpg\"\/>Leonor Isabel Morales (67), asesinada en Gonz\u00e1lez Cat\u00e1n, La Matanza.<\/p>\n<p>Uno de los detenidos, de 17 a\u00f1os, hab\u00eda recuperado la libertad una semana antes de ese episodio y fue acusado de ser uno de los autores del homicidio. En uno de sus domicilios, incluso, se hall\u00f3 una pistola calibre 22 que podr\u00eda ser el arma homicida.<\/p>\n<p>Los otros dos, de 15 y 17 a\u00f1os, quedaron involucrados por ofrecer en las redes el Volkswagen Gol Trend robado, aunque tambi\u00e9n se los investigaba como posibles part\u00edcipes del asesinato de la mujer de 67 a\u00f1os.<\/p>\n<p><em>Con informaci\u00f3n de T\u00e9lam.<\/em><\/p>\n<p><em>ES<\/em><\/p>\n","protected":false},"excerpt":{"rendered":"<p>Crimen en La Matanza: un remisero fue asesinado de un disparo en la espaldaUn remisero fue asesinado este martes de un disparo en la espalda en la localidad de Gonz\u00e1lez Cat\u00e1n, partido de La Matanza. La v\u00edctima del crimen, de 39 a\u00f1os, fue encontrada a metros de su auto, que estaba encendido y con las puertas abiertas.<br \/>\nEl hecho ocurri\u00f3 esta madrugada en avenida Doctor Jos\u00e9 Equiza y la calle Esteco, en el barrio Villa Dorrego, y la v\u00edctima fue identificada como H\u00e9ctor Jorge Abraham Almir\u00f3n.<br \/>\nLos polic\u00edas que fueron alertados por el 911 hallaron a pocos metros del cuerpo un auto Renault Logan negro. Seg\u00fan las fuentes, ese veh\u00edculo era utilizado por el hombre que trabajaba como remisero.<br \/>\nLos investigadores procuraban determinar las circunstancias del asesinato y buscaban testigos que hayan visto o escuchado alguna discusi\u00f3n previa, teniendo en cuenta que no encontraron c\u00e1maras de seguridad en la zona.<br \/>\nEl hecho es investigado por el fiscal Mat\u00edas Folino, a cargo de la Unidad Funcional de Inst..<\/p>\n","protected":false},"author":2,"featured_media":11023,"comment_status":"","ping_status":"","sticky":false,"template":"","format":"standard","meta":{"footnotes":""},"categories":[6],"tags":[],"_links":{"self":[{"href":"https:\/\/maxradio923.com.ar\/index.php\/wp-json\/wp\/v2\/posts\/11022"}],"collection":[{"href":"https:\/\/maxradio923.com.ar\/index.php\/wp-json\/wp\/v2\/posts"}],"about":[{"href":"https:\/\/maxradio923.com.ar\/index.php\/wp-json\/wp\/v2\/types\/post"}],"author":[{"embeddable":true,"href":"https:\/\/maxradio923.com.ar\/index.php\/wp-json\/wp\/v2\/users\/2"}],"replies":[{"embeddable":true,"href":"https:\/\/maxradio923.com.ar\/index.php\/wp-json\/wp\/v2\/comments?post=11022"}],"version-history":[{"count":0,"href":"https:\/\/maxradio923.com.ar\/index.php\/wp-json\/wp\/v2\/posts\/11022\/revisions"}],"wp:featuredmedia":[{"embeddable":true,"href":"https:\/\/maxradio923.com.ar\/index.php\/wp-json\/wp\/v2\/media\/11023"}],"wp:attachment":[{"href":"https:\/\/maxradio923.com.ar\/index.php\/wp-json\/wp\/v2\/media?parent=11022"}],"wp:term":[{"taxonomy":"category","embeddable":true,"href":"https:\/\/maxradio923.com.ar\/index.php\/wp-json\/wp\/v2\/categories?post=11022"},{"taxonomy":"post_tag","embeddable":true,"href":"https:\/\/maxradio923.com.ar\/index.php\/wp-json\/wp\/v2\/tags?post=11022"}],"curies":[{"name":"wp","href":"https:\/\/api.w.org\/{rel}","templated":true}]}}