{"id":10998,"date":"2023-11-08T00:24:56","date_gmt":"2023-11-08T03:24:56","guid":{"rendered":"https:\/\/maxradio923.com\/index.php\/2023\/11\/08\/en-una-violenta-marcha-unas-7-000-personas-protestaron-en-madrid-contra-la-amnistia-de-pedro-sanchez-al-independentismo-catalan\/"},"modified":"2023-11-08T00:24:56","modified_gmt":"2023-11-08T03:24:56","slug":"en-una-violenta-marcha-unas-7-000-personas-protestaron-en-madrid-contra-la-amnistia-de-pedro-sanchez-al-independentismo-catalan","status":"publish","type":"post","link":"https:\/\/maxradio923.com.ar\/index.php\/2023\/11\/08\/en-una-violenta-marcha-unas-7-000-personas-protestaron-en-madrid-contra-la-amnistia-de-pedro-sanchez-al-independentismo-catalan\/","title":{"rendered":"En una violenta marcha, unas 7.000 personas protestaron en Madrid contra la amnist\u00eda de Pedro S\u00e1nchez al independentismo catal\u00e1n"},"content":{"rendered":"<p>En una violenta marcha, unas 7.000 personas protestaron en Madrid contra la amnist\u00eda de Pedro S\u00e1nchez al independentismo catal\u00e1n<\/p>\n<p><strong>\u201cEspa\u00f1a no pacta con traidores. Amnist\u00eda no\u201d<\/strong>, dice una de las pancartas en manos de varios manifestantes que esta noche de martes volvieron a protestar en las puertas de la sede madrile\u00f1a del PSOE, el partido cuyo secretario general y actual presidente en funciones, Pedro S\u00e1nchez, est\u00e1 negociando una amnist\u00eda para el independentismo catal\u00e1n que intent\u00f3 separarse de Espa\u00f1a en 2017 a cambio de que apoyen su reelecci\u00f3n.<\/p>\n<p>Unas 7.000 personas se agolparon sobre la calle Ferraz en Madrid y ante las agresiones de algunos grupos que se cubr\u00edan la cara y arrojaban petardos, piedras y botellas a los agentes que hab\u00edan vallado la zona, la polic\u00eda antidisturbios respondi\u00f3 con balas de goma y gases lacrim\u00f3genos. <strong>Muchos de los manifestantes gritaban: \u201c\u00a1Pedro S\u00e1nchez, hijo de puta!\u201d.<\/strong><\/p>\n<p>Las protestas comenzaron el fin de semana en varias sedes socialistas de las principales ciudades espa\u00f1olas y la tensi\u00f3n aumenta en las calles. Est\u00e1n organizadas por grupos de ultraderecha \u201capadrinados\u201d por Vox que convocan las reuniones anti-amnist\u00eda a trav\u00e9s de las redes sociales.<\/p>\n<p>Este martes<strong> hubo empujones y algunos manifestantes saltaron las vallas<\/strong> con las que la Polic\u00eda hab\u00eda cercado el ingreso del PSOE. Detuvieron a tres personas y el comportamiento policial fue cuestionado.<\/p>\n<p><img decoding=\"async\" alt=\"La protesta se desbord\u00f3 cuando algunos manifestantes saltaron la valla policial. Foto: C\u00e9zaro De Luca\" src=\"https:\/\/www.clarin.com\/img\/2023\/11\/07\/jA3SJmvv5_720x0__1.jpg\"\/>La protesta se desbord\u00f3 cuando algunos manifestantes saltaron la valla policial. Foto: C\u00e9zaro De Luca<\/p>\n<p>\u201cA la polic\u00eda le pedimos que no cumpla \u00f3rdenes ilegales en caso de que vuelvan a producirse\u201d, pidi\u00f3 el l\u00edder de Vox, Santiago Abascal, que el lunes estuvo en la protesta.<\/p>\n<p><strong>\u201cNo obedecen ning\u00fan criterio pol\u00edtico. Obedecen criterios operativos<\/strong>. Su cadena de mando establece que las fuerzas de seguridad cumplan su funci\u00f3n\u201d, defendi\u00f3 la acci\u00f3n policial el ministro del Interior, Fernando Grande-Marlaska.<\/p>\n<h2>Qui\u00e9nes convocan<\/h2>\n<p>La plataforma Revuelta, una organizaci\u00f3n de estudiantes que profesan \u201cvalores cristianos\u201d, fueron los que convocaron las protestas del lunes por la noche.<\/p>\n<p><img decoding=\"async\" alt=\"La polic\u00eda dispar\u00f3 gases y balas de goma para contener a los grupos m\u00e1s violentos. Foto: C\u00e9zaro De Luca\" src=\"https:\/\/www.clarin.com\/img\/2023\/11\/07\/OQSUb3gHG_720x0__1.jpg\"\/>La polic\u00eda dispar\u00f3 gases y balas de goma para contener a los grupos m\u00e1s violentos. Foto: C\u00e9zaro De Luca<\/p>\n<p>La concentraci\u00f3n de este martes<strong> fue organizada por la agrupaci\u00f3n de derecha Desokupa<\/strong>, cuyos miembros desplegaron pancartas con inscripciones como \u201cPedro S\u00e1nchez a prisi\u00f3n\u201d y \u201cEspa\u00f1a no se vende\u201d.<\/p>\n<p>Sirenas, humo, bengalas y huevos arrojados contra la sede del PSOE y contra la Polic\u00eda crispaban el ambiente a las nueve de la noche, dos horas despu\u00e9s del inicio de la protesta.<\/p>\n<p>\u201cNo entiendo por qu\u00e9 se ponen violentos <strong>con la cantidad de gente que se est\u00e1 manifestando pac\u00edficamente\u201d<\/strong>, dijo a <strong>Clar\u00edn<\/strong> Alfredo Perdiguero, un oficial vestido de civil que acompa\u00f1aba a un grupo de periodistas de un radio.<\/p>\n<p><img decoding=\"async\" alt=\"La polic\u00eda dispar\u00f3 gases lacrim\u00f3genos para dispersar a los violentos. Foto: C\u00e9zaro De Luca\" src=\"https:\/\/www.clarin.com\/img\/2023\/11\/07\/TvH_9fDG8_720x0__1.jpg\"\/>La polic\u00eda dispar\u00f3 gases lacrim\u00f3genos para dispersar a los violentos. Foto: C\u00e9zaro De Luca<\/p>\n<p>El PSOE pidi\u00f3, desde temprano, que todas las sedes partidarias cerraran a las cinco y media de la tarde para evitar disturbios.<\/p>\n<p>En la conferencia de prensa que el gobierno en funciones ofrece cada martes luego de la reuni\u00f3n de gabinete, la ministra portavoz Isabel Rodr\u00edguez defini\u00f3 las protestas frente a la sede del PSOE <strong>como \u201cun ataque a la democracia\u201d.<\/strong><\/p>\n<p>Este martes por la noche, parte de la manifestaci\u00f3n march\u00f3 desde la calle Ferraz hacia el centro de la capital. Con banderas de Espa\u00f1a, cientos de personas cortaron la Gran V\u00eda e intentaron llegar hasta el Congreso de los Diputados, sobre el Carrer de San Jer\u00f3nimo de Madrid. Pero la sede del Parlamento se blind\u00f3 y les cerr\u00f3 el paso.<\/p>\n<p><img decoding=\"async\" alt=\"Los manifestantes se oponen a que Pedro S\u00e1nchez conceda la anminst\u00eda al independentismo catal\u00e1n. Foto: C\u00e9zaro De Luca\" src=\"https:\/\/www.clarin.com\/img\/2023\/11\/07\/YfNo_ZMxk_720x0__1.jpg\"\/>Los manifestantes se oponen a que Pedro S\u00e1nchez conceda la anminst\u00eda al independentismo catal\u00e1n. Foto: C\u00e9zaro De Luca<\/p>\n<p>Eran casi las nueve y media de la noche cuando autos y colectivos volvieron a circular por la Gran V\u00eda.<\/p>\n<h2>A 1.500 kil\u00f3metros<\/h2>\n<p>Mientras tanto, el destino del futuro gobierno de Espa\u00f1a <strong>se segu\u00eda negociando en Bruselas<\/strong>, a 1.500 kil\u00f3metros de la sede del PSOE sobre la calle Ferraz de Madrid.<\/p>\n<p>En Bruselas se refugia, desde hace seis a\u00f1os, Carles Puigdemont, el ex presidente catal\u00e1n que huy\u00f3 de Espa\u00f1a en 2017, <strong>para no ir a prisi\u00f3n<\/strong>, por haber organizado un refer\u00e9ndum de autodeterminaci\u00f3n ilegal y haber declarado la independencia de Catalu\u00f1a.<\/p>\n<p><img decoding=\"async\" alt=\"Los enfrentamientos con la polic\u00eda duraron hasta pasadas las diez de la noche del martes. Foto: C\u00e9zaro De Luca\" src=\"https:\/\/www.clarin.com\/img\/2023\/11\/07\/58CXGBdKV_720x0__1.jpg\"\/>Los enfrentamientos con la polic\u00eda duraron hasta pasadas las diez de la noche del martes. Foto: C\u00e9zaro De Luca<\/p>\n<p>Puigdemont, que en Espa\u00f1a est\u00e1 considerado un pr\u00f3fugo de la justicia, <strong>tiene en sus manos la llave para que Pedro S\u00e1nchez pueda volver a ser presidente.<\/strong><\/p>\n<p>Porque el candidato del PSOE necesita los votos del partido de Puigdemont, Junts per Catalunya, para alcanzar la mayor\u00eda parlamentaria que le permitir\u00eda ser investido presidente del gobierno.<\/p>\n<p>Y tanto Junts como Esquerra Republicana, el partido independentista catal\u00e1n m\u00e1s moderado, exigen, a cambio de su apoyo,<strong> una ley de amnist\u00eda que incluya a cientos de personas con causas abiertas <\/strong>por haber participado en el intento de independizar a Catalu\u00f1a del resto de Espa\u00f1a.<\/p>\n<h2>Manifiestos y declaraciones institucionales<\/h2>\n<p>Las muestras de desaprobaci\u00f3n a la amnist\u00eda que Pedro S\u00e1nchez negocia con el independentismo catal\u00e1n no s\u00f3lo est\u00e1 en las calles.<\/p>\n<p><img decoding=\"async\" alt=\"Los manifestantes lanzaban bengalas y petardos contra la polic\u00eda. Foto: C\u00e9zaro De Luca\" src=\"https:\/\/www.clarin.com\/img\/2023\/11\/07\/EqLNQAzmC_720x0__1.jpg\"\/>Los manifestantes lanzaban bengalas y petardos contra la polic\u00eda. Foto: C\u00e9zaro De Luca<\/p>\n<p>El sector conservador del Consejo General del Poder Judicial<strong> conden\u00f3 la medida de gracia <\/strong>y, a trav\u00e9s de una declaraci\u00f3n institucional, afirm\u00f3 que aprobar una amnist\u00eda \u201csupone degradar y convertir nuestro Estado de derecho en objeto de mercadeo al servicio de un inter\u00e9s personal\u201d.<\/p>\n<p>\u201cLa amnist\u00eda anunciada carece de la legitimidad democr\u00e1tica\u201d, se\u00f1al\u00f3, por su parte, un grupo de intelectuales -entre los que figura el fil\u00f3sofo y escritor Fernando Savater- en un manifiesto.<\/p>\n<p>Y desde el Partido Popular, su presidente, Alberto N\u00fa\u00f1ez Feij\u00f3o, anunci\u00f3: \u201cEstaremos el 12 de noviembre a las 12 en todas las capitales de provincia\u201d para manifestar un \u201cno\u201d a la amnist\u00eda.<\/p>\n<p>A Pedro S\u00e1nchez<strong> le quedan veinte d\u00edas para lograr que el Congreso<\/strong> lo nombre presidente de nuevo. Si no lo consigue antes del 27 de noviembre, la ley electoral establece que se disolver\u00e1n las Cortes y habr\u00e1 nuevas elecciones en enero del a\u00f1o que viene.<\/p>\n<p><em>PB<\/em><\/p>\n","protected":false},"excerpt":{"rendered":"<p>En una violenta marcha, unas 7.000 personas protestaron en Madrid contra la amnist\u00eda de Pedro S\u00e1nchez al independentismo catal\u00e1n\u201cEspa\u00f1a no pacta con traidores. Amnist\u00eda no\u201d, dice una de las pancartas en manos de varios manifestantes que esta noche de martes volvieron a protestar en las puertas de la sede madrile\u00f1a del PSOE, el partido cuyo secretario general y actual presidente en funciones, Pedro S\u00e1nchez, est\u00e1 negociando una amnist\u00eda para el independentismo catal\u00e1n que intent\u00f3 separarse de Espa\u00f1a en 2017 a cambio de que apoyen su reelecci\u00f3n.<br \/>\nUnas 7.000 personas se agolparon sobre la calle Ferraz en Madrid y ante las agresiones de algunos grupos que se cubr\u00edan la cara y arrojaban petardos, piedras y botellas a los agentes que hab\u00edan vallado la zona, la polic\u00eda antidisturbios respondi\u00f3 con balas de goma y gases lacrim\u00f3genos. Muchos de los manifestantes gritaban: \u201c\u00a1Pedro S\u00e1nchez, hijo de puta!\u201d.<br \/>\nLas protestas comenzaron el fin de semana en varias sedes socialistas de las principales ciud..<\/p>\n","protected":false},"author":2,"featured_media":10999,"comment_status":"","ping_status":"","sticky":false,"template":"","format":"standard","meta":{"footnotes":""},"categories":[3],"tags":[],"_links":{"self":[{"href":"https:\/\/maxradio923.com.ar\/index.php\/wp-json\/wp\/v2\/posts\/10998"}],"collection":[{"href":"https:\/\/maxradio923.com.ar\/index.php\/wp-json\/wp\/v2\/posts"}],"about":[{"href":"https:\/\/maxradio923.com.ar\/index.php\/wp-json\/wp\/v2\/types\/post"}],"author":[{"embeddable":true,"href":"https:\/\/maxradio923.com.ar\/index.php\/wp-json\/wp\/v2\/users\/2"}],"replies":[{"embeddable":true,"href":"https:\/\/maxradio923.com.ar\/index.php\/wp-json\/wp\/v2\/comments?post=10998"}],"version-history":[{"count":0,"href":"https:\/\/maxradio923.com.ar\/index.php\/wp-json\/wp\/v2\/posts\/10998\/revisions"}],"wp:featuredmedia":[{"embeddable":true,"href":"https:\/\/maxradio923.com.ar\/index.php\/wp-json\/wp\/v2\/media\/10999"}],"wp:attachment":[{"href":"https:\/\/maxradio923.com.ar\/index.php\/wp-json\/wp\/v2\/media?parent=10998"}],"wp:term":[{"taxonomy":"category","embeddable":true,"href":"https:\/\/maxradio923.com.ar\/index.php\/wp-json\/wp\/v2\/categories?post=10998"},{"taxonomy":"post_tag","embeddable":true,"href":"https:\/\/maxradio923.com.ar\/index.php\/wp-json\/wp\/v2\/tags?post=10998"}],"curies":[{"name":"wp","href":"https:\/\/api.w.org\/{rel}","templated":true}]}}