{"id":10994,"date":"2023-11-08T00:04:26","date_gmt":"2023-11-08T03:04:26","guid":{"rendered":"https:\/\/maxradio923.com\/index.php\/2023\/11\/08\/economia-del-conocimiento-la-locomotora-se-freno-por-la-brecha-cambiaria-y-hay-fuga-de-talentos\/"},"modified":"2023-11-08T00:04:26","modified_gmt":"2023-11-08T03:04:26","slug":"economia-del-conocimiento-la-locomotora-se-freno-por-la-brecha-cambiaria-y-hay-fuga-de-talentos","status":"publish","type":"post","link":"https:\/\/maxradio923.com.ar\/index.php\/2023\/11\/08\/economia-del-conocimiento-la-locomotora-se-freno-por-la-brecha-cambiaria-y-hay-fuga-de-talentos\/","title":{"rendered":"Econom\u00eda del conocimiento: la locomotora se fren\u00f3 por la brecha cambiaria y hay fuga de talentos"},"content":{"rendered":"<p>Econom\u00eda del conocimiento: la locomotora se fren\u00f3 por la brecha cambiaria y hay fuga de talentos<\/p>\n<p>Una de las locomotoras de la econom\u00eda argentina, la industria del conocimiento<strong> se est\u00e1 frenando<\/strong>. \u00bfLa culpa? Aunque la demanda global es casi infinita y se embarcan servicios por US$ 8.000 millones, el sector que ya es el tercero en importancia como generador de divisas, est\u00e1 estancado. En parte porque el <strong>40% de la actividad prefiere salir del circuito que implica trabajar a d\u00f3lar oficial<\/strong> y facturar desde cuentas en el exterior, lo que perjudica la actividad de empresas asentadas en el pa\u00eds.<\/p>\n<p>El 60,2% de las divisas ingresan por servicios profesionales y el 31,8% por servicios inform\u00e1ticos. Pero hay un ritmo decreciente de las exportaciones: 14,2% interanual en el tercer trimestre de 2022, 12,1% en el cuarto trimestre de ese a\u00f1o, 8,4% en el primero de 2023 y 1,6% en el segundo. \u201cEsa din\u00e1mica tiene una correlaci\u00f3n directa con <strong>el incremento de la brecha cambiaria, que potencia la fuga de talentos\u201d, <\/strong>dice Luis Galeazzi, el CEO de Argencon que congrega a esta industria.<\/p>\n<p>Es<strong> notoria la p\u00e9rdida de participaci\u00f3n en el comercio mundial<\/strong> de servicios de la Argentina en la \u00faltima d\u00e9cada: pas\u00f3 de ser el jugador 36 a nivel mundial en 2011 al 41 el a\u00f1o pasado.<\/p>\n<p>Eso s\u00ed, la creaci\u00f3n de empleo  se mantuvo pujante. En el primer trimestre de este a\u00f1o totalizaron 486.000 puestos, un m\u00e1ximo hist\u00f3rico. Es el 7,4% del total del empleo privado  en blanco. El crecimiento interanual  del empleo fue de 5,9%, casi 3 veces la tasa de crecimiento nacional.<\/p>\n<p>Sebasti\u00e1n Mocorrea, el presidente de la entidad, abund\u00f3: A muchos trabajadores de esta industria<strong> les resulta m\u00e1s rentable prestar servicios al exterior como freelancers, cobrarlos en d\u00f3lares <\/strong>y no ingresarlos al circuito formal. Para las empresas locales, la competencia por los sueldos genera un incremento en los costos que termina volvi\u00e9ndose menos competitivos respecto a sus competidores en el exterior a la hora de vender su servicio al mundo\u201d. Argencon estim\u00f3 que dejan de ingresar unos US$2.500 millones al a\u00f1o.<\/p>\n<p>Este fue el marco para la presentaci\u00f3n del<strong> \u201cPlan Federal\u201d de desarrollo para implementar durante los tres pr\u00f3ximos per\u00edodos de Gobierno.<\/strong> Lo primero que busca es la estabilidad macroecon\u00f3mica. Y tambi\u00e9n incentivos como los que tiene los pa\u00edses vecinos como Uruguay en el esp\u00edritu de la ley de 2019 que fue el marco de la actividad. La propuesta fue presentada a los equipos de los candidatos que competir\u00e1n en el balotaje del 19 de noviembre, <strong>Sergio Massa y Javier Milei, adem\u00e1s de los gobernadores dado los nuevos polos tecnol\u00f3gicos en la Argentina,<\/strong> desde Tucum\u00e1n, Tandil, C\u00f3rdoba, por citar algunos.<\/p>\n<p>Hablaron de  gobernanza, competitividad, generaci\u00f3n de recursos y programas de desarrollo.<\/p>\n<p>Las empresas nucleadas en Argencon solicitaron la recuperaci\u00f3n de la Ley original de Econom\u00eda del Conocimiento del 2019. \u201cLa actual normativa, producto de la reforma de 2020, tiene un marcado sesgo anti exportador, gran complejidad burocr\u00e1tica, importantes indefiniciones y conceptos interpretables que abren \u00e1reas expuestas a la discrecionalidad de la autoridad de aplicaci\u00f3n\u201d, enumeraron.<\/p>\n<p>Se hizo foco en la <strong>formaci\u00f3n de talentos, conectividad y equipamiento. <\/strong>Entre los \u00edtems m\u00e1s importantes se encuentran la formaci\u00f3n en idioma ingl\u00e9s, vinculaci\u00f3n de carreras cortas con el mundo laboral, potenciar la educaci\u00f3n no formal, normalizar la importaci\u00f3n de insumos necesarios y mejorar la infraestructura para la conectividad.<\/p>\n","protected":false},"excerpt":{"rendered":"<p>Econom\u00eda del conocimiento: la locomotora se fren\u00f3 por la brecha cambiaria y hay fuga de talentosUna de las locomotoras de la econom\u00eda argentina, la industria del conocimiento se est\u00e1 frenando. \u00bfLa culpa? Aunque la demanda global es casi infinita y se embarcan servicios por US$ 8.000 millones, el sector que ya es el tercero en importancia como generador de divisas, est\u00e1 estancado. En parte porque el 40% de la actividad prefiere salir del circuito que implica trabajar a d\u00f3lar oficial y facturar desde cuentas en el exterior, lo que perjudica la actividad de empresas asentadas en el pa\u00eds.<br \/>\nEl 60,2% de las divisas ingresan por servicios profesionales y el 31,8% por servicios inform\u00e1ticos. Pero hay un ritmo decreciente de las exportaciones: 14,2% interanual en el tercer trimestre de 2022, 12,1% en el cuarto trimestre de ese a\u00f1o, 8,4% en el primero de 2023 y 1,6% en el segundo. \u201cEsa din\u00e1mica tiene una correlaci\u00f3n directa con el incremento de la brecha cambiaria, que potencia la fuga de talento..<\/p>\n","protected":false},"author":2,"featured_media":10995,"comment_status":"","ping_status":"","sticky":false,"template":"","format":"standard","meta":{"footnotes":""},"categories":[2],"tags":[],"_links":{"self":[{"href":"https:\/\/maxradio923.com.ar\/index.php\/wp-json\/wp\/v2\/posts\/10994"}],"collection":[{"href":"https:\/\/maxradio923.com.ar\/index.php\/wp-json\/wp\/v2\/posts"}],"about":[{"href":"https:\/\/maxradio923.com.ar\/index.php\/wp-json\/wp\/v2\/types\/post"}],"author":[{"embeddable":true,"href":"https:\/\/maxradio923.com.ar\/index.php\/wp-json\/wp\/v2\/users\/2"}],"replies":[{"embeddable":true,"href":"https:\/\/maxradio923.com.ar\/index.php\/wp-json\/wp\/v2\/comments?post=10994"}],"version-history":[{"count":0,"href":"https:\/\/maxradio923.com.ar\/index.php\/wp-json\/wp\/v2\/posts\/10994\/revisions"}],"wp:featuredmedia":[{"embeddable":true,"href":"https:\/\/maxradio923.com.ar\/index.php\/wp-json\/wp\/v2\/media\/10995"}],"wp:attachment":[{"href":"https:\/\/maxradio923.com.ar\/index.php\/wp-json\/wp\/v2\/media?parent=10994"}],"wp:term":[{"taxonomy":"category","embeddable":true,"href":"https:\/\/maxradio923.com.ar\/index.php\/wp-json\/wp\/v2\/categories?post=10994"},{"taxonomy":"post_tag","embeddable":true,"href":"https:\/\/maxradio923.com.ar\/index.php\/wp-json\/wp\/v2\/tags?post=10994"}],"curies":[{"name":"wp","href":"https:\/\/api.w.org\/{rel}","templated":true}]}}