{"id":10980,"date":"2023-11-07T21:13:55","date_gmt":"2023-11-08T00:13:55","guid":{"rendered":"https:\/\/maxradio923.com\/index.php\/2023\/11\/07\/donde-sera-el-debate-vicepresidencial-entre-agustin-rossi-y-victoria-villarruel\/"},"modified":"2023-11-07T21:13:55","modified_gmt":"2023-11-08T00:13:55","slug":"donde-sera-el-debate-vicepresidencial-entre-agustin-rossi-y-victoria-villarruel","status":"publish","type":"post","link":"https:\/\/maxradio923.com.ar\/index.php\/2023\/11\/07\/donde-sera-el-debate-vicepresidencial-entre-agustin-rossi-y-victoria-villarruel\/","title":{"rendered":"D\u00f3nde ser\u00e1 el debate vicepresidencial entre Agust\u00edn Rossi y Victoria Villarruel"},"content":{"rendered":"<p>D\u00f3nde ser\u00e1 el debate vicepresidencial entre Agust\u00edn Rossi y Victoria Villarruel<\/p>\n<p>De cara al balotaje del 19 de noviembre, los distintos candidatos agilizan sus campa\u00f1as para los comicios. En este caso, <strong>Victoria Villarruel <\/strong>(La Libertad Avanza) y<strong> Agust\u00edn Rossi<\/strong> (Uni\u00f3n por la Patria) se medir\u00e1n en un debate vicepresidencial, que <strong>no tiene validez oficial<\/strong>.<\/p>\n<p>El encuentro ya tiene lugar, fecha y hora: ser\u00e1 en el programa <strong><em>A dos voces<\/em><\/strong>, que conducen <strong>Marcelo Bonelli<\/strong> y <strong>Edgardo Alfano<\/strong> en TN el mi\u00e9rcoles 8 de noviembre, a partir de las <strong>22 horas<\/strong>. <\/p>\n<p>En este mismo ciclo se realiz\u00f3 el primer debate entre candidatos a vicepresidente, que incluy\u00f3 a <strong>Nicol\u00e1s del Ca\u00f1o<\/strong> (Frente de Izquierda y de Trabajadores &#8211; Unidad), <strong>Luis Petri<\/strong> (Juntos por el Cambio) y <strong>Florencio Randazzo<\/strong> (Hacemos por Nuestro Pa\u00eds).<\/p>\n<p>Este debate <strong>no est\u00e1 regulado por la C\u00e1mara Nacional Electoral<\/strong>, por lo que <strong>no es obligatorio por ley<\/strong> que los candidatos participen, sino que es coordinado por los equipos de cada espacio.<\/p>\n<h2>Debate vicepresidencial: c\u00f3mo fue el primer encuentro entre Rossi y Villarruel<\/h2>\n<p>Los dos contendientes ya hab\u00edan mantenido un <strong>intenso enfrentamiento<\/strong> en el debate previo, durante el cual a\u00fan compet\u00edan contra otros miembros de partidos pol\u00edticos que finalmente no lograron avanzar al balotaje. En d\u00edas recientes, el conflicto se ha intensificado, con ambos candidatos lanz\u00e1ndose <strong>cr\u00edticas fuertes<\/strong> en diversas entrevistas y declaraciones p\u00fablicas.<\/p>\n<p><img decoding=\"async\" alt=\"Agust\u00edn Rossi es el candidato a vice de Sergio Massa.\" src=\"https:\/\/www.clarin.com\/img\/2023\/11\/07\/fJ4IGb1I3_720x0__1.jpg\"\/>Agust\u00edn Rossi es el candidato a vice de Sergio Massa.<\/p>\n<p>&quot;No puedo votarlo a Rossi, <strong>no me gusta como funcionario<\/strong>, en otra circunstancia, con otro tipo de funcionario podr\u00eda tener alg\u00fan tipo de divergencia o <strong>ser un poco m\u00e1s contemplativa<\/strong>&quot;, asegur\u00f3 la diputada libertaria en una nota entre ambos en <strong>Radio Mitre<\/strong>.<\/p>\n<p>El Jefe de Gabinete<strong> le contest\u00f3 con dureza<\/strong>: &quot;Si a Villarruel no le gusta nada de m\u00ed, <strong>me califica positivamente<\/strong>. Si Villarruel me ha elegido como enemigo, me reconforta conmigo mismo&quot;.<\/p>\n<p><img decoding=\"async\" alt=\"Victoria Villarruel es la compa\u00f1era de f\u00f3rmula de Javier Milei.\" src=\"https:\/\/www.clarin.com\/img\/2023\/11\/07\/_6LSgRBJw_720x0__1.jpg\"\/>Victoria Villarruel es la compa\u00f1era de f\u00f3rmula de Javier Milei.<\/p>\n<h2>Tercer debate presidencial: cu\u00e1ndo y d\u00f3nde ser\u00e1<\/h2>\n<p><strong>Javier Milei <\/strong>(La Libertad Avanza) y <strong>Sergio Massa<\/strong> (Uni\u00f3n por la Patria) tendr\u00e1n un \u00faltimo encuentro de cara al balotaje el domingo <strong>12 de noviembre<\/strong> a las <strong>21 horas<\/strong>, en el Sal\u00f3n de Actos de la <strong>Facultad de Derecho<\/strong> de la Universidad de Buenos Aires.<\/p>\n<p><img decoding=\"async\" alt=\"El debate de Milei con Massa ser\u00e1 el domingo 12 de noviembre.\" src=\"https:\/\/www.clarin.com\/img\/2023\/11\/06\/DZeRO74q-_720x0__1.jpg\"\/>El debate de Milei con Massa ser\u00e1 el domingo 12 de noviembre.<\/p>\n<p>Ambos deber\u00e1n exponer<strong> seis ejes tem\u00e1ticos divididos en dos bloques<\/strong>; a diferencia de los anteriores debates, <strong>no habr\u00e1 derechos a r\u00e9plica<\/strong> y podr\u00e1n contestarse entre s\u00ed, siempre y cuando no se interrumpan.<\/p>\n","protected":false},"excerpt":{"rendered":"<p>D\u00f3nde ser\u00e1 el debate vicepresidencial entre Agust\u00edn Rossi y Victoria VillarruelDe cara al balotaje del 19 de noviembre, los distintos candidatos agilizan sus campa\u00f1as para los comicios. En este caso, Victoria Villarruel (La Libertad Avanza) y Agust\u00edn Rossi (Uni\u00f3n por la Patria) se medir\u00e1n en un debate vicepresidencial, que no tiene validez oficial.<br \/>\nEl encuentro ya tiene lugar, fecha y hora: ser\u00e1 en el programa A dos voces, que conducen Marcelo Bonelli y Edgardo Alfano en TN el mi\u00e9rcoles 8 de noviembre, a partir de las 22 horas.<br \/>\nEn este mismo ciclo se realiz\u00f3 el primer debate entre candidatos a vicepresidente, que incluy\u00f3 a Nicol\u00e1s del Ca\u00f1o (Frente de Izquierda y de Trabajadores &#8211; Unidad), Luis Petri (Juntos por el Cambio) y Florencio Randazzo (Hacemos por Nuestro Pa\u00eds).<br \/>\nEste debate no est\u00e1 regulado por la C\u00e1mara Nacional Electoral, por lo que no es obligatorio por ley que los candidatos participen, sino que es coordinado por los equipos de cada espacio.<br \/>\nDebate vicepresidencial: c\u00f3mo f..<\/p>\n","protected":false},"author":2,"featured_media":10981,"comment_status":"","ping_status":"","sticky":false,"template":"","format":"standard","meta":{"footnotes":""},"categories":[7],"tags":[],"_links":{"self":[{"href":"https:\/\/maxradio923.com.ar\/index.php\/wp-json\/wp\/v2\/posts\/10980"}],"collection":[{"href":"https:\/\/maxradio923.com.ar\/index.php\/wp-json\/wp\/v2\/posts"}],"about":[{"href":"https:\/\/maxradio923.com.ar\/index.php\/wp-json\/wp\/v2\/types\/post"}],"author":[{"embeddable":true,"href":"https:\/\/maxradio923.com.ar\/index.php\/wp-json\/wp\/v2\/users\/2"}],"replies":[{"embeddable":true,"href":"https:\/\/maxradio923.com.ar\/index.php\/wp-json\/wp\/v2\/comments?post=10980"}],"version-history":[{"count":0,"href":"https:\/\/maxradio923.com.ar\/index.php\/wp-json\/wp\/v2\/posts\/10980\/revisions"}],"wp:featuredmedia":[{"embeddable":true,"href":"https:\/\/maxradio923.com.ar\/index.php\/wp-json\/wp\/v2\/media\/10981"}],"wp:attachment":[{"href":"https:\/\/maxradio923.com.ar\/index.php\/wp-json\/wp\/v2\/media?parent=10980"}],"wp:term":[{"taxonomy":"category","embeddable":true,"href":"https:\/\/maxradio923.com.ar\/index.php\/wp-json\/wp\/v2\/categories?post=10980"},{"taxonomy":"post_tag","embeddable":true,"href":"https:\/\/maxradio923.com.ar\/index.php\/wp-json\/wp\/v2\/tags?post=10980"}],"curies":[{"name":"wp","href":"https:\/\/api.w.org\/{rel}","templated":true}]}}