{"id":10948,"date":"2023-11-07T16:53:55","date_gmt":"2023-11-07T19:53:55","guid":{"rendered":"https:\/\/maxradio923.com\/index.php\/2023\/11\/07\/victoria-villarruel-critico-los-proyectos-contra-el-negacionismo-que-se-tratan-en-el-congreso-son-para-amordazar-a-los-que-pensamos-distinto\/"},"modified":"2023-11-07T16:53:55","modified_gmt":"2023-11-07T19:53:55","slug":"victoria-villarruel-critico-los-proyectos-contra-el-negacionismo-que-se-tratan-en-el-congreso-son-para-amordazar-a-los-que-pensamos-distinto","status":"publish","type":"post","link":"https:\/\/maxradio923.com.ar\/index.php\/2023\/11\/07\/victoria-villarruel-critico-los-proyectos-contra-el-negacionismo-que-se-tratan-en-el-congreso-son-para-amordazar-a-los-que-pensamos-distinto\/","title":{"rendered":"Victoria Villarruel critic\u00f3 los proyectos contra el negacionismo que se tratan en el Congreso: &#8220;Son para amordazar a los que pensamos distinto&#8221;"},"content":{"rendered":"<p>Victoria Villarruel critic\u00f3 los proyectos contra el negacionismo que se tratan en el Congreso: &quot;Son para amordazar a los que pensamos distinto&quot;<\/p>\n<p>La compa\u00f1era de f\u00f3rmula de Javier Milei, Victoria Villarruel, critic\u00f3 este martes los proyectos que se presentaron contra el negacionismo y que se tratan en comisi\u00f3n en el Congreso. <strong>&quot;Son para amordazar a los que pensamos distinto&quot;, afirm\u00f3.<\/strong><\/p>\n<p>&quot;Los proyectos de &#039;negacionismo&#039; que se tratan en el Congreso son para amordazar a los que pensamos distinto, a los que cuestionamos el relato y las mentiras sostenidas con dinero p\u00fablico y a evitar que cualquiera que tenga coraje se anime a hablar para ejercer su libertad de pensamiento y expresi\u00f3n y pueda ser votado&quot;, sostuvo la diputada de La Libertad Avanza y candidata a vicepresidente de este espacio en la red social X.<\/p>\n<p>En este sentido, Villarruel a\u00f1adi\u00f3 que &quot;les gustan los DDHH solo si pens\u00e1s como ellos, sino no tienen problemas en viol\u00e1rtelos&quot; y cerr\u00f3: &quot;Te quieren con pensamiento \u00fanico, calladito y sin cuestionar sus curros de los DDHH. No nos vamos a callar!&quot;.<\/p>\n<p>D\u00edas atr\u00e1s, la Secretar\u00eda de Derechos Humanos, organismos vinculados a la lucha por la memoria, la verdad y la justicia presentaron dos proyectos de ley, que buscan frenar la circulaci\u00f3n de discursos negacionistas sobre la \u00faltima dictadura y otros cr\u00edmenes de lesa humanidad.<\/p>\n<p>Una de las iniciativas propone modificar la Ley Org\u00e1nica de los Partidos Pol\u00edticos para que toda persona que niegue o relativiza esta clase de hechos no pueda ser precandidata o candidata, as\u00ed como tampoco pueda ejercer cargos partidarios, quienes se encuentren procesados por negacionismo.<\/p>\n<p>Los proyectos se tratan en la Comisi\u00f3n de Derechos Humanos de la C\u00e1mara de Diputados que preside Hugo Yasky. El dirigente sindical cruz\u00f3 a Villarruel despu\u00e9s de su posteo: &quot;Son negacionistas, reivindican genocidas y desprecian las instituciones democr\u00e1ticas. Hoy M\u00e1s que nunca, negacionismo NUNCA MAS&quot;.<\/p>\n<blockquote>\n<p>Los proyectos de \u201cnegacionismo\u201d que se tratan en el Congreso son para amordazar a los que pensamos distinto, a los que cuestionamos el relato y las mentiras sostenidas con dinero p\u00fablico y a evitar que cualquiera que tenga coraje se anime a hablar para ejercer su libertad de\u2026<\/p>\n<p>\u2014 Victoria Villarruel (@VickyVillarruel) November 7, 2023<\/p><\/blockquote>\n<p>En septiembre, Villarruel, quien tambi\u00e9n es fundadora del Centro de Estudios Legales sobre el Terrorismo y sus V\u00edctimas (Celtyv) convoc\u00f3 a un evento &quot;en homenaje a las v\u00edctimas del terrorismo&quot; en la Legislatura porte\u00f1a para el lunes y salieron a cruzarla desde sectores de la oposici\u00f3n.<\/p>\n<p>El acto fue duramente cuestionado por agrupaciones de Derechos Humanos, partidos pol\u00edticos de izquierda y dirigentes kirchneristas, quienes calificaron a la dirigente libertaria de &quot;negacionista&quot; y de realizar un acto para reivindicar la \u00faltima dictadura militar.<\/p>\n<p>La candidata a vice explic\u00f3 que el evento busc\u00f3 homenajear y recordar \u201ca las v\u00edctimas del terrorismo porque todos los 21 de agosto en el mundo se recuerda a las v\u00edctimas\u201d. <\/p>\n<p>\u201cAc\u00e1 en Argentina las v\u00edctimas de los 70, la AMIA y la embajada de Israel no tienen lugar porque aqu\u00ed vivimos en un relato eterno\u201d, analiz\u00f3 durante el acto realizado en la Legislatura porte\u00f1a.<\/p>\n<p>Este martes tambi\u00e9n, Villaruel, Milei y Mauricio Macri fueron el eje de las cr\u00edticas por parte de representantes de organismos de Derechos Humanos, quienes participaron de una reuni\u00f3n en la C\u00e1mara de Diputados, donde reclamaron por la \u201curgente\u201d sanci\u00f3n de una ley que castigue a los funcionarios p\u00fablicos que nieguen los cr\u00edmenes de lesa humanidad y genocidios.<\/p>\n<p>Sin embargo, de la segunda reuni\u00f3n informativa de la Comisi\u00f3n de Derechos Humanos y Garant\u00edas de la c\u00e1mara Baja solo participaron diputados del oficialismo.<\/p>\n<p>El texto propone que el INADI cambi\u00e9 su nombre a INADIN (Instituto Nacional contra la discriminaci\u00f3n, la xenofobia, el racismo y el negacionismo), y sea el encargado de dictar la \u201ccapacitaci\u00f3n de car\u00e1cter obligatoria en materia de Derechos Humanos (Memoria, Verdad y Justicia) para todas las personas que se desempe\u00f1en en la funci\u00f3n p\u00fablica.<\/p>\n<p>Adem\u00e1s, incorpora el art\u00edculo 248 al C\u00f3digo Penal, para establecer que \u201cser\u00e1 reprimido con pena de inhabilitaci\u00f3n especial de 3 meses a 4 a\u00f1os, el\/la funcionario\/a p\u00fablico\/a que, en el ejercicio del empleo, cargo o funci\u00f3n, negare, minimizare, justificare o revindicare p\u00fablicamente y por cualquier medio, genocidios o cr\u00edmenes contra la humanidad reconocidos oficialmente como tales por el Estado Argentino\u201d.<\/p>\n","protected":false},"excerpt":{"rendered":"<p>Victoria Villarruel critic\u00f3 los proyectos contra el negacionismo que se tratan en el Congreso: &#8220;Son para amordazar a los que pensamos distinto&#8221;La compa\u00f1era de f\u00f3rmula de Javier Milei, Victoria Villarruel, critic\u00f3 este martes los proyectos que se presentaron contra el negacionismo y que se tratan en comisi\u00f3n en el Congreso. &#8220;Son para amordazar a los que pensamos distinto&#8221;, afirm\u00f3.<br \/>\n&#8220;Los proyectos de &#039;negacionismo&#039; que se tratan en el Congreso son para amordazar a los que pensamos distinto, a los que cuestionamos el relato y las mentiras sostenidas con dinero p\u00fablico y a evitar que cualquiera que tenga coraje se anime a hablar para ejercer su libertad de pensamiento y expresi\u00f3n y pueda ser votado&#8221;, sostuvo la diputada de La Libertad Avanza y candidata a vicepresidente de este espacio en la red social X.<br \/>\nEn este sentido, Villarruel a\u00f1adi\u00f3 que &#8220;les gustan los DDHH solo si pens\u00e1s como ellos, sino no tienen problemas en viol\u00e1rtelos&#8221; y cerr\u00f3: &#8220;Te quieren con pensamiento \u00fanico, callad..<\/p>\n","protected":false},"author":2,"featured_media":10949,"comment_status":"","ping_status":"","sticky":false,"template":"","format":"standard","meta":{"footnotes":""},"categories":[7],"tags":[],"_links":{"self":[{"href":"https:\/\/maxradio923.com.ar\/index.php\/wp-json\/wp\/v2\/posts\/10948"}],"collection":[{"href":"https:\/\/maxradio923.com.ar\/index.php\/wp-json\/wp\/v2\/posts"}],"about":[{"href":"https:\/\/maxradio923.com.ar\/index.php\/wp-json\/wp\/v2\/types\/post"}],"author":[{"embeddable":true,"href":"https:\/\/maxradio923.com.ar\/index.php\/wp-json\/wp\/v2\/users\/2"}],"replies":[{"embeddable":true,"href":"https:\/\/maxradio923.com.ar\/index.php\/wp-json\/wp\/v2\/comments?post=10948"}],"version-history":[{"count":0,"href":"https:\/\/maxradio923.com.ar\/index.php\/wp-json\/wp\/v2\/posts\/10948\/revisions"}],"wp:featuredmedia":[{"embeddable":true,"href":"https:\/\/maxradio923.com.ar\/index.php\/wp-json\/wp\/v2\/media\/10949"}],"wp:attachment":[{"href":"https:\/\/maxradio923.com.ar\/index.php\/wp-json\/wp\/v2\/media?parent=10948"}],"wp:term":[{"taxonomy":"category","embeddable":true,"href":"https:\/\/maxradio923.com.ar\/index.php\/wp-json\/wp\/v2\/categories?post=10948"},{"taxonomy":"post_tag","embeddable":true,"href":"https:\/\/maxradio923.com.ar\/index.php\/wp-json\/wp\/v2\/tags?post=10948"}],"curies":[{"name":"wp","href":"https:\/\/api.w.org\/{rel}","templated":true}]}}