{"id":10910,"date":"2023-11-07T12:44:02","date_gmt":"2023-11-07T15:44:02","guid":{"rendered":"https:\/\/maxradio923.com\/index.php\/2023\/11\/07\/cordoba-un-chico-de-14-anos-tiene-muerte-cerebral-tras-ser-baleado-en-la-cabeza-por-un-conflicto-barrial\/"},"modified":"2023-11-07T12:44:02","modified_gmt":"2023-11-07T15:44:02","slug":"cordoba-un-chico-de-14-anos-tiene-muerte-cerebral-tras-ser-baleado-en-la-cabeza-por-un-conflicto-barrial","status":"publish","type":"post","link":"https:\/\/maxradio923.com.ar\/index.php\/2023\/11\/07\/cordoba-un-chico-de-14-anos-tiene-muerte-cerebral-tras-ser-baleado-en-la-cabeza-por-un-conflicto-barrial\/","title":{"rendered":"C\u00f3rdoba: un chico de 14 a\u00f1os tiene muerte cerebral tras ser baleado en la cabeza por un conflicto barrial"},"content":{"rendered":"<p>C\u00f3rdoba: un chico de 14 a\u00f1os tiene muerte cerebral tras ser baleado en la cabeza por un conflicto barrial<\/p>\n<p>Un chico de 14 a\u00f1os recibi\u00f3 <strong>un disparo en la cabeza <\/strong>durante la madrugada del domingo en el barrio de Colonia Lola, en la ciudad de <strong>C\u00f3rdoba<\/strong>. Est\u00e1 internado en el Hospital de Ni\u00f1os y el \u00faltimo parte m\u00e9dico es devastador: <strong>sufri\u00f3 muerte cerebral<\/strong>. En las \u00faltimas horas, la Polic\u00eda detuvo al presunto agresor, que tiene 18 a\u00f1os.<\/p>\n<p>Mientras la familia reclama por Justicia, los casos de violencia urbana se multiplican tambi\u00e9n en C\u00f3rdoba. De los <strong>83 ataques <\/strong>registrados en el a\u00f1o, al menos 37 ocurrieron en el marco de <strong>peleas y venganzas<\/strong>, seg\u00fan public\u00f3 el diario <em>La Voz<\/em>.<\/p>\n<p>El hechotuvo lugar el domingo alrededor de las 5 de la madrugada cuando <strong>Braian Manuel Alderete<\/strong> y un amigo fueron en moto desde el barrio Renacimiento hasta un kiosco de Colonia Lola para comprar bebidas.<\/p>\n<p>Lo que ocurri\u00f3 despu\u00e9s es confuso. Algunos testigos dijeron que se cruz\u00f3 con otros dos adolescentes y <strong>hubo una discusi\u00f3n<\/strong>, que deriv\u00f3 que el agresor le disparara un tiro en la cabeza. Pero esa informaci\u00f3n a\u00fan no fue confirmada por la Polic\u00eda.<\/p>\n<p>Inicialmente, el chico fue asistido por un servicio de emergencias y posteriormente derivado al Hospital de Ni\u00f1os de la Sant\u00edsima Trinidad, en la bajada Pucar\u00e1.<\/p>\n<p>\u201cLo \u00fanico que pedimos es justicia. No vamos a perder tiempo en marchas. Lo dejamos en manos de Dios. <strong>La Justicia tiene todo en las manos y no act\u00faa<\/strong>. Sabemos que hay pica entre los barrios, pero no esper\u00e1bamos algo as\u00ed. Estamos muy dolidos todos\u201d, cont\u00f3 Silvana, madrina del chico en charla con El Doce TV.<\/p>\n<p>Durante la madrugada de este lunes, la familia de Braian confirm\u00f3 la peor noticia: \u201cAnoche a las 12.30, especialistas de cabeza lo estudiaron y dijeron que ten\u00eda <strong>muerte cerebra<\/strong>l\u201d, cont\u00f3 a Mitre 810 Eduardo Pereyra, t\u00edo del adolescente.<\/p>\n<p>\u201cLos padres tomaron la decisi\u00f3n de<strong> donar los \u00f3rganos<\/strong> para que Braian siga viviendo en otra persona. Creo que los padres han tomado la mejor decisi\u00f3n\u201d, agreg\u00f3.<\/p>\n<p>En las \u00faltimas horas, la polic\u00eda cordobesa confirm\u00f3 que en el barrio Jos\u00e9 Ignacio D\u00edaz <strong>detuvo a un joven de 18 a\u00f1os<\/strong> como presunto agresor de Braian y fue trasladado a la sede judicial para tomarle declaraci\u00f3n.<\/p>\n<p>El joven detenido qued\u00f3 imputado por &quot;homicidio agravado por el uso de arma de fuego&quot;. La causa est\u00e1 en manos de la fiscal Mar\u00eda Florencia Esp\u00f3sito.<\/p>\n<p><em>D.D.<\/em><\/p>\n","protected":false},"excerpt":{"rendered":"<p>C\u00f3rdoba: un chico de 14 a\u00f1os tiene muerte cerebral tras ser baleado en la cabeza por un conflicto barrialUn chico de 14 a\u00f1os recibi\u00f3 un disparo en la cabeza durante la madrugada del domingo en el barrio de Colonia Lola, en la ciudad de C\u00f3rdoba. Est\u00e1 internado en el Hospital de Ni\u00f1os y el \u00faltimo parte m\u00e9dico es devastador: sufri\u00f3 muerte cerebral. En las \u00faltimas horas, la Polic\u00eda detuvo al presunto agresor, que tiene 18 a\u00f1os.<br \/>\nMientras la familia reclama por Justicia, los casos de violencia urbana se multiplican tambi\u00e9n en C\u00f3rdoba. De los 83 ataques registrados en el a\u00f1o, al menos 37 ocurrieron en el marco de peleas y venganzas, seg\u00fan public\u00f3 el diario La Voz.<br \/>\nEl hechotuvo lugar el domingo alrededor de las 5 de la madrugada cuando Braian Manuel Alderete y un amigo fueron en moto desde el barrio Renacimiento hasta un kiosco de Colonia Lola para comprar bebidas.<br \/>\nLo que ocurri\u00f3 despu\u00e9s es confuso. Algunos testigos dijeron que se cruz\u00f3 con otros dos adolescentes y hubo una discusi\u00f3n, que deri..<\/p>\n","protected":false},"author":2,"featured_media":10911,"comment_status":"","ping_status":"","sticky":false,"template":"","format":"standard","meta":{"footnotes":""},"categories":[6],"tags":[],"_links":{"self":[{"href":"https:\/\/maxradio923.com.ar\/index.php\/wp-json\/wp\/v2\/posts\/10910"}],"collection":[{"href":"https:\/\/maxradio923.com.ar\/index.php\/wp-json\/wp\/v2\/posts"}],"about":[{"href":"https:\/\/maxradio923.com.ar\/index.php\/wp-json\/wp\/v2\/types\/post"}],"author":[{"embeddable":true,"href":"https:\/\/maxradio923.com.ar\/index.php\/wp-json\/wp\/v2\/users\/2"}],"replies":[{"embeddable":true,"href":"https:\/\/maxradio923.com.ar\/index.php\/wp-json\/wp\/v2\/comments?post=10910"}],"version-history":[{"count":0,"href":"https:\/\/maxradio923.com.ar\/index.php\/wp-json\/wp\/v2\/posts\/10910\/revisions"}],"wp:featuredmedia":[{"embeddable":true,"href":"https:\/\/maxradio923.com.ar\/index.php\/wp-json\/wp\/v2\/media\/10911"}],"wp:attachment":[{"href":"https:\/\/maxradio923.com.ar\/index.php\/wp-json\/wp\/v2\/media?parent=10910"}],"wp:term":[{"taxonomy":"category","embeddable":true,"href":"https:\/\/maxradio923.com.ar\/index.php\/wp-json\/wp\/v2\/categories?post=10910"},{"taxonomy":"post_tag","embeddable":true,"href":"https:\/\/maxradio923.com.ar\/index.php\/wp-json\/wp\/v2\/tags?post=10910"}],"curies":[{"name":"wp","href":"https:\/\/api.w.org\/{rel}","templated":true}]}}