{"id":10908,"date":"2023-11-07T12:34:14","date_gmt":"2023-11-07T15:34:14","guid":{"rendered":"https:\/\/maxradio923.com\/index.php\/2023\/11\/07\/debate-presidencial-balotaje-2023-los-temas-que-abordaran-sergio-massa-y-javier-milei\/"},"modified":"2023-11-07T12:34:14","modified_gmt":"2023-11-07T15:34:14","slug":"debate-presidencial-balotaje-2023-los-temas-que-abordaran-sergio-massa-y-javier-milei","status":"publish","type":"post","link":"https:\/\/maxradio923.com.ar\/index.php\/2023\/11\/07\/debate-presidencial-balotaje-2023-los-temas-que-abordaran-sergio-massa-y-javier-milei\/","title":{"rendered":"Debate presidencial balotaje 2023: los temas que abordar\u00e1n Sergio Massa y Javier Milei"},"content":{"rendered":"<p>Debate presidencial balotaje 2023: los temas que abordar\u00e1n Sergio Massa y Javier Milei<\/p>\n<p>En la previa del balotaje, este domingo 12 de noviembre se realizar\u00e1 el tercer y \u00faltimo debate presidencial. <strong>Sergio Massa<\/strong> (Uni\u00f3n por la Patria) y<strong> Javier Milei<\/strong> (La Libertad Avanza) estar\u00e1n cara a cara y expondr\u00e1n<strong> seis ejes tem\u00e1ticos<\/strong> divididos en dos bloques.<\/p>\n<p>Los temas fueron confirmados por la C\u00e1mara Nacional Electoral; el primer bloque abarcar\u00e1 <strong>Econom\u00eda<\/strong>, <strong>Educaci\u00f3n y Salud<\/strong> y <strong>Relaciones Exteriores<\/strong>. Por otro lado, en la segunda parte del debate los candidatos deber\u00e1n hablar sobre <strong>Producci\u00f3n y Trabajo<\/strong>, <strong>Seguridad <\/strong>y <strong>Derechos Humanos y Convivencia<\/strong>.<\/p>\n<p>A diferencia de los anteriores debates, <strong>no habr\u00e1 derechos a r\u00e9plica<\/strong>, una cuesti\u00f3n que provoc\u00f3 cierta pol\u00e9mica por su uso en los encuentros previos. Todos los t\u00f3picos fueron<strong> pautados por los equipos de campa\u00f1a<\/strong> de los candidatos, y no hubo necesidad de injerencias del Consejo Asesor sobre las selecciones.<\/p>\n<p><img decoding=\"async\" alt=\"Javier Milei buscar\u00e1 sumar votos para el balotaje.\" src=\"https:\/\/www.clarin.com\/img\/2023\/11\/06\/8J-DJWhuv_720x0__1.jpg\"\/>Javier Milei buscar\u00e1 sumar votos para el balotaje.<\/p>\n<p>Otra novedad interesante es que los candidatos<strong> podr\u00e1n moverse por un espacio limitado<\/strong> cerca de sus atriles; en la derecha de la pantalla estar\u00e1 el ministro de Econom\u00eda, mientras que la izquierda mostrar\u00e1 al referente libertario. <\/p>\n<h2>Debate balotaje 2023: qui\u00e9nes ser\u00e1n los moderadores<\/h2>\n<p>En este encuentro presidencial, que se celebrar\u00e1 el domingo anterior a los comicios, habr\u00e1 <strong>nuevos moderadores<\/strong>; ninguno de los confirmados particip\u00f3 de los encuentros anteriores.<\/p>\n<p>Los periodistas ser\u00e1n Luciana <strong>Geuna<\/strong> (Canal 13), Antonio <strong>Laje <\/strong>(Am\u00e9rica), Pablo <strong>Vigna <\/strong>(TV P\u00fablica) y \u00c9rica <strong>Fontana <\/strong>(Telefe).<\/p>\n<h2>D\u00f3nde ser\u00e1 el debate presidencial<\/h2>\n<p>El debate tendr\u00e1 lugar el domingo <strong>12 de noviembre a partir de las 21 horas<\/strong>, en la <strong>Facultad de Derecho <\/strong>de la Universidad de Buenos Aires. Se espera que dure cerca de <strong>dos horas<\/strong>.<\/p>\n<p><img decoding=\"async\" alt=\"Sergio Massa se ubicar\u00e1 en el atril derecho. Foto: Reuter.\" src=\"https:\/\/www.clarin.com\/img\/2023\/11\/06\/o2UGE860w_720x0__1.jpg\"\/>Sergio Massa se ubicar\u00e1 en el atril derecho. Foto: Reuter.<\/p>\n<p>El Sal\u00f3n de Actos de esa facultad tambi\u00e9n fue sede del segundo debate presidencial, que incluy\u00f3 a los candidatos Patricia <strong>Bullrich <\/strong>(Juntos por el Cambio), Juan <strong>Schiaretti <\/strong>(Hacemos por Nuestro Pa\u00eds) y Myriam <strong>Bregman <\/strong>(Frente de Izquierda).<\/p>\n","protected":false},"excerpt":{"rendered":"<p>Debate presidencial balotaje 2023: los temas que abordar\u00e1n Sergio Massa y Javier MileiEn la previa del balotaje, este domingo 12 de noviembre se realizar\u00e1 el tercer y \u00faltimo debate presidencial. Sergio Massa (Uni\u00f3n por la Patria) y Javier Milei (La Libertad Avanza) estar\u00e1n cara a cara y expondr\u00e1n seis ejes tem\u00e1ticos divididos en dos bloques.<br \/>\nLos temas fueron confirmados por la C\u00e1mara Nacional Electoral; el primer bloque abarcar\u00e1 Econom\u00eda, Educaci\u00f3n y Salud y Relaciones Exteriores. Por otro lado, en la segunda parte del debate los candidatos deber\u00e1n hablar sobre Producci\u00f3n y Trabajo, Seguridad y Derechos Humanos y Convivencia.<br \/>\nA diferencia de los anteriores debates, no habr\u00e1 derechos a r\u00e9plica, una cuesti\u00f3n que provoc\u00f3 cierta pol\u00e9mica por su uso en los encuentros previos. Todos los t\u00f3picos fueron pautados por los equipos de campa\u00f1a de los candidatos, y no hubo necesidad de injerencias del Consejo Asesor sobre las selecciones.<br \/>\nJavier Milei buscar\u00e1 sumar votos para el balotaje.Otra noveda..<\/p>\n","protected":false},"author":2,"featured_media":10909,"comment_status":"","ping_status":"","sticky":false,"template":"","format":"standard","meta":{"footnotes":""},"categories":[7],"tags":[],"_links":{"self":[{"href":"https:\/\/maxradio923.com.ar\/index.php\/wp-json\/wp\/v2\/posts\/10908"}],"collection":[{"href":"https:\/\/maxradio923.com.ar\/index.php\/wp-json\/wp\/v2\/posts"}],"about":[{"href":"https:\/\/maxradio923.com.ar\/index.php\/wp-json\/wp\/v2\/types\/post"}],"author":[{"embeddable":true,"href":"https:\/\/maxradio923.com.ar\/index.php\/wp-json\/wp\/v2\/users\/2"}],"replies":[{"embeddable":true,"href":"https:\/\/maxradio923.com.ar\/index.php\/wp-json\/wp\/v2\/comments?post=10908"}],"version-history":[{"count":0,"href":"https:\/\/maxradio923.com.ar\/index.php\/wp-json\/wp\/v2\/posts\/10908\/revisions"}],"wp:featuredmedia":[{"embeddable":true,"href":"https:\/\/maxradio923.com.ar\/index.php\/wp-json\/wp\/v2\/media\/10909"}],"wp:attachment":[{"href":"https:\/\/maxradio923.com.ar\/index.php\/wp-json\/wp\/v2\/media?parent=10908"}],"wp:term":[{"taxonomy":"category","embeddable":true,"href":"https:\/\/maxradio923.com.ar\/index.php\/wp-json\/wp\/v2\/categories?post=10908"},{"taxonomy":"post_tag","embeddable":true,"href":"https:\/\/maxradio923.com.ar\/index.php\/wp-json\/wp\/v2\/tags?post=10908"}],"curies":[{"name":"wp","href":"https:\/\/api.w.org\/{rel}","templated":true}]}}