{"id":10808,"date":"2023-11-06T19:05:11","date_gmt":"2023-11-06T22:05:11","guid":{"rendered":"https:\/\/maxradio923.com\/index.php\/2023\/11\/06\/massa-en-cordoba-el-plan-para-seducir-a-la-provincia-mas-anti-k-en-medio-de-la-tension-con-schiaretti\/"},"modified":"2023-11-06T19:05:11","modified_gmt":"2023-11-06T22:05:11","slug":"massa-en-cordoba-el-plan-para-seducir-a-la-provincia-mas-anti-k-en-medio-de-la-tension-con-schiaretti","status":"publish","type":"post","link":"https:\/\/maxradio923.com.ar\/index.php\/2023\/11\/06\/massa-en-cordoba-el-plan-para-seducir-a-la-provincia-mas-anti-k-en-medio-de-la-tension-con-schiaretti\/","title":{"rendered":"Massa  en C\u00f3rdoba: el plan para seducir a la provincia m\u00e1s anti K en medio de la tensi\u00f3n con  Schiaretti"},"content":{"rendered":"<p>Massa  en C\u00f3rdoba: el plan para seducir a la provincia m\u00e1s anti K en medio de la tensi\u00f3n con  Schiaretti <\/p>\n<p>\u201c<strong>C\u00f3rdoba<\/strong> va a ser nuestra sorpresa en el balotaje\u201d. El dirigente al que le sobra optimismo no form\u00f3 parte de la comitiva que acompa\u00f1\u00f3 a <strong>Sergio Massa<\/strong> a la provincia con los votantes m\u00e1s antikirchneristas de la Argentina seg\u00fan las \u00faltimas elecciones, pero es parte del n\u00facleo duro massista, ese del que se jactan pertenecer \u201clos que no lo abandonaron ni en los peores momentos\u201d.<\/p>\n<p>Su pron\u00f3stico se da en el marco del <strong>viaje que realiz\u00f3 el tigrense<\/strong> y coinciden con al an\u00e1lisis que hacen en el comando de campa\u00f1a de Uni\u00f3n por la Patria, donde se muestran convencidos de que en la definici\u00f3n con <strong>Javier Milei<\/strong> del 19 de noviembre podr\u00e1n duplicar el caudal de votos que obtuvieron en las generales y superar incluso los 29 puntos que en 2019 alcanz\u00f3 la f\u00f3rmula Alberto Fern\u00e1ndez-Cristina Kirchner.<\/p>\n<p>Con la gesti\u00f3n como excusa, este lunes Massa viaj\u00f3 junto al ministro de Transporte, Diego Giuliano; los secretarios Juan Jos\u00e9 Bahillo (Agricultura) y Flavia Royon (Energ\u00eda).<\/p>\n<p>La <strong>novedad en esa comitiva<\/strong> fue la aparici\u00f3n del ex gobernador de Salta <strong>Juan Manuel Urtubey<\/strong>, quien un rato antes manifest\u00f3 su apoyo al l\u00edder del Frente Renovador y dijo coincidir con su propuesta de hacer \u201cun gobierno de Unidad Nacional, en serio, que sea la herramienta transformadora para comenzar a dar vuelta la p\u00e1gina del dolor y la desesperanza\u201d.<\/p>\n<p>La incorporaci\u00f3n de Urtubey le aporta a la campa\u00f1a de Massa un nombre de peso propio en el peronismo y de <strong>perfil cr\u00edtico del kirchnerismo<\/strong>, el condimento ideal para pisar C\u00f3rdoba. <\/p>\n<p>Y m\u00e1s en un contexto en el que el tigrense pretende seguir sumando adhesiones de un sector del peronismo cordob\u00e9s, encolumnado con el gobernador <strong>Juan Schiaretti<\/strong> y ahora en plena etapa de transici\u00f3n con el flamante electo <strong>Mart\u00edn Llaryora, quien ya dio muestras de querer forjar su propio liderazgo<\/strong>.<\/p>\n<p>En el massismo resaltan la buena sinton\u00eda con Llaryora y especialmente con el intendente de Villa Mar\u00eda Mart\u00edn Gill, ex secretario de Obras P\u00fablicas del actual gobierno, como contrapeso a las diferencias p\u00fablicas que pronunci\u00f3 Schiaretti en la previa a la visita de Massa a C\u00f3rdoba.<\/p>\n<p>No fue un movimiento casual el de Schiaretti. Tanto que hasta <strong>pareci\u00f3 extempor\u00e1neo por su contundencia<\/strong>, lo que abon\u00f3 las especulaciones del acercamiento de su sucesor con Massa. <\/p>\n<p>&quot;Una vez m\u00e1s quiero hacer p\u00fablico mi categ\u00f3rico rechazo al pretendido juicio pol\u00edtico a la Corte Suprema que impulsa el Gobierno kirchnerista del ministro Sergio Massa&quot;, lanz\u00f3 un combativo Schiaretti, cuyas palabras, seg\u00fan se\u00f1alan desde C\u00f3rdoba, <strong>no implican que tenga previsto abandonar la neutralidad de cara al balotaje<\/strong>, pero que lograron empantanar el paso del tigrense por R\u00edo Cuarto y la capital provincial.<\/p>\n<p>En la previa al viaje, la estrategia de Massa y su tropa fue <strong>mostrarse lejos del kirchnerismo, <\/strong>a pesar de que las listas que colgaron de su candidatura llevaron a M\u00e1ximo Kirchner, Eduardo &quot;Wado&quot; de Pedro y mayor\u00eda de dirigentes camporistas. La promesa que hizo en una entrevista en LN+, respecto a que Cristina &quot;no se va a meter&quot; en su Gobierno, pretendi\u00f3 reforzar ese concepto.<\/p>\n<p>&quot;En las generales muchos (electores) cordobeses de Juntos por el Cambio ya hab\u00edan migrado a Milei. Pero ahora el apoyo de Macri le va a quitar votos de los anti casta. Nosotros estamos muy bien con los votantes de Schiaretti, vamos a dar la sorpresa&quot;, razon\u00f3 ante <strong>Clar\u00edn <\/strong>un estratega de campa\u00f1a.<\/p>\n<p>El universo al que apunta Massa es buena parte del 27% de los votos que obtuvo Schiaretti en su provincia. De todos modos, el objetivo de superar los 29 puntos que logr\u00f3 Alberto F. en 2019, no asoma sencillo: en las generales qued\u00f3 cuarto con apenas el 13%.<\/p>\n<p>&quot;Alcanza con acortar la distancia. Cada voto que sumemos le restamos a Milei. Esto es voto a voto&quot;, se entusiasman en el comando de campa\u00f1a.<\/p>\n<p>Con esa premisa, Massa lleg\u00f3 a la provincia y esboz\u00f3 una suerte de autocr\u00edtica. &quot;Muchas veces C\u00f3rdoba sinti\u00f3 que desde el poder central se le dio la espalda&#8230; Por la parte que me toque, mis disculpas a los cordobeses&quot;. Y se comprometi\u00f3, por la &quot;memoria de Jos\u00e9 Manuel de la Sota&quot; a que &quot;nunca m\u00e1s C\u00f3rdoba tenga que hacer juicio por lo que le corresponde&quot;.<\/p>\n<p>No fue el \u00fanico gesto: Massa <strong>prefiri\u00f3 omitir las cr\u00edticas de Schiaretti<\/strong> y le agradeci\u00f3 por su trabajo para la implementaci\u00f3n de la tarjeta SUBE que impuls\u00f3 su alfil Giuliano desde el Ministerio de Transporte.<\/p>\n","protected":false},"excerpt":{"rendered":"<p>Massa en C\u00f3rdoba: el plan para seducir a la provincia m\u00e1s anti K en medio de la tensi\u00f3n con Schiaretti \u201cC\u00f3rdoba va a ser nuestra sorpresa en el balotaje\u201d. El dirigente al que le sobra optimismo no form\u00f3 parte de la comitiva que acompa\u00f1\u00f3 a Sergio Massa a la provincia con los votantes m\u00e1s antikirchneristas de la Argentina seg\u00fan las \u00faltimas elecciones, pero es parte del n\u00facleo duro massista, ese del que se jactan pertenecer \u201clos que no lo abandonaron ni en los peores momentos\u201d.<br \/>\nSu pron\u00f3stico se da en el marco del viaje que realiz\u00f3 el tigrense y coinciden con al an\u00e1lisis que hacen en el comando de campa\u00f1a de Uni\u00f3n por la Patria, donde se muestran convencidos de que en la definici\u00f3n con Javier Milei del 19 de noviembre podr\u00e1n duplicar el caudal de votos que obtuvieron en las generales y superar incluso los 29 puntos que en 2019 alcanz\u00f3 la f\u00f3rmula Alberto Fern\u00e1ndez-Cristina Kirchner.<br \/>\nCon la gesti\u00f3n como excusa, este lunes Massa viaj\u00f3 junto al ministro de Transporte, Diego Giuliano; los secre..<\/p>\n","protected":false},"author":2,"featured_media":10810,"comment_status":"","ping_status":"","sticky":false,"template":"","format":"standard","meta":{"footnotes":""},"categories":[7],"tags":[],"_links":{"self":[{"href":"https:\/\/maxradio923.com.ar\/index.php\/wp-json\/wp\/v2\/posts\/10808"}],"collection":[{"href":"https:\/\/maxradio923.com.ar\/index.php\/wp-json\/wp\/v2\/posts"}],"about":[{"href":"https:\/\/maxradio923.com.ar\/index.php\/wp-json\/wp\/v2\/types\/post"}],"author":[{"embeddable":true,"href":"https:\/\/maxradio923.com.ar\/index.php\/wp-json\/wp\/v2\/users\/2"}],"replies":[{"embeddable":true,"href":"https:\/\/maxradio923.com.ar\/index.php\/wp-json\/wp\/v2\/comments?post=10808"}],"version-history":[{"count":0,"href":"https:\/\/maxradio923.com.ar\/index.php\/wp-json\/wp\/v2\/posts\/10808\/revisions"}],"wp:featuredmedia":[{"embeddable":true,"href":"https:\/\/maxradio923.com.ar\/index.php\/wp-json\/wp\/v2\/media\/10810"}],"wp:attachment":[{"href":"https:\/\/maxradio923.com.ar\/index.php\/wp-json\/wp\/v2\/media?parent=10808"}],"wp:term":[{"taxonomy":"category","embeddable":true,"href":"https:\/\/maxradio923.com.ar\/index.php\/wp-json\/wp\/v2\/categories?post=10808"},{"taxonomy":"post_tag","embeddable":true,"href":"https:\/\/maxradio923.com.ar\/index.php\/wp-json\/wp\/v2\/tags?post=10808"}],"curies":[{"name":"wp","href":"https:\/\/api.w.org\/{rel}","templated":true}]}}