{"id":10799,"date":"2023-11-06T17:03:59","date_gmt":"2023-11-06T20:03:59","guid":{"rendered":"https:\/\/maxradio923.com\/index.php\/2023\/11\/06\/sergio-massa-salio-en-busca-del-voto-de-los-cordobeses-pidio-disculpas-prometio-fondos-y-agito-la-campana-del-miedo-contra-milei\/"},"modified":"2023-11-06T17:03:59","modified_gmt":"2023-11-06T20:03:59","slug":"sergio-massa-salio-en-busca-del-voto-de-los-cordobeses-pidio-disculpas-prometio-fondos-y-agito-la-campana-del-miedo-contra-milei","status":"publish","type":"post","link":"https:\/\/maxradio923.com.ar\/index.php\/2023\/11\/06\/sergio-massa-salio-en-busca-del-voto-de-los-cordobeses-pidio-disculpas-prometio-fondos-y-agito-la-campana-del-miedo-contra-milei\/","title":{"rendered":"Sergio Massa sali\u00f3 en busca del voto de los cordobeses: pidi\u00f3 disculpas, prometi\u00f3 fondos y agit\u00f3 la campa\u00f1a del miedo contra Milei"},"content":{"rendered":"<p>Sergio Massa sali\u00f3 en busca del voto de los cordobeses: pidi\u00f3 disculpas, prometi\u00f3 fondos y agit\u00f3 la campa\u00f1a del miedo contra Milei <\/p>\n<p>A 13 d\u00edas de la segunda vuelta, <strong>Sergio Massa <\/strong>busca voto por voto la mayor\u00eda que lo lleve a la Casa Rosada. Este lunes se traslad\u00f3 a C\u00f3rdoba, provincia hostil al peronismo y donde<strong> en las generales qued\u00f3 cuarto<\/strong>, para realizar una serie de anuncios y prometer que, en caso de ganar, el distrito \u201cnunca m\u00e1s\u201d le deba <strong>\u201chacer juicio a la Naci\u00f3n para ser parte de la justa distribuci\u00f3n de ingreso\u201d. <\/strong>El candidato de Uni\u00f3n por la Patria estuvo en R\u00edo Cuarto para anunciar la implementaci\u00f3n de la tarjeta SUBE en siete municipios de la provincia. All\u00ed record\u00f3 a su ex socio pol\u00edtico, el fallecido ex gobernador <strong>Jos\u00e9 Manuel de la Sota<\/strong>, volvi\u00f3 a agitar la campa\u00f1a del miedo contra Javier Milei, e introdujo a su nueva alianza, <strong>el ex gobernador de Salta Juan Manuel Urtubey<\/strong>, presente entre los asistentes al acto.<\/p>\n<p>Massa habl\u00f3 de manera puntual sobre los hist\u00f3ricos <strong>reclamos de la provincia de C\u00f3rdoba por los fondos adeudados<\/strong>. En abril, el distrito hoy gobernado por Juan Schiaretti acudi\u00f3 a la Corte Suprema de Justicia para solicitar el cumplimiento de las leyes y pactos fiscales que establecen que la Casa Rosada debe hacerse cargo de los d\u00e9ficits de la Caja de Jubilaciones cordobesa. Se suma a otros hist\u00f3ricos reclamos como el de recibir un mayor porcentaje de <strong>coparticipaci\u00f3n <\/strong>en l\u00ednea con lo que aporta.<\/p>\n<p>El candidato y ministro de Econom\u00eda reconoci\u00f3 los<strong> \u201cmuchos a\u00f1os del reclamo no escuchado y el desencuentro\u201d<\/strong> entre la Casa Rosada y C\u00f3rdoba. \u201cQuiero desde ac\u00e1, R\u00edo Cuarto, <strong>asumir un compromiso<\/strong>: si Dios, los argentinos y los cordobeses me dan la responsabilidad de gobernar, quiero desde el 10 de diciembre empezar una nueva etapa\u201d, afirm\u00f3 el candidato de Uni\u00f3n por la Patria.<\/p>\n<p>En ese sentido, agreg\u00f3: <strong>\u201cQuiero que nunca m\u00e1s C\u00f3rdoba tenga que hacer juicio para tener loque corresponde. Quiero que sea en el trabajo conjunto, en el di\u00e1logo, en el consenso\u201d.<\/strong><\/p>\n<p>&quot;Es parte de la historia de reclamos de los cordobeses, de sentir que muchas veces, de (Eduardo) Angeloz hasta ac\u00e1 el Estado Nacional no le daba a C\u00f3rdoba lo que C\u00f3rdoba merec\u00eda, sent\u00eda que merec\u00eda o le correspond\u00eda&quot;, plante\u00f3 el ministro de Econom\u00eda.<\/p>\n<p>Dijo que la implementaci\u00f3n de la SUBE en la provincia &quot;representa un acto de estricta justicia por el esfuerzo y enorme aporte que hace con el pago de impuestos al gobierno nacional&quot;.<\/p>\n<p>Massa continu\u00f3 con sus halagos a los cordobeses y reconocimiento de sus hist\u00f3ricas peleas con la Casa Rosada. Dijo que C\u00f3rdoba &quot;ha peleado por su crecimiento muchas veces sinti\u00e9ndose sola, <strong>sintiendo que desde el poder central le dieron la espalda<\/strong>, sintiendo que era injusta la distribuci\u00f3n de ingreso respecto del aporte que hac\u00edan&quot;.<\/p>\n<p>&quot;Por la parte que me toque, <strong>mis disculpa a los cordobeses&quot;,<\/strong> dijo Massa en un gesto de liderazgo asumido ante la ausencia durante la campa\u00f1a de Alberto Fern\u00e1ndez y Cristina Fern\u00e1ndez.<\/p>\n<p>Dijo que en caso de ganar, su compromiso desde el 10 de diciembre &quot;en memoria de Jos\u00e9 Manuel de la Sota&quot; ser\u00e1 que C\u00f3rdoba &quot;sea parte del crecimiento y desarrollo y nunca m\u00e1s le tenga que hacer juicio a la Naci\u00f3n para ser parte de la justa distribuci\u00f3n del ingreso&quot;.<\/p>\n<h2>En C\u00f3rdoba, Sergio Massa insisti\u00f3 con su campa\u00f1a del miedo<\/h2>\n<p>Por otra parte, reiter\u00f3 sus cr\u00edticas contra el candidato de la La Libertad Avanza y dijo que le \u201casusta\u201d que un candidato \u201cva a eliminar el subsidio al transporte\u201d porque implicar\u00eda \u201cllevar a $722 el boleto de colectivo\u201d.<\/p>\n<p>E insisti\u00f3: <strong>&quot;me asusta y me da miedo<\/strong> un candidato que dice que va a librar el precio del combustible porque es llevar el litro de nafta a 800 pesos, es condenar a las pymes y la producci\u00f3n a perder competitividad&quot;.<\/p>\n<p><em>D.D.<\/em><\/p>\n","protected":false},"excerpt":{"rendered":"<p>Sergio Massa sali\u00f3 en busca del voto de los cordobeses: pidi\u00f3 disculpas, prometi\u00f3 fondos y agit\u00f3 la campa\u00f1a del miedo contra Milei A 13 d\u00edas de la segunda vuelta, Sergio Massa busca voto por voto la mayor\u00eda que lo lleve a la Casa Rosada. Este lunes se traslad\u00f3 a C\u00f3rdoba, provincia hostil al peronismo y donde en las generales qued\u00f3 cuarto, para realizar una serie de anuncios y prometer que, en caso de ganar, el distrito \u201cnunca m\u00e1s\u201d le deba \u201chacer juicio a la Naci\u00f3n para ser parte de la justa distribuci\u00f3n de ingreso\u201d. El candidato de Uni\u00f3n por la Patria estuvo en R\u00edo Cuarto para anunciar la implementaci\u00f3n de la tarjeta SUBE en siete municipios de la provincia. All\u00ed record\u00f3 a su ex socio pol\u00edtico, el fallecido ex gobernador Jos\u00e9 Manuel de la Sota, volvi\u00f3 a agitar la campa\u00f1a del miedo contra Javier Milei, e introdujo a su nueva alianza, el ex gobernador de Salta Juan Manuel Urtubey, presente entre los asistentes al acto.<br \/>\nMassa habl\u00f3 de manera puntual sobre los hist\u00f3ricos reclamos de la pro..<\/p>\n","protected":false},"author":2,"featured_media":10800,"comment_status":"","ping_status":"","sticky":false,"template":"","format":"standard","meta":{"footnotes":""},"categories":[7],"tags":[],"_links":{"self":[{"href":"https:\/\/maxradio923.com.ar\/index.php\/wp-json\/wp\/v2\/posts\/10799"}],"collection":[{"href":"https:\/\/maxradio923.com.ar\/index.php\/wp-json\/wp\/v2\/posts"}],"about":[{"href":"https:\/\/maxradio923.com.ar\/index.php\/wp-json\/wp\/v2\/types\/post"}],"author":[{"embeddable":true,"href":"https:\/\/maxradio923.com.ar\/index.php\/wp-json\/wp\/v2\/users\/2"}],"replies":[{"embeddable":true,"href":"https:\/\/maxradio923.com.ar\/index.php\/wp-json\/wp\/v2\/comments?post=10799"}],"version-history":[{"count":0,"href":"https:\/\/maxradio923.com.ar\/index.php\/wp-json\/wp\/v2\/posts\/10799\/revisions"}],"wp:featuredmedia":[{"embeddable":true,"href":"https:\/\/maxradio923.com.ar\/index.php\/wp-json\/wp\/v2\/media\/10800"}],"wp:attachment":[{"href":"https:\/\/maxradio923.com.ar\/index.php\/wp-json\/wp\/v2\/media?parent=10799"}],"wp:term":[{"taxonomy":"category","embeddable":true,"href":"https:\/\/maxradio923.com.ar\/index.php\/wp-json\/wp\/v2\/categories?post=10799"},{"taxonomy":"post_tag","embeddable":true,"href":"https:\/\/maxradio923.com.ar\/index.php\/wp-json\/wp\/v2\/tags?post=10799"}],"curies":[{"name":"wp","href":"https:\/\/api.w.org\/{rel}","templated":true}]}}