{"id":10795,"date":"2023-11-06T16:14:02","date_gmt":"2023-11-06T19:14:02","guid":{"rendered":"https:\/\/maxradio923.com\/index.php\/2023\/11\/06\/desvalijaron-seis-departamentos-en-nunez-cuando-no-habia-nadie-me-robaron-los-ahorros-de-toda-mi-vida\/"},"modified":"2023-11-06T16:14:02","modified_gmt":"2023-11-06T19:14:02","slug":"desvalijaron-seis-departamentos-en-nunez-cuando-no-habia-nadie-me-robaron-los-ahorros-de-toda-mi-vida","status":"publish","type":"post","link":"https:\/\/maxradio923.com.ar\/index.php\/2023\/11\/06\/desvalijaron-seis-departamentos-en-nunez-cuando-no-habia-nadie-me-robaron-los-ahorros-de-toda-mi-vida\/","title":{"rendered":"Desvalijaron seis departamentos en N\u00fa\u00f1ez cuando no hab\u00eda nadie: &#8220;Me robaron los ahorros de toda mi vida&#8221;"},"content":{"rendered":"<p>Desvalijaron seis departamentos en N\u00fa\u00f1ez cuando no hab\u00eda nadie: &quot;Me robaron los ahorros de toda mi vida&quot;<\/p>\n<p>Seis departamentos de un edificio ubicado en <strong>N\u00fa\u00f1ez<\/strong> fueron desvalijados por delincuentes mientras se encontraban vac\u00edos. Las puertas, en todos los casos, <strong>fueron forzadas con barretas<\/strong>.<\/p>\n<p>Sucedi\u00f3 este domingo por la tarde, entre las 14 y las 16 cuando los departamentos estaban sin gente. Es el <strong>segundo hecho de inseguridad<\/strong> en el mismo edificio en menos de siete meses.<\/p>\n<p>Fuentes policiales confirmaron que principalmente los delincuentes apuntaron a <strong>llevarse dinero y objetos de valor<\/strong>. Los robos sucedieron en el edificio ubicado en Ciudad de la Paz 3429, en los departamentos A,B y C tanto del tercer piso como del quinto.<\/p>\n<p>&quot;<strong>Me robaron los ahorros de toda mi vida<\/strong>, adem\u00e1s de la situaci\u00f3n fea de encontrar todo totalmente desordenado y que vulneren tu privacidad&quot;, manifest\u00f3 el due\u00f1o de uno de los departamentos saqueados.<\/p>\n<p>En charla con <em>el canal TN<\/em>, Agust\u00edn cont\u00f3 que se trata del segundo hecho de inseguridad en muy pocos meses en ese mismo edificio: &quot;en abril y bajo la misma modalidad, delincuentes robaron en otros departamentos&quot;, cont\u00f3.<\/p>\n<p><img decoding=\"async\" alt=\"El edificio ubicado sobre la calle Ciudad de la Paz en el barrio de N\u00fa\u00f1ez fue saqueado por segunda vez en menos de siete meses. Foto: Captura de TN\" src=\"https:\/\/www.clarin.com\/img\/2023\/11\/06\/rAR2zF0xj_720x0__1.jpg\"\/>El edificio ubicado sobre la calle Ciudad de la Paz en el barrio de N\u00fa\u00f1ez fue saqueado por segunda vez en menos de siete meses. Foto: Captura de TN<\/p>\n<p>Seg\u00fan fuentes policiales, al llegar efectivos de la Comisar\u00eda Vecinal 13 B de la Polic\u00eda de la Ciudad al edificio se entrevistaron con los damnificados, quienes aseguraron que cuando volvieron, encontraron las puertas de los departamentos -incluso algunas de ellas blindadas- forzadas con barretas y que, una vez adentro, advirtieron el faltante de dinero y de objetos de valor, adem\u00e1s de todos los ambientes revueltos.<\/p>\n<p>Sobre la puerta principal del edificio, fuentes de la investigaci\u00f3n inform\u00f3 que &quot;no presentaba da\u00f1os&quot; y que debi\u00f3 haber sido ser abierta con &quot;una llave codificada&quot;.<\/p>\n<p>Las fuentes detallaron que el edificio &quot;no posee c\u00e1maras de seguridad ni personal de vigilancia&quot;, por lo que se dispuso el levantamiento de rastros para un eventual cotejo con sospechosos que pudieran surgir durante la investigaci\u00f3n.<\/p>\n<p><img decoding=\"async\" alt=\"Una de las seis puertas barreteadas en el edificio de N\u00fa\u00f1ez. Foto: Captura de TN\" src=\"https:\/\/www.clarin.com\/img\/2023\/11\/06\/jyIgI2Pb3_720x0__1.jpg\"\/>Una de las seis puertas barreteadas en el edificio de N\u00fa\u00f1ez. Foto: Captura de TN<\/p>\n<p>&quot;Uno ya no sabe d\u00f3nde vivir; me mud\u00e9 a N\u00fa\u00f1ez pensando que iba a estar tranquilo y <strong>es la segunda vez en menos de un a\u00f1o que entran al edificio<\/strong>: la primera yo zaf\u00e9, pero esta vez me toc\u00f3&quot;, complet\u00f3 Agust\u00edn casi con resignaci\u00f3n. El damnificado detall\u00f3 que adem\u00e1s de dinero en efectivo, le robaron una <strong>computadora, bandejas y equipos de audio<\/strong>.<\/p>\n<p>&quot;En los seis departamentos a los que entraron y lograron robar algo no hab\u00eda nadie, igual que la otra vez&#8230;eso es sin dudas llamativo. En abril, cuando ingresaron por primera vez<strong>, tambi\u00e9n ten\u00edan llave de ingreso<\/strong>. La verdad es que uno sospecha de todos&quot;, agreg\u00f3 el vecino.<\/p>\n<p>La investigaci\u00f3n de los robos qued\u00f3 en manos de la Fiscal\u00eda del Distrito Saavedra-N\u00fa\u00f1ez que dirige Jos\u00e9 Mar\u00eda Campagnoli, y por estas horas est\u00e1n revisando distintas c\u00e1maras de seguridad de la zona para poder dar con los delincuentes, que est\u00e1n pr\u00f3fugos.<\/p>\n<p><em>Con informaci\u00f3n de T\u00e9lam<\/em><\/p>\n","protected":false},"excerpt":{"rendered":"<p>Desvalijaron seis departamentos en N\u00fa\u00f1ez cuando no hab\u00eda nadie: &#8220;Me robaron los ahorros de toda mi vida&#8221;Seis departamentos de un edificio ubicado en N\u00fa\u00f1ez fueron desvalijados por delincuentes mientras se encontraban vac\u00edos. Las puertas, en todos los casos, fueron forzadas con barretas.<br \/>\nSucedi\u00f3 este domingo por la tarde, entre las 14 y las 16 cuando los departamentos estaban sin gente. Es el segundo hecho de inseguridad en el mismo edificio en menos de siete meses.<br \/>\nFuentes policiales confirmaron que principalmente los delincuentes apuntaron a llevarse dinero y objetos de valor. Los robos sucedieron en el edificio ubicado en Ciudad de la Paz 3429, en los departamentos A,B y C tanto del tercer piso como del quinto.<br \/>\n&#8220;Me robaron los ahorros de toda mi vida, adem\u00e1s de la situaci\u00f3n fea de encontrar todo totalmente desordenado y que vulneren tu privacidad&#8221;, manifest\u00f3 el due\u00f1o de uno de los departamentos saqueados.<br \/>\nEn charla con el canal TN, Agust\u00edn cont\u00f3 que se trata del segundo hecho de inseg..<\/p>\n","protected":false},"author":2,"featured_media":10796,"comment_status":"","ping_status":"","sticky":false,"template":"","format":"standard","meta":{"footnotes":""},"categories":[6],"tags":[],"_links":{"self":[{"href":"https:\/\/maxradio923.com.ar\/index.php\/wp-json\/wp\/v2\/posts\/10795"}],"collection":[{"href":"https:\/\/maxradio923.com.ar\/index.php\/wp-json\/wp\/v2\/posts"}],"about":[{"href":"https:\/\/maxradio923.com.ar\/index.php\/wp-json\/wp\/v2\/types\/post"}],"author":[{"embeddable":true,"href":"https:\/\/maxradio923.com.ar\/index.php\/wp-json\/wp\/v2\/users\/2"}],"replies":[{"embeddable":true,"href":"https:\/\/maxradio923.com.ar\/index.php\/wp-json\/wp\/v2\/comments?post=10795"}],"version-history":[{"count":0,"href":"https:\/\/maxradio923.com.ar\/index.php\/wp-json\/wp\/v2\/posts\/10795\/revisions"}],"wp:featuredmedia":[{"embeddable":true,"href":"https:\/\/maxradio923.com.ar\/index.php\/wp-json\/wp\/v2\/media\/10796"}],"wp:attachment":[{"href":"https:\/\/maxradio923.com.ar\/index.php\/wp-json\/wp\/v2\/media?parent=10795"}],"wp:term":[{"taxonomy":"category","embeddable":true,"href":"https:\/\/maxradio923.com.ar\/index.php\/wp-json\/wp\/v2\/categories?post=10795"},{"taxonomy":"post_tag","embeddable":true,"href":"https:\/\/maxradio923.com.ar\/index.php\/wp-json\/wp\/v2\/tags?post=10795"}],"curies":[{"name":"wp","href":"https:\/\/api.w.org\/{rel}","templated":true}]}}