{"id":10793,"date":"2023-11-06T16:14:02","date_gmt":"2023-11-06T19:14:02","guid":{"rendered":"https:\/\/maxradio923.com\/index.php\/2023\/11\/06\/fue-a-balear-una-carcel-le-erro-y-le-dio-al-frente-de-una-casa-estaba-muy-nervioso-se-le-cayo-el-cargador\/"},"modified":"2023-11-06T16:14:02","modified_gmt":"2023-11-06T19:14:02","slug":"fue-a-balear-una-carcel-le-erro-y-le-dio-al-frente-de-una-casa-estaba-muy-nervioso-se-le-cayo-el-cargador","status":"publish","type":"post","link":"https:\/\/maxradio923.com.ar\/index.php\/2023\/11\/06\/fue-a-balear-una-carcel-le-erro-y-le-dio-al-frente-de-una-casa-estaba-muy-nervioso-se-le-cayo-el-cargador\/","title":{"rendered":"Fue a balear una c\u00e1rcel, le err\u00f3 y le dio al frente de una casa: &#8220;Estaba muy nervioso, se le cay\u00f3 el cargador&#8221;"},"content":{"rendered":"<p>Fue a balear una c\u00e1rcel, le err\u00f3 y le dio al frente de una casa: &quot;Estaba muy nervioso, se le cay\u00f3 el cargador&quot;<\/p>\n<p>Otro caso m\u00e1s de intimidaci\u00f3n y violencia ocurri\u00f3 en Rosario, con un ataque a tiros dirigido a una c\u00e1rcel. Pero esta vez la nota la dio el tirador, que le err\u00f3 al blanco y termin\u00f3 baleando el frente de una casa. De milagro no hubo heridos y el atacante logr\u00f3 escapar en un auto.<\/p>\n<p>El episodio ocurri\u00f3 el domingo, cerca de las 23, afuera de la Unidad Penitenciaria 16, ubicada en la localidad de P\u00e9rez, del Gran Rosario.  <\/p>\n<p>Seg\u00fan los investigadores, el ataque habr\u00eda sido ejecutado por un hombre que se baj\u00f3 de un auto blanco, quien, tras efectuar los disparos en direcci\u00f3n a las instalaciones de la c\u00e1rcel, regres\u00f3 corriendo al coche y escap\u00f3.<\/p>\n<p>Para tirar, el atacante no se acerc\u00f3 a la c\u00e1rcel, sino que dispar\u00f3 desde la esquina de Las Tacuaritas y Las Palmeras y, seg\u00fan la due\u00f1a de la casa donde impactaron las balas, estaba &quot;muy nervioso&quot;.<strong> &quot;Se le cay\u00f3 el cargador. Tir\u00f3 varios tiros y uno peg\u00f3 en mi casa. Mi hermano vio que apunt\u00f3 a la c\u00e1rcel&quot;<\/strong>, dijo a <em>LT8<\/em>.<\/p>\n<p>De la escena del hecho los peritos de la Agencia de Investigaci\u00f3n Criminal (AIC) secuestraron seis vainas servidas  9 mil\u00edmetros.<\/p>\n<p><img decoding=\"async\" alt=\"La Unidad Penitenciaria 16 conocida como la c\u00e1rcel P\u00e9rez este domingo a noche se convirti\u00f3 en el escenario una balacera que ha dejado comunidad alerta.  Foto Juan Jos\u00e9 Garc\u00eda\" src=\"https:\/\/www.clarin.com\/img\/2023\/11\/06\/m6lKQy_hm_720x0__1.jpg\"\/>La Unidad Penitenciaria 16 conocida como la c\u00e1rcel P\u00e9rez este domingo a noche se convirti\u00f3 en el escenario una balacera que ha dejado comunidad alerta.  Foto Juan Jos\u00e9 Garc\u00eda<\/p>\n<p>Al respecto, desde la Unidad de Flagrancia de turno del Ministerio P\u00fablico Fiscal (MPF) que interviene en el hecho informaron a <em>T\u00e9lam <\/em>que el episodio no tuvo heridos y que el Gabinete Criminal\u00edstico se encuentra por estas horas relevando la escena del hecho, por el que a\u00fan no hay detenidos.<\/p>\n<p>Seg\u00fan inform\u00f3 <em>La Capital<\/em>, la c\u00e1rcel de P\u00e9rez ya hab\u00eda sido blanco de balaceras. En octubre de 2022, las autoridades advirtieron que uno de los vidrios del frente del edificio ten\u00eda un impacto circular y se inici\u00f3 una investigaci\u00f3n para determinar si hab\u00eda sido provocado por un disparo.<\/p>\n<p>Un mes antes, el 21 de septiembre de 2022, realizaron al menos 15 detonaciones de arma de fuego contra las instalaciones carcelarias ubicadas en el predio de 27 de Febrero al 7800.<\/p>\n<p><em>MG<\/em><\/p>\n","protected":false},"excerpt":{"rendered":"<p>Fue a balear una c\u00e1rcel, le err\u00f3 y le dio al frente de una casa: &#8220;Estaba muy nervioso, se le cay\u00f3 el cargador&#8221;Otro caso m\u00e1s de intimidaci\u00f3n y violencia ocurri\u00f3 en Rosario, con un ataque a tiros dirigido a una c\u00e1rcel. Pero esta vez la nota la dio el tirador, que le err\u00f3 al blanco y termin\u00f3 baleando el frente de una casa. De milagro no hubo heridos y el atacante logr\u00f3 escapar en un auto.<br \/>\nEl episodio ocurri\u00f3 el domingo, cerca de las 23, afuera de la Unidad Penitenciaria 16, ubicada en la localidad de P\u00e9rez, del Gran Rosario.<br \/>\nSeg\u00fan los investigadores, el ataque habr\u00eda sido ejecutado por un hombre que se baj\u00f3 de un auto blanco, quien, tras efectuar los disparos en direcci\u00f3n a las instalaciones de la c\u00e1rcel, regres\u00f3 corriendo al coche y escap\u00f3.<br \/>\nPara tirar, el atacante no se acerc\u00f3 a la c\u00e1rcel, sino que dispar\u00f3 desde la esquina de Las Tacuaritas y Las Palmeras y, seg\u00fan la due\u00f1a de la casa donde impactaron las balas, estaba &#8220;muy nervioso&#8221;. &#8220;Se le cay\u00f3 el cargador. Tir\u00f3 varios tiros y uno peg\u00f3..<\/p>\n","protected":false},"author":2,"featured_media":10794,"comment_status":"","ping_status":"","sticky":false,"template":"","format":"standard","meta":{"footnotes":""},"categories":[6],"tags":[],"_links":{"self":[{"href":"https:\/\/maxradio923.com.ar\/index.php\/wp-json\/wp\/v2\/posts\/10793"}],"collection":[{"href":"https:\/\/maxradio923.com.ar\/index.php\/wp-json\/wp\/v2\/posts"}],"about":[{"href":"https:\/\/maxradio923.com.ar\/index.php\/wp-json\/wp\/v2\/types\/post"}],"author":[{"embeddable":true,"href":"https:\/\/maxradio923.com.ar\/index.php\/wp-json\/wp\/v2\/users\/2"}],"replies":[{"embeddable":true,"href":"https:\/\/maxradio923.com.ar\/index.php\/wp-json\/wp\/v2\/comments?post=10793"}],"version-history":[{"count":0,"href":"https:\/\/maxradio923.com.ar\/index.php\/wp-json\/wp\/v2\/posts\/10793\/revisions"}],"wp:featuredmedia":[{"embeddable":true,"href":"https:\/\/maxradio923.com.ar\/index.php\/wp-json\/wp\/v2\/media\/10794"}],"wp:attachment":[{"href":"https:\/\/maxradio923.com.ar\/index.php\/wp-json\/wp\/v2\/media?parent=10793"}],"wp:term":[{"taxonomy":"category","embeddable":true,"href":"https:\/\/maxradio923.com.ar\/index.php\/wp-json\/wp\/v2\/categories?post=10793"},{"taxonomy":"post_tag","embeddable":true,"href":"https:\/\/maxradio923.com.ar\/index.php\/wp-json\/wp\/v2\/tags?post=10793"}],"curies":[{"name":"wp","href":"https:\/\/api.w.org\/{rel}","templated":true}]}}