{"id":10708,"date":"2023-11-05T23:44:09","date_gmt":"2023-11-06T02:44:09","guid":{"rendered":"https:\/\/maxradio923.com\/index.php\/2023\/11\/05\/detienen-a-un-policia-por-atropellar-y-matar-a-un-nene-de-9-anos-y-herir-a-su-hermano-de-5\/"},"modified":"2023-11-05T23:44:09","modified_gmt":"2023-11-06T02:44:09","slug":"detienen-a-un-policia-por-atropellar-y-matar-a-un-nene-de-9-anos-y-herir-a-su-hermano-de-5","status":"publish","type":"post","link":"https:\/\/maxradio923.com.ar\/index.php\/2023\/11\/05\/detienen-a-un-policia-por-atropellar-y-matar-a-un-nene-de-9-anos-y-herir-a-su-hermano-de-5\/","title":{"rendered":"Detienen a un polic\u00eda por atropellar y matar a un nene de 9 a\u00f1os y herir a su hermano de 5"},"content":{"rendered":"<p>Detienen a un polic\u00eda por atropellar y matar a un nene de 9 a\u00f1os y herir a su hermano de 5<\/p>\n<p>Un <strong>nene de 9 a\u00f1os muri\u00f3 y su hermano de 5 result\u00f3 herido<\/strong> cuando la moto en la que viajaban fue embestida por un patrullero en Villa Fiorito, partido de Lomas de Zamora y, por el hecho detuvieron a un polic\u00eda.<\/p>\n<p>El tr\u00e1gico hecho ocurri\u00f3 el s\u00e1bado a la noche cuando Agust\u00edn Pogonza y Tom\u00e1s Yedro, primos entre s\u00ed, manejaban sus motos de regreso a su casa, en el sur del conurbano bonaerense,<strong> luego de haberse reunido con familiares para ver el partido de Boca-Fluminense,<\/strong> por la final de la Copa Libertadores.<\/p>\n<p>Seg\u00fan explicaron las fuentes, junto a Pongonza viajaba en la parte trasera de la moto su sobrino, de 5 a\u00f1os; mientras que Yedro llevaba a su hermano de 9.<\/p>\n<p>En ese contexto, la moto de Pogonza fue impactada desde atr\u00e1s en la calle Necol al 1093, casi en el cruce con Piobaorja, por un patrullero de la Comisar\u00eda 7ma. de Villa Centenario. Por el impacto, el nene de 5 a\u00f1os qued\u00f3 herido y tendido sobre la calle.<\/p>\n<p>Ante esa circunstancia,<strong> la moto manejada por Yedro acudi\u00f3 para ayudar y trasladar al menor<\/strong> de edad a un hospital.<\/p>\n<p><img decoding=\"async\" alt=\"Detienen a un polic\u00eda por atropellar y matar a ni\u00f1o de 9 a\u00f1os y herir a su hermano. \" src=\"https:\/\/www.clarin.com\/img\/2023\/11\/05\/w-6fpsoVm_720x0__1.jpg\"\/>Detienen a un polic\u00eda por atropellar y matar a ni\u00f1o de 9 a\u00f1os y herir a su hermano. <\/p>\n<p>Sin embargo, cuando el joven dispon\u00eda iniciar su recorrido hacia un centro de salud, con sus dos hermanos en la parte trasera,<strong> fue chocado nuevamente por ese mismo patrullero <\/strong>cuando el veh\u00edculo policial dispon\u00eda hacer una maniobra marcha atr\u00e1s.<\/p>\n<p>Como consecuencia de ese segundo impacto, el ni\u00f1o de 9 a\u00f1os, identificado como Felipe Bautista Yedro, <strong>muri\u00f3 en el acto producto de un &quot;aplastamiento&quot;.<\/strong><\/p>\n<p>Por su parte, el nene de 5 fue trasladado con &quot;m\u00faltiples fracturas&quot; hacia la Unidad de Pronta Atenci\u00f3n (UPA) de Lomas de Zamora y, hasta esta tarde, <strong>se encontraba en estado reservado.<\/strong><\/p>\n<h2>Incidentes y pedido de justicia <\/h2>\n<p>Al ver lo sucedido, los vecinos de Villa Fiorito comenzaron a agredir con piedras al personal policial, que respondi\u00f3 al ataque disparando balas de goma.<\/p>\n<p>En tanto, <strong>el polic\u00eda bonaerense que conduc\u00eda el patrullero, de 21 a\u00f1os, qued\u00f3 detenido <\/strong>a la espera de ser indagado por el fiscal de la Unidad Funcional de Instrucci\u00f3n (UFIJ) 10 especializada en Delitos Culposos, a cargo de Carlos Patricio P\u00e9rsico.<\/p>\n<p>Al respecto, un vocero judicial explic\u00f3 que<strong> la investigaci\u00f3n qued\u00f3 en manos de la Gendarmer\u00eda Nacional<\/strong>, a la vez que se investigaba la presencia de la patrulla en la zona ya que &quot;no estaba en su jurisdicci\u00f3n&quot; y a que &quot;tampoco correspond\u00eda a su horario habitual de trabajo&quot;.<\/p>\n<p>Por tal motivo, un investigador se\u00f1al\u00f3 que se intenta determinar si los efectivos policiales estaban vinculados a la tarea de venta de estupefacientes o de recaudar dinero mediante aprietes.<\/p>\n<p>Por \u00faltimo, una fuente con acceso al expediente se\u00f1al\u00f3 que se <strong>pidieron los registros de las c\u00e1maras de seguridad<\/strong> de la zona, las grabaciones de las \u00faltimas modulaciones que realizaron los polic\u00edas a bordo del patrullero, el secuestro del tel\u00e9fono celular del detenido y la planimetr\u00eda del lugar del crimen.<\/p>\n<p>Al respecto, Tom\u00e1s Yedro, hermano del ni\u00f1o fallecido, relat\u00f3 los acontecimientos en di\u00e1logo con el canal de noticias Cr\u00f3nica TV: &quot;Est\u00e1bamos con mi primo y mis hermanos volviendo a nuestra casa. Ven\u00edamos de ver el partido de Boca. A mi primo lo pierdo de vista porque lo chocan antes&quot;.<\/p>\n<p>Luego, se\u00f1al\u00f3 que no alcanz\u00f3 a ver que el m\u00f3vil iba a chocarlos nuevamente tras el primer incidente: &quot;Tratamos de ayudar al m\u00e1s chiquito y lo subo a mi moto. Cuando voy yendo, el polic\u00eda va en reversa y me choca a m\u00ed tambi\u00e9n. Mi moto iba en marcha, el polic\u00eda me lleva puesto, yo no lo veo. <strong>Lo \u00fanico que queremos es justicia&quot;.<\/strong><\/p>\n<p>Por otro lado, el t\u00edo de los ni\u00f1os heridos, Agust\u00edn Pogonza, dijo que <strong>los polic\u00edas que iban en el m\u00f3vil quisieron escapar<\/strong> y que comenzaron a lanzar balas de goma luego de que los vecinos de la zona se percataran de lo sucedido, a la vez que denunci\u00f3 que fue herido en varias ocasiones por los uniformados.<\/p>\n<p>&quot;Quer\u00edamos socorrer y encima me reprimen a m\u00ed. <strong>Los que me tiraron fueron los mismos polic\u00edas que mataron a mi sobrino<\/strong>&quot;, explic\u00f3 Pongonza mostrando las heridas de balas de goma que recibi\u00f3 en el pecho, en sus brazos y en el abdomen.<\/p>\n<p>En cuanto al estado de salud de su sobrino de 5 a\u00f1os, indic\u00f3 que <strong>&quot;est\u00e1 fuera de peligro&quot; <\/strong>y que tiene una fractura en el hombro.<\/p>\n<p>  Por \u00faltimo, una de las vecinas que fue testigo del hecho, afirm\u00f3 que la patrulla &quot;ven\u00eda muy r\u00e1pido&quot; y sin sirena.<\/p>\n<p>  &quot;Sali\u00f3 huyendo, fue una irresponsabilidad total. La criatura estaba tirada en el piso y la arrastr\u00f3 por el piso con el auto. Fue tremendo lo que pas\u00f3, la polic\u00eda no tuvo piedad&quot;, cerr\u00f3 con emoci\u00f3n.<\/p>\n","protected":false},"excerpt":{"rendered":"<p>Detienen a un polic\u00eda por atropellar y matar a un nene de 9 a\u00f1os y herir a su hermano de 5Un nene de 9 a\u00f1os muri\u00f3 y su hermano de 5 result\u00f3 herido cuando la moto en la que viajaban fue embestida por un patrullero en Villa Fiorito, partido de Lomas de Zamora y, por el hecho detuvieron a un polic\u00eda.<br \/>\nEl tr\u00e1gico hecho ocurri\u00f3 el s\u00e1bado a la noche cuando Agust\u00edn Pogonza y Tom\u00e1s Yedro, primos entre s\u00ed, manejaban sus motos de regreso a su casa, en el sur del conurbano bonaerense, luego de haberse reunido con familiares para ver el partido de Boca-Fluminense, por la final de la Copa Libertadores.<br \/>\nSeg\u00fan explicaron las fuentes, junto a Pongonza viajaba en la parte trasera de la moto su sobrino, de 5 a\u00f1os; mientras que Yedro llevaba a su hermano de 9.<br \/>\nEn ese contexto, la moto de Pogonza fue impactada desde atr\u00e1s en la calle Necol al 1093, casi en el cruce con Piobaorja, por un patrullero de la Comisar\u00eda 7ma. de Villa Centenario. Por el impacto, el nene de 5 a\u00f1os qued\u00f3 herido y tendido sobre la ca..<\/p>\n","protected":false},"author":2,"featured_media":10709,"comment_status":"","ping_status":"","sticky":false,"template":"","format":"standard","meta":{"footnotes":""},"categories":[6],"tags":[],"_links":{"self":[{"href":"https:\/\/maxradio923.com.ar\/index.php\/wp-json\/wp\/v2\/posts\/10708"}],"collection":[{"href":"https:\/\/maxradio923.com.ar\/index.php\/wp-json\/wp\/v2\/posts"}],"about":[{"href":"https:\/\/maxradio923.com.ar\/index.php\/wp-json\/wp\/v2\/types\/post"}],"author":[{"embeddable":true,"href":"https:\/\/maxradio923.com.ar\/index.php\/wp-json\/wp\/v2\/users\/2"}],"replies":[{"embeddable":true,"href":"https:\/\/maxradio923.com.ar\/index.php\/wp-json\/wp\/v2\/comments?post=10708"}],"version-history":[{"count":0,"href":"https:\/\/maxradio923.com.ar\/index.php\/wp-json\/wp\/v2\/posts\/10708\/revisions"}],"wp:featuredmedia":[{"embeddable":true,"href":"https:\/\/maxradio923.com.ar\/index.php\/wp-json\/wp\/v2\/media\/10709"}],"wp:attachment":[{"href":"https:\/\/maxradio923.com.ar\/index.php\/wp-json\/wp\/v2\/media?parent=10708"}],"wp:term":[{"taxonomy":"category","embeddable":true,"href":"https:\/\/maxradio923.com.ar\/index.php\/wp-json\/wp\/v2\/categories?post=10708"},{"taxonomy":"post_tag","embeddable":true,"href":"https:\/\/maxradio923.com.ar\/index.php\/wp-json\/wp\/v2\/tags?post=10708"}],"curies":[{"name":"wp","href":"https:\/\/api.w.org\/{rel}","templated":true}]}}