{"id":10706,"date":"2023-11-05T23:13:59","date_gmt":"2023-11-06T02:13:59","guid":{"rendered":"https:\/\/maxradio923.com\/index.php\/2023\/11\/05\/insolito-un-ministro-ultra-ortodoxo-israeli-sugirio-usar-un-arma-atomica-en-gaza-el-gobierno-debio-desmentirlo\/"},"modified":"2023-11-05T23:13:59","modified_gmt":"2023-11-06T02:13:59","slug":"insolito-un-ministro-ultra-ortodoxo-israeli-sugirio-usar-un-arma-atomica-en-gaza-el-gobierno-debio-desmentirlo","status":"publish","type":"post","link":"https:\/\/maxradio923.com.ar\/index.php\/2023\/11\/05\/insolito-un-ministro-ultra-ortodoxo-israeli-sugirio-usar-un-arma-atomica-en-gaza-el-gobierno-debio-desmentirlo\/","title":{"rendered":"Ins\u00f3lito: un ministro ultra ortodoxo israel\u00ed sugiri\u00f3 usar un arma at\u00f3mica en Gaza, el gobierno debi\u00f3 desmentirlo"},"content":{"rendered":"<p>Ins\u00f3lito: un ministro ultra ortodoxo israel\u00ed sugiri\u00f3 usar un arma at\u00f3mica en Gaza, el gobierno debi\u00f3 desmentirlo<\/p>\n<p>El ministro israel\u00ed de Patrimonio, el ultraderechista Amichai Eliyahu, sotuvo que el lanzamiento de una bomba at\u00f3mica contra la Franja de Gaza podr\u00eda ser <strong>una de las opciones en la guerra <\/strong>que enfrenta a Israel con el grupo terrorista Hamas.<\/p>\n<p>El gobierno r\u00e1pidamente se distancio del comentario y el ministro de Defensa lo tach\u00f3 abiertamente de irresponsables. <\/p>\n<p>El ministro del partido Poder Jud\u00edo, el m\u00e1s ultraderechista del gobierno de Benjam\u00edn Netanyahu, preguntado en el programa de radio Radio Kol Berama sobre si se deber\u00eda lanzar una bomba at\u00f3mica en el enclave palestino contest\u00f3: <strong>&quot;Esa es una de las posibilidades&quot;.<\/strong><\/p>\n<p>Las declaraciones de Eliyahu, conocido por sus posturas ultras, como su propuesta de anexionar a Israel el territorio ocupado de Cisjordania, han obligado a Netanyahu a <strong>desautorizarlo inmediatamente<\/strong>. &quot;Las palabras de Amichai Eliyahu est\u00e1n alejadas de la realidad&quot;, dijo el gobernante.<\/p>\n<p>El primer ministro israel\u00ed insisti\u00f3 en que el Ej\u00e9rcito est\u00e1 actuando<strong> &quot;de acuerdo con los m\u00e1s altos est\u00e1ndares del derecho internacional<\/strong> para evitar da\u00f1os a personas no involucradas&quot; y agreg\u00f3 que continuar\u00e1 haci\u00e9ndolo hasta &quot;lograr la victoria&quot;.<\/p>\n<p>Seg\u00fan diversas fuentes, el Estado jud\u00edo desarroll\u00f3 armamento nuclear de forma encubierta hace m\u00e1s de 50 a\u00f1os. Hasta ahora, no admite ni niega su posesi\u00f3n y es el \u00fanico pa\u00eds del mundo que no lo reconoce abiertamente; pero es un secreto a voces que es un Estado nuclear y figura como tal en los listados de instituciones de investigaci\u00f3n at\u00f3mica.<\/p>\n<p><img decoding=\"async\" alt=\"Tanques israel\u00edes en el norte de Gaza AFP\" src=\"https:\/\/www.clarin.com\/img\/2023\/11\/05\/RX_JT0yit_720x0__1.jpg\"\/>Tanques israel\u00edes en el norte de Gaza AFP<\/p>\n<p>El actual gobierno israel\u00ed consiste en una alianza con un pu\u00f1ado de minoritario partidos de ultraderecha, nacionalista y ultra religiosos con <strong>una agenda pol\u00e9mica<\/strong> que logran imponerla por la dependencia del primer ministro de su apoyo para no caer. <\/p>\n<p>Parte de este funcionariado peculiar, por ejemplo, esta <strong>aliviando las regulaciones para que se armen los ultraortodoxos<\/strong> de Cisjordania donde hay una creciente tensi\u00f3n con los palestinos que viven en sus chacras en el lugar. <\/p>\n<p>&quot;La propuesta de un ataque nuclear a Gaza<strong> revela la precariedad de estos individuos&quot;<\/strong>, le dijo a este enviado una fuente diplom\u00e1tica en este pa\u00eds. A\u00f1adi\u00f3 que &quot;es por esto que el apoyo al gobierno se ha desplomado, tanto debido a las fallas que permitieron el ataque terrorista de Hamas como a estas irresponsabilidades ya son frecuentes&quot;.<\/p>\n","protected":false},"excerpt":{"rendered":"<p>Ins\u00f3lito: un ministro ultra ortodoxo israel\u00ed sugiri\u00f3 usar un arma at\u00f3mica en Gaza, el gobierno debi\u00f3 desmentirloEl ministro israel\u00ed de Patrimonio, el ultraderechista Amichai Eliyahu, sotuvo que el lanzamiento de una bomba at\u00f3mica contra la Franja de Gaza podr\u00eda ser una de las opciones en la guerra que enfrenta a Israel con el grupo terrorista Hamas.<br \/>\nEl gobierno r\u00e1pidamente se distancio del comentario y el ministro de Defensa lo tach\u00f3 abiertamente de irresponsables.<br \/>\nEl ministro del partido Poder Jud\u00edo, el m\u00e1s ultraderechista del gobierno de Benjam\u00edn Netanyahu, preguntado en el programa de radio Radio Kol Berama sobre si se deber\u00eda lanzar una bomba at\u00f3mica en el enclave palestino contest\u00f3: &#8220;Esa es una de las posibilidades&#8221;.<br \/>\nLas declaraciones de Eliyahu, conocido por sus posturas ultras, como su propuesta de anexionar a Israel el territorio ocupado de Cisjordania, han obligado a Netanyahu a desautorizarlo inmediatamente. &#8220;Las palabras de Amichai Eliyahu est\u00e1n alejadas de la realidad&#8221;, di..<\/p>\n","protected":false},"author":2,"featured_media":10707,"comment_status":"","ping_status":"","sticky":false,"template":"","format":"standard","meta":{"footnotes":""},"categories":[3],"tags":[],"_links":{"self":[{"href":"https:\/\/maxradio923.com.ar\/index.php\/wp-json\/wp\/v2\/posts\/10706"}],"collection":[{"href":"https:\/\/maxradio923.com.ar\/index.php\/wp-json\/wp\/v2\/posts"}],"about":[{"href":"https:\/\/maxradio923.com.ar\/index.php\/wp-json\/wp\/v2\/types\/post"}],"author":[{"embeddable":true,"href":"https:\/\/maxradio923.com.ar\/index.php\/wp-json\/wp\/v2\/users\/2"}],"replies":[{"embeddable":true,"href":"https:\/\/maxradio923.com.ar\/index.php\/wp-json\/wp\/v2\/comments?post=10706"}],"version-history":[{"count":0,"href":"https:\/\/maxradio923.com.ar\/index.php\/wp-json\/wp\/v2\/posts\/10706\/revisions"}],"wp:featuredmedia":[{"embeddable":true,"href":"https:\/\/maxradio923.com.ar\/index.php\/wp-json\/wp\/v2\/media\/10707"}],"wp:attachment":[{"href":"https:\/\/maxradio923.com.ar\/index.php\/wp-json\/wp\/v2\/media?parent=10706"}],"wp:term":[{"taxonomy":"category","embeddable":true,"href":"https:\/\/maxradio923.com.ar\/index.php\/wp-json\/wp\/v2\/categories?post=10706"},{"taxonomy":"post_tag","embeddable":true,"href":"https:\/\/maxradio923.com.ar\/index.php\/wp-json\/wp\/v2\/tags?post=10706"}],"curies":[{"name":"wp","href":"https:\/\/api.w.org\/{rel}","templated":true}]}}