{"id":10690,"date":"2023-11-05T20:13:56","date_gmt":"2023-11-05T23:13:56","guid":{"rendered":"https:\/\/maxradio923.com\/index.php\/2023\/11\/05\/la-bomba-economica-le-puede-explotar-a-sergio-massa-antes-del-10-de-diciembre-afirmo-un-asesor-clave-de-javier-milei\/"},"modified":"2023-11-05T20:13:56","modified_gmt":"2023-11-05T23:13:56","slug":"la-bomba-economica-le-puede-explotar-a-sergio-massa-antes-del-10-de-diciembre-afirmo-un-asesor-clave-de-javier-milei","status":"publish","type":"post","link":"https:\/\/maxradio923.com.ar\/index.php\/2023\/11\/05\/la-bomba-economica-le-puede-explotar-a-sergio-massa-antes-del-10-de-diciembre-afirmo-un-asesor-clave-de-javier-milei\/","title":{"rendered":"\u201cLa bomba econ\u00f3mica le puede explotar a Sergio Massa antes del 10 de diciembre\u201d, afirm\u00f3 un asesor clave de Javier Milei"},"content":{"rendered":"<p>\u201cLa bomba econ\u00f3mica le puede explotar a Sergio Massa antes del 10 de diciembre\u201d, afirm\u00f3 un asesor clave de Javier Milei<\/p>\n<p>Luego de la pol\u00e9mica frase de <strong>Patricia Bullrich<\/strong> sobre la posibilidad de que la econom\u00eda \u201cexplote\u201d antes del balotaje del 19 de noviembre, ahora el designado ministro del Interior de Javier Milei en caso de ganar la presidencia, <strong>Guillermo Francos<\/strong>, se expres\u00f3 en el mismo sentido. El ex titular del BID vaticin\u00f3 que \u201cla bomba\u201d le puede <strong>\u201cexplotar a Sergio Massa antes del 10 de diciembre\u201d.<\/strong><\/p>\n<p>En di\u00e1logo con <em>Radio Millenium<\/em>, Francos subray\u00f3 que el ministro de Econom\u00eda y candidato de Uni\u00f3n por la Patria \u201cest\u00e1 gobernando la Argentina hace 15 meses\u201d e hizo<strong> \u201ctodo lo contrario a lo que dec\u00eds que vas a hacer de ac\u00e1 para adelante\u201d.<\/strong><\/p>\n<p>\u201cNo se le puede mentir a la gente de esta manera. Del Massa pol\u00edtico esto es lo que a mi me disgusta\u201d, agreg\u00f3 el dirigente de La Libertad Avanza y enfatiz\u00f3 que las medidas del<em> &quot;plan patita&quot;<\/em> del ministro y candidato est\u00e1n \u201cincrementando el d\u00e9ficit\u201d y \u201cva a significar inflaci\u00f3n futura\u201d.<\/p>\n<p>En ese sentido, consultado por la periodista Romina Manguel sobre la \u201cbomba\u201d econ\u00f3mica que se ha generado, Francos afirm\u00f3:<strong> \u201cLe puede explotar a \u00e9l antes del 10 de diciembre\u201d.<\/strong><\/p>\n<p>\u201cMassa es una persona que est\u00e1 luchando por el poder desesperadamente. <strong>Sabe que est\u00e1 en una situaci\u00f3n dif\u00edcil y est\u00e1 haciendo todo lo posible, no le importa lo que pase despu\u00e9s,<\/strong> ya ver\u00e1 c\u00f3mo lo soluciona\u201d, agreg\u00f3.<\/p>\n<p><img decoding=\"async\" alt=\"El candidato a presidente Javier Milei junto a su candidata a vice, Victoria Villaruel. Foto Guillermo Rodr\u00edguez Adami\" src=\"https:\/\/www.clarin.com\/img\/2023\/11\/04\/s_dgIcuFi_720x0__1.jpg\"\/>El candidato a presidente Javier Milei junto a su candidata a vice, Victoria Villaruel. Foto Guillermo Rodr\u00edguez Adami<\/p>\n<p>Seg\u00fan Francos, Massa lo resolver\u00e1 \u201cdiciendo todo lo contrario a lo que dijo\u201d. \u201cO lo va a solucionar generando <strong>m\u00e1s emisi\u00f3n y m\u00e1s inflaci\u00f3n<\/strong> que es lo m\u00e1s probable que haga\u201d, a\u00f1adi\u00f3.<\/p>\n<p>De acuerdo al an\u00e1lisis del ladero de Milei, si el ministro apuesta a m\u00e1s emisi\u00f3n monetaria \u201cterminamos en un desastre total\u201d. \u201cSi hace ajuste, va a tener un problema con su propia fuerza.<strong> \u00c9l tambi\u00e9n est\u00e1 en una encrucijada<\/strong>, pero como posterga el tema, \u00e9l <strong>lo que quiere es tener el poder<\/strong>\u201d, manifest\u00f3.<\/p>\n<p>En l\u00ednea con el vaticino de que &quot;la bomba econ\u00f3mica&quot; puede explotar antes del fin del mandato de Alberto Fern\u00e1ndez, Francos puso como ejemplo <strong>la crisis por la falta de nafta vivida la semana pasada en todo el pa\u00eds<\/strong>.<\/p>\n<p>&quot;Han pasado cosas estos d\u00edas que no se pueden dejar de tener en cuenta. Como lo que pas\u00f3 la semana pasada con el combustible y lo que pasa en el interior con el combustible&quot;, indic\u00f3.<\/p>\n<p>&quot;Ojal\u00e1 no explote nunca (la bomba). No digo que explote, digo que (a Massa) se le escapan variables de la econom\u00eda que generan m\u00e1s distorsi\u00f3n&quot;, a\u00f1adi\u00f3 el ex funcionario del BID.<\/p>\n<h2>Massa, sus asesores brasile\u00f1os y &quot;la campa\u00f1a del miedo&quot;<\/h2>\n<p>Francos opin\u00f3 tambi\u00e9n sobre lo que llam\u00f3 una <strong>&quot;campa\u00f1a negativa&quot; <\/strong>contra dirigentes libertarios y contra la fuerza. En ese sentido, responsabiliz\u00f3 a Sergio Massa.<\/p>\n<p><img decoding=\"async\" alt=\"Javier Milei durante una recorrida por San Isidro este fin de semana. Foto Reuters \/ Mariana Nedelcu\" src=\"https:\/\/www.clarin.com\/img\/2023\/11\/05\/VQ5-Sz6t9_720x0__1.jpg\"\/>Javier Milei durante una recorrida por San Isidro este fin de semana. Foto Reuters \/ Mariana Nedelcu<\/p>\n<p>&quot;Todos sabemos qui\u00e9nes lo asesoran a Massa en la campa\u00f1a. Tiene un equipo de asesores brasile\u00f1os, catalanes, pero est\u00e1 claro que <strong>el equipo que \u00e9l tiene de brasile\u00f1os son especialistas en campa\u00f1as negativas<\/strong>&quot;, revel\u00f3 Francos. <\/p>\n<p>Ofuscado porque, de acuerdo a su an\u00e1lisis, Uni\u00f3n por la Patria acusa a los libertarios de impulsar una &quot;campa\u00f1a del miedo, lanz\u00f3: &quot;Que (Massa) no me venga a decir que la campa\u00f1a del miedo la instalamos nosotros. La campa\u00f1a del miedo la han organizado muy bien todo este equipo de asesores&quot;.<\/p>\n<p>Francos reconoci\u00f3 que La Libertad Avanza cometi\u00f3 &quot;errores&quot; con algunas declaraciones que luego, afirma, &quot;se toman porque son pol\u00e9micas&quot;. Aunque quiso evitar el tema, termin\u00f3 haciendo referencia a la propuesta de venta de \u00f3rganos que desde el kirchnerismo afirman que propone Milei. <\/p>\n<p>&quot;Es inconducente&quot;, dijo Franco en relaci\u00f3n a la venta de \u00f3rganos y explic\u00f3 que fue un tema que surgi\u00f3 como &quot;una cuesti\u00f3n filos\u00f3fica&quot;. <\/p>\n<p>&quot;Ese tema surgi\u00f3 a partir de <strong>una cuesti\u00f3n filos\u00f3fica sobre el liberalismo y el mercado.<\/strong> El tema no lo introdujo Milei en la conversaci\u00f3n, sino que se lo plantearon&quot;, record\u00f3. <\/p>\n<p>&quot;Surgi\u00f3, pero <strong>no es una propuesta de La Libertad Avanza como lo quiso instalar Massa<\/strong>. Por eso digo que la campa\u00f1a del miedo&quot;, a\u00f1adi\u00f3.<\/p>\n<p><em>D.D.<\/em><\/p>\n","protected":false},"excerpt":{"rendered":"<p>\u201cLa bomba econ\u00f3mica le puede explotar a Sergio Massa antes del 10 de diciembre\u201d, afirm\u00f3 un asesor clave de Javier MileiLuego de la pol\u00e9mica frase de Patricia Bullrich sobre la posibilidad de que la econom\u00eda \u201cexplote\u201d antes del balotaje del 19 de noviembre, ahora el designado ministro del Interior de Javier Milei en caso de ganar la presidencia, Guillermo Francos, se expres\u00f3 en el mismo sentido. El ex titular del BID vaticin\u00f3 que \u201cla bomba\u201d le puede \u201cexplotar a Sergio Massa antes del 10 de diciembre\u201d.<br \/>\nEn di\u00e1logo con Radio Millenium, Francos subray\u00f3 que el ministro de Econom\u00eda y candidato de Uni\u00f3n por la Patria \u201cest\u00e1 gobernando la Argentina hace 15 meses\u201d e hizo \u201ctodo lo contrario a lo que dec\u00eds que vas a hacer de ac\u00e1 para adelante\u201d.<br \/>\n\u201cNo se le puede mentir a la gente de esta manera. Del Massa pol\u00edtico esto es lo que a mi me disgusta\u201d, agreg\u00f3 el dirigente de La Libertad Avanza y enfatiz\u00f3 que las medidas del &#8220;plan patita&#8221; del ministro y candidato est\u00e1n \u201cincrementando el d\u00e9ficit\u201d y \u201cva a si..<\/p>\n","protected":false},"author":2,"featured_media":10691,"comment_status":"","ping_status":"","sticky":false,"template":"","format":"standard","meta":{"footnotes":""},"categories":[7],"tags":[],"_links":{"self":[{"href":"https:\/\/maxradio923.com.ar\/index.php\/wp-json\/wp\/v2\/posts\/10690"}],"collection":[{"href":"https:\/\/maxradio923.com.ar\/index.php\/wp-json\/wp\/v2\/posts"}],"about":[{"href":"https:\/\/maxradio923.com.ar\/index.php\/wp-json\/wp\/v2\/types\/post"}],"author":[{"embeddable":true,"href":"https:\/\/maxradio923.com.ar\/index.php\/wp-json\/wp\/v2\/users\/2"}],"replies":[{"embeddable":true,"href":"https:\/\/maxradio923.com.ar\/index.php\/wp-json\/wp\/v2\/comments?post=10690"}],"version-history":[{"count":0,"href":"https:\/\/maxradio923.com.ar\/index.php\/wp-json\/wp\/v2\/posts\/10690\/revisions"}],"wp:featuredmedia":[{"embeddable":true,"href":"https:\/\/maxradio923.com.ar\/index.php\/wp-json\/wp\/v2\/media\/10691"}],"wp:attachment":[{"href":"https:\/\/maxradio923.com.ar\/index.php\/wp-json\/wp\/v2\/media?parent=10690"}],"wp:term":[{"taxonomy":"category","embeddable":true,"href":"https:\/\/maxradio923.com.ar\/index.php\/wp-json\/wp\/v2\/categories?post=10690"},{"taxonomy":"post_tag","embeddable":true,"href":"https:\/\/maxradio923.com.ar\/index.php\/wp-json\/wp\/v2\/tags?post=10690"}],"curies":[{"name":"wp","href":"https:\/\/api.w.org\/{rel}","templated":true}]}}