{"id":10688,"date":"2023-11-05T20:13:55","date_gmt":"2023-11-05T23:13:55","guid":{"rendered":"https:\/\/maxradio923.com\/index.php\/2023\/11\/05\/marcha-libertaria-contra-sergio-massa-en-el-obelisco-y-plaza-de-mayo\/"},"modified":"2023-11-05T20:13:55","modified_gmt":"2023-11-05T23:13:55","slug":"marcha-libertaria-contra-sergio-massa-en-el-obelisco-y-plaza-de-mayo","status":"publish","type":"post","link":"https:\/\/maxradio923.com.ar\/index.php\/2023\/11\/05\/marcha-libertaria-contra-sergio-massa-en-el-obelisco-y-plaza-de-mayo\/","title":{"rendered":"Marcha libertaria contra Sergio Massa en el Obelisco  y Plaza de Mayo"},"content":{"rendered":"<p>Marcha libertaria contra Sergio Massa en el Obelisco y la Plaza de Mayo<\/p>\n<p>Manifestantes opositores se manifestaron este domingo en el <strong>Obelisco, la Plaza de Mayo y otros puntos del pa\u00eds <\/strong>contra el candidato de Uni\u00f3n por la Patria y ministro de Econom\u00eda, Sergio Massa, y para denunciar supuesto &quot;fraude electoral&quot;.<\/p>\n<p>Con <strong>banderas de Argentina y del partido de Javier Milei, La Libertad Avanza,<\/strong> los manifestantes se concentraron en la Plaza de la Rep\u00fablica desde las 17, donde se encuentra emplazado el monumento hist\u00f3rico. Evitaron ocupar la Avenida 9 de Julio y el carril del Metrobus, y se mantuvieron en los espacios peatonales.<\/p>\n<p>Entre los asistentes abundaron las banderas argentinas, mientras otros golpeaban cacerolas o hac\u00edan sonar sirenas en forma de protesta. Se vieron, incluso, varias <strong>banderas amarillas que remiten a la fuerza de Milei.<\/strong><\/p>\n<p><img decoding=\"async\" alt=\"Simpatizantes de Javier Milei marcharon al Obelisco y la Plaza de Mayo. Foto: Matias Martin Campaya.\" src=\"https:\/\/www.clarin.com\/img\/2023\/11\/05\/nka2yI3io_720x0__1.jpg\"\/>Simpatizantes de Javier Milei marcharon al Obelisco y la Plaza de Mayo. Foto: Matias Martin Campaya.<\/p>\n<p>Tambi\u00e9n aparecieron carteles con frases como &quot;Massa fraude&quot;, &quot;No jodan con mi voto&quot;, &quot;No al fraude. El pueblo grita libertad&quot;, &quot;No votes en blanco&quot; y otros pidiendo la implementaci\u00f3n de la Boleta \u00danica.<\/p>\n<p>Luego de congregarse en el Obelisco, los manifestantes <strong>comenzaron a marchar hacia la Plaza de Mayo<\/strong> por Diagonal Norte. Entre los asistentes hay hasta menores de edad disfrazados de leones, en alusi\u00f3n al animal con el que se identifican los partidarios de Milei.<\/p>\n<p>Entre los c\u00e1nticos de los asistentes se distinguieron aquellos en contra de <strong>&quot;la casta&quot;,<\/strong> el t\u00e9rmino caracter\u00edstico con el que Milei refiere a la dirigencia pol\u00edtica. Adem\u00e1s, entonan el himno argentino.<\/p>\n<p><img decoding=\"async\" alt=\"Banderas de Argentina y de La Libertad Avanza en la marcha libertaria. Foto: Mat\u00edas Martin Campaya.\" src=\"https:\/\/www.clarin.com\/img\/2023\/11\/05\/GhW383cCT_720x0__1.jpg\"\/>Banderas de Argentina y de La Libertad Avanza en la marcha libertaria. Foto: Mat\u00edas Martin Campaya.<\/p>\n<p>Hacia las 19, los manifestantes que se encontraban frente a Casa Rosada comenzaron a desconcentrarse al grito de &quot;\u00a1Libertad! \u00a1Libertad!&quot;.<\/p>\n","protected":false},"excerpt":{"rendered":"<p>Marcha libertaria contra Sergio Massa en el Obelisco y la Plaza de MayoManifestantes opositores se manifestaron este domingo en el Obelisco, la Plaza de Mayo y otros puntos del pa\u00eds contra el candidato de Uni\u00f3n por la Patria y ministro de Econom\u00eda, Sergio Massa, y para denunciar supuesto &#8220;fraude electoral&#8221;.<br \/>\nCon banderas de Argentina y del partido de Javier Milei, La Libertad Avanza, los manifestantes se concentraron en la Plaza de la Rep\u00fablica desde las 17, donde se encuentra emplazado el monumento hist\u00f3rico. Evitaron ocupar la Avenida 9 de Julio y el carril del Metrobus, y se mantuvieron en los espacios peatonales.<br \/>\nEntre los asistentes abundaron las banderas argentinas, mientras otros golpeaban cacerolas o hac\u00edan sonar sirenas en forma de protesta. Se vieron, incluso, varias banderas amarillas que remiten a la fuerza de Milei.<br \/>\nSimpatizantes de Javier Milei marcharon al Obelisco y la Plaza de Mayo. Foto: Matias Martin Campaya.Tambi\u00e9n aparecieron carteles con frases como &#8220;Massa fraude&#8221;,..<\/p>\n","protected":false},"author":2,"featured_media":10689,"comment_status":"","ping_status":"","sticky":false,"template":"","format":"standard","meta":{"footnotes":""},"categories":[7],"tags":[],"_links":{"self":[{"href":"https:\/\/maxradio923.com.ar\/index.php\/wp-json\/wp\/v2\/posts\/10688"}],"collection":[{"href":"https:\/\/maxradio923.com.ar\/index.php\/wp-json\/wp\/v2\/posts"}],"about":[{"href":"https:\/\/maxradio923.com.ar\/index.php\/wp-json\/wp\/v2\/types\/post"}],"author":[{"embeddable":true,"href":"https:\/\/maxradio923.com.ar\/index.php\/wp-json\/wp\/v2\/users\/2"}],"replies":[{"embeddable":true,"href":"https:\/\/maxradio923.com.ar\/index.php\/wp-json\/wp\/v2\/comments?post=10688"}],"version-history":[{"count":0,"href":"https:\/\/maxradio923.com.ar\/index.php\/wp-json\/wp\/v2\/posts\/10688\/revisions"}],"wp:featuredmedia":[{"embeddable":true,"href":"https:\/\/maxradio923.com.ar\/index.php\/wp-json\/wp\/v2\/media\/10689"}],"wp:attachment":[{"href":"https:\/\/maxradio923.com.ar\/index.php\/wp-json\/wp\/v2\/media?parent=10688"}],"wp:term":[{"taxonomy":"category","embeddable":true,"href":"https:\/\/maxradio923.com.ar\/index.php\/wp-json\/wp\/v2\/categories?post=10688"},{"taxonomy":"post_tag","embeddable":true,"href":"https:\/\/maxradio923.com.ar\/index.php\/wp-json\/wp\/v2\/tags?post=10688"}],"curies":[{"name":"wp","href":"https:\/\/api.w.org\/{rel}","templated":true}]}}