{"id":10658,"date":"2023-11-05T14:54:41","date_gmt":"2023-11-05T17:54:41","guid":{"rendered":"https:\/\/maxradio923.com\/index.php\/2023\/11\/05\/guerra-israel-hamas-el-papa-francisco-volvio-a-pedir-un-alto-el-fuego-y-la-liberacion-de-los-rehenes\/"},"modified":"2023-11-05T14:54:41","modified_gmt":"2023-11-05T17:54:41","slug":"guerra-israel-hamas-el-papa-francisco-volvio-a-pedir-un-alto-el-fuego-y-la-liberacion-de-los-rehenes","status":"publish","type":"post","link":"https:\/\/maxradio923.com.ar\/index.php\/2023\/11\/05\/guerra-israel-hamas-el-papa-francisco-volvio-a-pedir-un-alto-el-fuego-y-la-liberacion-de-los-rehenes\/","title":{"rendered":"Guerra Israel-Hamas: el papa Francisco volvi\u00f3 a pedir un alto el fuego y la liberaci\u00f3n de los rehenes"},"content":{"rendered":"<p>Guerra Israel-Hamas: el papa Francisco volvi\u00f3 a pedir un alto el fuego y la liberaci\u00f3n de los rehenes<\/p>\n<p>El <strong>papa Francisco<\/strong> reiter\u00f3 este domingo sus llamados a un <strong>cese de los combates<\/strong> entre Israel y Hamas, a la <strong>liberaci\u00f3n de los rehenes<\/strong> y a suministrar <strong>ayuda humanitaria<\/strong> a los palestinos de la Franja de Gaza, donde, advirti\u00f3, la situaci\u00f3n &quot;es muy grave&quot;. <\/p>\n<p>&quot;Sigo pensando en la grave situaci\u00f3n en Palestina y en Israel, donde tantas personas han perdido la vida&quot;, declar\u00f3 el sumo pont\u00edfice tras recitar el \u00c1ngelus ante miles de fieles reunidos en la plaza de San Pedro.<\/p>\n<p>&quot;Les ruego en nombre de Dios que <strong>paren, cesen el fuego<\/strong>. Deseo que se estudien todas las posibilidades para evitar a toda costa que contin\u00fae el conflicto, para que podamos socorrer a los heridos, para que la ayuda pueda llegar a Gaza, donde la situaci\u00f3n humanitaria es muy grave, y para que se libere inmediatamente a los rehenes&quot;, a\u00f1adi\u00f3, inform\u00f3 la agencia de noticias AFP.<\/p>\n<p>  Desde el 7 de octubre, tras el ataque sin precedentes del movimiento islamista palestino Hamas contra Israel, que desencaden\u00f3 la escalada, el Papa intervino en numerosas ocasiones pidiendo el fin de los combates, la liberaci\u00f3n de los rehenes y ayuda humanitaria para Gaza.<\/p>\n<p>  M\u00e1s de 1.400 personas murieron en Israel durante el ataque, seg\u00fan las autoridades. <\/p>\n<p>  En represalia, Israel golpea sin descanso la Franja de Gaza, controlada por Hamas. <\/p>\n<p><img decoding=\"async\" alt=\"Manifestantes pidieron por la paz este domingo en El Vaticano. Foto: EFE\" src=\"https:\/\/www.clarin.com\/img\/2023\/11\/05\/gvKk4vQjy_720x0__1.jpg\"\/>Manifestantes pidieron por la paz este domingo en El Vaticano. Foto: EFE<\/p>\n<p>  Estos ataques dejaron hasta ahora m\u00e1s de 9.500 muertos.<\/p>\n<p><em>Con informaci\u00f3n de T\u00e9lam<\/em><\/p>\n<p><em>D.D.<\/em><\/p>\n<p><\/p>\n","protected":false},"excerpt":{"rendered":"<p>Guerra Israel-Hamas: el papa Francisco volvi\u00f3 a pedir un alto el fuego y la liberaci\u00f3n de los rehenesEl papa Francisco reiter\u00f3 este domingo sus llamados a un cese de los combates entre Israel y Hamas, a la liberaci\u00f3n de los rehenes y a suministrar ayuda humanitaria a los palestinos de la Franja de Gaza, donde, advirti\u00f3, la situaci\u00f3n &#8220;es muy grave&#8221;.<br \/>\n&#8220;Sigo pensando en la grave situaci\u00f3n en Palestina y en Israel, donde tantas personas han perdido la vida&#8221;, declar\u00f3 el sumo pont\u00edfice tras recitar el \u00c1ngelus ante miles de fieles reunidos en la plaza de San Pedro.<br \/>\n&#8220;Les ruego en nombre de Dios que paren, cesen el fuego. Deseo que se estudien todas las posibilidades para evitar a toda costa que contin\u00fae el conflicto, para que podamos socorrer a los heridos, para que la ayuda pueda llegar a Gaza, donde la situaci\u00f3n humanitaria es muy grave, y para que se libere inmediatamente a los rehenes&#8221;, a\u00f1adi\u00f3, inform\u00f3 la agencia de noticias AFP.<br \/>\n Desde el 7 de octubre, tras el ataque sin precedentes del m..<\/p>\n","protected":false},"author":2,"featured_media":10659,"comment_status":"","ping_status":"","sticky":false,"template":"","format":"standard","meta":{"footnotes":""},"categories":[3],"tags":[],"_links":{"self":[{"href":"https:\/\/maxradio923.com.ar\/index.php\/wp-json\/wp\/v2\/posts\/10658"}],"collection":[{"href":"https:\/\/maxradio923.com.ar\/index.php\/wp-json\/wp\/v2\/posts"}],"about":[{"href":"https:\/\/maxradio923.com.ar\/index.php\/wp-json\/wp\/v2\/types\/post"}],"author":[{"embeddable":true,"href":"https:\/\/maxradio923.com.ar\/index.php\/wp-json\/wp\/v2\/users\/2"}],"replies":[{"embeddable":true,"href":"https:\/\/maxradio923.com.ar\/index.php\/wp-json\/wp\/v2\/comments?post=10658"}],"version-history":[{"count":0,"href":"https:\/\/maxradio923.com.ar\/index.php\/wp-json\/wp\/v2\/posts\/10658\/revisions"}],"wp:featuredmedia":[{"embeddable":true,"href":"https:\/\/maxradio923.com.ar\/index.php\/wp-json\/wp\/v2\/media\/10659"}],"wp:attachment":[{"href":"https:\/\/maxradio923.com.ar\/index.php\/wp-json\/wp\/v2\/media?parent=10658"}],"wp:term":[{"taxonomy":"category","embeddable":true,"href":"https:\/\/maxradio923.com.ar\/index.php\/wp-json\/wp\/v2\/categories?post=10658"},{"taxonomy":"post_tag","embeddable":true,"href":"https:\/\/maxradio923.com.ar\/index.php\/wp-json\/wp\/v2\/tags?post=10658"}],"curies":[{"name":"wp","href":"https:\/\/api.w.org\/{rel}","templated":true}]}}