{"id":10656,"date":"2023-11-05T14:54:40","date_gmt":"2023-11-05T17:54:40","guid":{"rendered":"https:\/\/maxradio923.com\/index.php\/2023\/11\/05\/los-beduinos-las-otras-victimas-israelies-del-ataque-de-hamas-y-de-la-guerra-en-gaza\/"},"modified":"2023-11-05T14:54:40","modified_gmt":"2023-11-05T17:54:40","slug":"los-beduinos-las-otras-victimas-israelies-del-ataque-de-hamas-y-de-la-guerra-en-gaza","status":"publish","type":"post","link":"https:\/\/maxradio923.com.ar\/index.php\/2023\/11\/05\/los-beduinos-las-otras-victimas-israelies-del-ataque-de-hamas-y-de-la-guerra-en-gaza\/","title":{"rendered":"Los beduinos, las otras v\u00edctimas israel\u00edes del ataque de Hamas y de la guerra en Gaza"},"content":{"rendered":"<p>Rahat es una populosa ciudad beduina en el desierto de Negev, a minutos de Be\u2019er Sheva, una de las m\u00e1s importantes y modernas metr\u00f3polis  israel\u00edes en esta regi\u00f3n, a unos <strong>20 kil\u00f3metros de la Franja de Gaza&#8230; y de la guerra. <\/strong><\/p>\n<p>Hay diferencias necesarias entre las dos comunidades. Los casi 200 mil habitantes de Be\u2019er Sheva son de <strong>mayor\u00eda jud\u00eda israel\u00ed<\/strong>, los de la otra ciudad, excluyentemente \u00e1rabes israel\u00edes que se identifican como palestinos y de ra\u00edz semita, igual que el pueblo jud\u00edo. Pero ambas <strong>comparten el drama que retuerce en estos momentos a la regi\u00f3n.<\/strong><\/p>\n<p>Entre los m\u00e1s de 1.400 civiles que la milicia fundamentalista de Hamas mat\u00f3 el 7 de octubre en <strong>el sangriento asalto al sur de Israel, <\/strong>hay 21 beduinos. Y suman seis los de ese pueblo que est\u00e1n cautivos en la Franja junto con el resto de los 242 secuestrados por la banda terrorista. Eran trabajadores que estaban en los kibutz cuando se produjo el ataque.<\/p>\n<p>Una y otra ciudad son blanco indiscriminado de los poderosos cohetes que la organizaci\u00f3n pro iran\u00ed dispara con frecuencia desde la Franja, con la salvedad que en Rahat no hay refugios ni tampoco sirenas que <strong>anticipen la llegada de los proyectiles.<\/strong><\/p>\n<p>Este enviado de <strong>Clar\u00edn<\/strong> lleg\u00f3 a la ciudad con la gu\u00eda de la argentina Patricia Sadovsky, radicada hace a\u00f1os en Israel, una ex funcionaria municipal ya retirada, vecina de Be\u2019er Sheva que aprecia y admira el esfuerzo creativo de los beduinos, nombre que significa habitante del desierto, justamente. <\/p>\n<p>Rahat es considerada <strong>la mayor ciudad beduina del mundo,<\/strong> un pueblo de unos 300 mil integrantes, muchos de los cuales, casi un tercio, viven a\u00fan en el desierto, en aldeas precarias, sin derecho a la tierra de donde suelen ser expulsados. La ciudad es una de las m\u00e1s pobres del pa\u00eds tomando en cuenta su nivel presupuestario, pero sin embargo todo parece muy cuidado y ordenado.<\/p>\n<h2>Recorrida por Rahat<\/h2>\n<p>En una recorrida amplia se ven numerosas obras en construcci\u00f3n, un parque industrial y negocios de marcas internacionales con las calles adornadas por luminarias modernas. Vive ah\u00ed <strong>una treintena de clanes ancestrales de este pueblo<\/strong> que se diferencian por los barrios que habitan, indicados con n\u00fameros. Hay tambi\u00e9n un pu\u00f1ado de mezquitas, pero se consideran en su mayor\u00eda laicos.<\/p>\n<p><img decoding=\"async\" alt=\"Jerusal\u00e9n. Beduinos en ciudad de Rahat.\" src=\"https:\/\/www.clarin.com\/img\/2023\/11\/05\/GPdVTEzvU_720x0__1.jpg\"\/>Jerusal\u00e9n. Beduinos en ciudad de Rahat.<\/p>\n<p>Antes de la guerra Rahat, famosa por su hospitalidad y buena cocina, busc\u00f3 <strong>promoverse como centro tur\u00edstico<\/strong> y de descanso de fin de semana de modo de mejorar sus ingresos. La ciudad est\u00e1 a apenas 110 kil\u00f3metros de Jerusal\u00e9n y a menos de cien de Tel Aviv.<\/p>\n<p>El lugar es interesante, muy sereno con confiter\u00edas donde, a diferencia de ciertas tradiciones medievales en otras fronteras, se ve a mujeres solas bebiendo te y charlando sin la presencia de varones. <strong>\u201cSomos occidentales, y somos modernos\u201d, <\/strong>le dice sonriente al enviado un ex funcionario del lugar explicando la escena.<\/p>\n<p>El hombre pide a lo largo de la charla que sostuvimos en esa confiter\u00eda que no se lo identifique Es porque la guerra ha disparado una <strong>especial sensibilidad con todo lo \u00e1rabe. <\/strong>Hay razones para esa aprensi\u00f3n. La <strong>CNN<\/strong> coment\u00f3 esta semana el sorprendente caso del despliegue de 15 polic\u00edas en la casa de una espantada muchacha \u00e1rabe israel\u00ed en Jerusal\u00e9n acusada de incitar al terrorismo por publicar un verso del Cor\u00e1n en las redes. <strong>&quot;Si si, nos sentimos discriminados&quot;, <\/strong>afirma el dirigente beduino bajando la voz.<\/p>\n<p>Patricia, que a la vez nos traduce, comenta que en Israel las comunidades beduinas del sur han tenido un v\u00ednculo muy din\u00e1mico con la administraci\u00f3n central. Prueba de ello es que <strong>hace pocas horas estuvo por el lugar el ministro del Interior <\/strong>del gabinete de Benjam\u00edn Netanyahu.<\/p>\n<p>La visita sirvi\u00f3 para que las autoridades locales le reclamen la parte del presupuesto que le toca a estas comunidades, unos 50 millones de d\u00f3lares, que <strong>no ha sido desembolsada<\/strong> por una pol\u00e9mica decisi\u00f3n del ministro de Econom\u00eda, Bezalel Yoel Smotrich, un dirigente de extrema derecha del partido Sionista Religioso. <\/p>\n<p>El ex funcionario de Rahat, en la charla con <strong>Clar\u00edn,<\/strong> critica el estilo y posiciones del primer ministro a quien reprocha \u201cuna actitud constante y aguda contra los \u00e1rabes\u201d de Israel. Ese problema, recuerda, era fuerte antes de la guerra, pero <strong>el conflicto lo ha agudizado<\/strong> a niveles en extremos severos con consecuencias directas.<\/p>\n<p><img decoding=\"async\" alt=\"Jerusal\u00e9n. Beduinos en ciudad de Rahat.\" src=\"https:\/\/www.clarin.com\/img\/2023\/11\/05\/qQ2Hm40AZ_720x0__1.jpg\"\/>Jerusal\u00e9n. Beduinos en ciudad de Rahat.<\/p>\n<p>\u201cEsto nos golpeo econ\u00f3mica, emocional y f\u00edsicamente. Murieron personas, hubo heridos. Aqu\u00ed ven\u00edan trabajadores de Gaza y ahora no se les permite\u201d, de modo que escasea la mano de obra para la construcci\u00f3n o los comercios. Tambi\u00e9n los vecinos jud\u00edos que llegaban al mercado local a hacer compras <strong>han dejado de hacerlo<\/strong>. \u201cTodo esto que provoc\u00f3 Hamas, acaba por agigantar la pobreza de nuestra gente\u201d, lamenta.<\/p>\n<p>Esa grieta que ha crecido s\u00fabitamente entre los dos pueblos es parad\u00f3jica. Los hijos de este hombre se educaron en kibutzims vecinos, <strong>desde el jard\u00edn a la universidad.<\/strong> Y uno de sus hijos est\u00e1 casado con una mujer jud\u00eda. Una integraci\u00f3n casi total que ahora est\u00e1 en riesgo.<\/p>\n<p>En la recorrida por la ciudad llegamos a la mezquita m\u00e1s antigua del lugar, construida en 1972, poco despu\u00e9s de que naci\u00f3 la ciudad. Se dejan dejar los zapatos en un estante ubicado antes de la puerta interior Viene gente con t\u00fanicas blancas y amplias sonrisas a <strong>saludar al acompa\u00f1ante del enviado <\/strong>lo que facilita poder entrar y recorrer el lugar. <\/p>\n<p>La sala de oraci\u00f3n es un espacio amplio, alfombrado. El techo en forma de b\u00f3veda, cuidadosamente decorado. En un costado est\u00e1 el p\u00falpito alto desde el cual se pronuncia el <strong>serm\u00f3n de los viernes<\/strong>. Hay una biblioteca con distintas ediciones del Cor\u00e1n y la Alquibla que es ese muro o rinc\u00f3n orientado hacia la Meca, uno de los tres sitios sagrados del rito musulm\u00e1n, donde se debe dirigir la oraci\u00f3n.<\/p>\n<h2>En la mezquita<\/h2>\n<p>En un costado, junto a una ventana, un circulo de hombres escuchan sentados sobre la alfombra a un anciano de barba blanca que les habla desde una silla. <strong>No se permiten mujeres en el lugar<\/strong> de modo que Patricia espera afuera. <\/p>\n<p>El gu\u00eda del enviado aprovecha la visita para remarcar que esta guerra que desangra a Gaza \u201ces un conflicto pol\u00edtico, pero tu sabes \u2013dice tomando el brazo del periodista- <strong>hay muchos que pretenden convertirlo en una guerra santa<\/strong>, los extremistas de un lado y del otro, eso tenemos que impedirlo\u201d. <\/p>\n<p>A pocos metros de la mezquita esta la casa de la familia. El hombre invita a pasar. Hay sillones de mimbre en el patio y un limonero. El hijo mayor con tupida barba negra trae frutas y postres con una jarra de t\u00e9 caliente. La esposa del joven viste un chador negro que le deja libre solo el rostro. Tienen una bonita ni\u00f1a de tres a\u00f1os. La charla sigue. Luego en la puerta nuestro acompa\u00f1ante saluda y pide: \u201c<strong>Vuelvan a visitarnos, esta guerra va a pasar\u201d.<\/strong><\/p>\n<p><strong>Rahat y Be&#039;er Sheva, Israel. Enviado especial <\/strong><\/p>\n","protected":false},"excerpt":{"rendered":"<p>Rahat es una populosa ciudad beduina en el desierto de Negev, a minutos de Be\u2019er Sheva, una de las m\u00e1s importantes y modernas metr\u00f3polis israel\u00edes en esta regi\u00f3n, a unos 20 kil\u00f3metros de la Franja de Gaza&#8230; y de la guerra.<br \/>\nHay diferencias necesarias entre las dos comunidades. Los casi 200 mil habitantes de Be\u2019er Sheva son de mayor\u00eda jud\u00eda israel\u00ed, los de la otra ciudad, excluyentemente \u00e1rabes israel\u00edes que se identifican como palestinos y de ra\u00edz semita, igual que el pueblo jud\u00edo. Pero ambas comparten el drama que retuerce en estos momentos a la regi\u00f3n.<br \/>\nEntre los m\u00e1s de 1.400 civiles que la milicia fundamentalista de Hamas mat\u00f3 el 7 de octubre en el sangriento asalto al sur de Israel, hay 21 beduinos. Y suman seis los de ese pueblo que est\u00e1n cautivos en la Franja junto con el resto de los 242 secuestrados por la banda terrorista. Eran trabajadores que estaban en los kibutz cuando se produjo el ataque.<br \/>\nUna y otra ciudad son blanco indiscriminado de los poderosos cohetes que la organiz..<\/p>\n","protected":false},"author":2,"featured_media":10657,"comment_status":"","ping_status":"","sticky":false,"template":"","format":"standard","meta":{"footnotes":""},"categories":[3],"tags":[],"_links":{"self":[{"href":"https:\/\/maxradio923.com.ar\/index.php\/wp-json\/wp\/v2\/posts\/10656"}],"collection":[{"href":"https:\/\/maxradio923.com.ar\/index.php\/wp-json\/wp\/v2\/posts"}],"about":[{"href":"https:\/\/maxradio923.com.ar\/index.php\/wp-json\/wp\/v2\/types\/post"}],"author":[{"embeddable":true,"href":"https:\/\/maxradio923.com.ar\/index.php\/wp-json\/wp\/v2\/users\/2"}],"replies":[{"embeddable":true,"href":"https:\/\/maxradio923.com.ar\/index.php\/wp-json\/wp\/v2\/comments?post=10656"}],"version-history":[{"count":0,"href":"https:\/\/maxradio923.com.ar\/index.php\/wp-json\/wp\/v2\/posts\/10656\/revisions"}],"wp:featuredmedia":[{"embeddable":true,"href":"https:\/\/maxradio923.com.ar\/index.php\/wp-json\/wp\/v2\/media\/10657"}],"wp:attachment":[{"href":"https:\/\/maxradio923.com.ar\/index.php\/wp-json\/wp\/v2\/media?parent=10656"}],"wp:term":[{"taxonomy":"category","embeddable":true,"href":"https:\/\/maxradio923.com.ar\/index.php\/wp-json\/wp\/v2\/categories?post=10656"},{"taxonomy":"post_tag","embeddable":true,"href":"https:\/\/maxradio923.com.ar\/index.php\/wp-json\/wp\/v2\/tags?post=10656"}],"curies":[{"name":"wp","href":"https:\/\/api.w.org\/{rel}","templated":true}]}}