{"id":10617,"date":"2023-11-04T22:55:48","date_gmt":"2023-11-05T01:55:48","guid":{"rendered":"https:\/\/maxradio923.com\/index.php\/2023\/11\/04\/consejos-de-mauricio-macri-a-javier-milei-para-aplastar-a-la-campora-y-las-peleas-por-copar-su-gabinete\/"},"modified":"2023-11-04T22:55:48","modified_gmt":"2023-11-05T01:55:48","slug":"consejos-de-mauricio-macri-a-javier-milei-para-aplastar-a-la-campora-y-las-peleas-por-copar-su-gabinete","status":"publish","type":"post","link":"https:\/\/maxradio923.com.ar\/index.php\/2023\/11\/04\/consejos-de-mauricio-macri-a-javier-milei-para-aplastar-a-la-campora-y-las-peleas-por-copar-su-gabinete\/","title":{"rendered":"Consejos de Mauricio Macri a Javier Milei para aplastar a La C\u00e1mpora,  y las peleas por copar su gabinete"},"content":{"rendered":"<p>Consejos de Mauricio Macri a Javier Milei para aplastar a La C\u00e1mpora,  y las peleas por copar su gabinete<\/p>\n<p>A las nueve de la ma\u00f1ana de ayer, Javier Milei por fin pudo cortar su celular para abordar lo que tanto anhelaba. La taza de t\u00e9 caliente que tom\u00f3 a poco de despertar. Detesta el t\u00e9 fr\u00edo. <strong>Pero el tel\u00e9fono sonaba y sonaba y le dio prioridad. Lo esperaba un d\u00eda largo y dif\u00edcil. <\/strong><\/p>\n<p>Como todos los que vendr\u00e1n hasta la noche del 19 de noviembre. El balotaje. El d\u00eda en que se sabr\u00e1 si es ser\u00e1 electo Presidente de la Naci\u00f3n. O si lo ser\u00e1 su ahora su \u00fanica rival en los comicios, el actual ministro de Econom\u00eda, Sergio Massa. Su nuevo objetivo a demoler. <strong>Milei volv\u00eda ayer a las calles, a las caravanas proselitistas despu\u00e9s de las elecciones generales donde Massa le sac\u00f3 seis puntos de ventaja. <\/strong><\/p>\n<p>Pero, sobre todo, volver\u00eda a verse con su militancia tras recibir el apoyo oficial de Mauricio Macri, Patricia Bullrich, y una sector del PRO. La coalici\u00f3n Juntos por el Cambio (JxC) se fractur\u00f3 por \u00e9l. <strong>\u00bfVolver\u00e1 a ser Milei el mismo Milei de siempre? <\/strong>\u00bfO el ascenso de Macri, el avance del PRO sobre su campa\u00f1a y los intentos de sus nuevos &quot;socios&quot; por imponerle sus ideas y copar parte de su Gabinete cambiar\u00e1n la esencia del candidato libertario?<\/p>\n<p>En la reuni\u00f3n con \u201cEl Presidente\u201d, como llama Milei a Macri en persona,<strong> no se discuti\u00f3 un reparto de cargos en el Gabinete.<\/strong> Pero Macri le aconsej\u00f3 lo que deber\u00eda hacer en organismos \u201ccomo el PAMI, el ANSES, <strong>en todo el sector que maneja la Energ\u00eda, en el ministerio de Justicia, Defensa, o la AFI (Agencia de Inteligencia)<\/strong>. Vas a asumir y La C\u00e1mpora te va a querer boicotear como me lo hicieron a m\u00ed. Vas a tener que hacer algo con eso, Javier. Y nosotros podemos ayudarte. Yo tengo la experiencia de haber pasado por todo aquello\u201d, le solt\u00f3 Macri, dici\u00e9ndole, sin decir, cu\u00e1l cree que son los entes p\u00fablicos m\u00e1s sensibles para \u00e9l.<\/p>\n<p>Milei no miente cuando afirma que no hizo un \u201cpacto\u201d con Macri. Porque fue as\u00ed como se lo dijo aquella noche de la pol\u00e9mica \u201cal Presidente\u201d. Seg\u00fan fuentes que participaron de ese encuentro, <strong>Milei le explic\u00f3 a Macri que no era conveniente para su performance electoral que se llegue a un acuerdo expl\u00edcito de gobierno entre hasta que \u00e9l ganase o no las elecciones<\/strong>: \u201cUn acuerdo as\u00ed nos complicar\u00eda a todos. Pero, Se\u00f1or Presidente, por supuesto que vamos a necesitar de dirigentes con experiencia en la gesti\u00f3n\u201d, concedi\u00f3 Milei. Su hermana, Karina, escuchaba a su lado, siempre hablando poco, pero oy\u00e9ndolo todo.<\/p>\n<p>El <strong>manejo del Milei medi\u00e1tico<\/strong> fue uno de los principales ejes de ese largo di\u00e1logo al que se fueron sumando dirigentes en la casa de Macri en Acassuso, y que dur\u00f3 varias horas. Qued\u00f3 impl\u00edcito que, de vencer en los comicios, habr\u00e1 dirigentes del PRO que se sumar\u00e1n al Gabinete.<\/p>\n<p>El estratega de la campa\u00f1a del libertario, <strong>el escribano Santiago Caputo<\/strong> (un familiar lejano del amigo de Macri, Nicol\u00e1s Caputo, con quien ni siquiera se ve a pesar del lazo de sangre), coincidi\u00f3 con el an\u00e1lisis de Diego Santilli, por ejemplo, que propuso que Milei deje por un tiempo de ir a los medios audiovisuales para achicar el margen de errores que podr\u00edan cometerse.<\/p>\n<p>\u201cBasta de pol\u00edticos nuestros hablando por todos lados\u201d, pidieron del lado de Macri, pero aludiendo a los libertarios tambi\u00e9n.<\/p>\n<p>Milei tuvo una primera semana tras elecciones que le trajo problemas tras exponerse de nuevo a la tev\u00e9. Se puso nervioso en una entrevista con Esteban Trebuq en A24. Sus rivales aprovecharon para castigarlo e intentar instalar que sufre de inestabilidad emocional. Milei explic\u00f3 qu\u00e9 le hab\u00eda pasado en un segundo reportaje con Luis Majul en LN+.<\/p>\n<p>Desde entonces solo se comunic\u00f3 v\u00eda redes sociales. Tambi\u00e9n para responder a cr\u00edticas de Massa.<\/p>\n<p>Pero varias declaraciones de quien es su vocera y posible Canciller, la economista Diana Mondino, sobre todo respecto al \u201cmercado de \u00f3rganos\u201d que incluy\u00f3 LLA en su plataforma electoral, y sobre el \u201cmatrimonio igualitario\u201d, generaron cr\u00edticas entre los propios asesores de Milei y Macri y el PRO.<\/p>\n<p>Massa volv\u00eda a tener con qu\u00e9 alimentar su tesis sobre su rival frente a la militancia del peronismo y los &quot;independientes&quot;.<\/p>\n<p>El viernes, Milei sali\u00f3 feliz de la que quiz\u00e1s haya sido la entrevista m\u00e1s extra\u00f1a que concedi\u00f3 desde que es candidato.<strong> Habl\u00f3 con la ex vedete Amalia \u201cYuyito\u201d Gonz\u00e1lez, por el canal Magazine.<\/strong> Ella lo elogi\u00f3 porque era \u201cmas bonito&quot; en persona. Debatieron sobre espiritualidad, lujuria, codicia. &quot;Es humano&quot;, celebr\u00f3 &quot;Yuyito&quot;.<\/p>\n<p>Milei acotar\u00e1 ahora sus salidas en los medios. Le dar\u00e1 una entrevista a Jaime Bayly, el magn\u00edfico periodista y escritor que transmite su programa desde Miami al mundo. Y luego tiene agendado otro reportaje televisivo m\u00e1s. Al menos hasta ahora.<\/p>\n<p>Cambi\u00f3 todo en la campa\u00f1a de Milei. \u201cNos acostumbramos a que se hablara siempre de nuestras ideas, y ahora nos enfrentamos a otra cosa\u201d, dijo a <strong>Clar\u00edn<\/strong> uno de sus principales asesores.<\/p>\n<p>Resta por saldar las internas, tanto en LLA como en el que PRO, generadas por su acercamiento con Macri.<\/p>\n<p>Por ahora, lo \u00fanico concreto entre ambos espacios es la organizaci\u00f3n conjunta de la fiscalizaci\u00f3n de la elecci\u00f3n en todo el pa\u00eds.<\/p>\n<p>Tras las recorridas y caravana callejeras de ayer, el balance que hicieron ambos &quot;socio&quot; ante el balotaje fue bueno.<\/p>\n<p>Milei recorri\u00f3 San Isidro y Tres de Febrero. Miles de personas volvieron a vivarlo. En la Plaza del Avi\u00f3n, Ciudad Jard\u00edn, Palomar, Milei dio un discurso subido a un cami\u00f3n como escenario. Una pantalla detr\u00e1s suyo dec\u00eda Milei 2023 y debajo el nuevo slogan de esta etapa: &quot;La \u00fanica soluci\u00f3n&quot;. El libertario agit\u00f3 a su p\u00fablico como siempre. Salud\u00f3: &quot;\u00a1Hola a tooodos!&quot;, y entonces cant\u00f3: &quot;Yo soy el Rey\/ De un mundo perdido\/ Soy el Rey, te destrozar\u00e9\/ Toda la casta es de mi apetito&quot;. Y tres veces grit\u00f3: &quot;\u00a1Viva la libertad carajo&quot;. Y tres veces le devolvieron el eco: &quot;\u00a1Vida la libertad carajo!&quot;. <\/p>\n<p>Milei estaba acompa\u00f1ado por su candidata a vice, Victoria Villarroel, la ex candidata a gobernadora bonaerense, Carolina P\u00edparo; la diputada electa Marcela Pagano y el ex candidato a jefe porte\u00f1o Ramiro Marra. Nadie del PRO. Nadie cercano a Macri. Milei <strong>no pidi\u00f3 esta vez que la militancia asustara a la dirigencia tradicional al grito del &quot;\u00a1Que de vayan todos!&quot;<\/strong>. Habl\u00f3 pausado. Cont\u00f3 la historia de la Batalla de Caseros, librada entre Urquiza y Rosas en esas tierras. Y revel\u00f3 que vivi\u00f3 toda su vida en el distrito que gobierna Diego Valenzuela, de JxC. El jefe comunal hab\u00eda chateado con \u00e9l para garantizarle que en su territorio no habr\u00eda problemas. La seguridad del acto estaba cubierta. Son viejos conocidos: fueron juntos a la Facultad.<\/p>\n<p>Milei se dedicar\u00e1 ahora al proselitismo, a la campa\u00f1a dise\u00f1ada por Caputo. Habr\u00e1 recorridos callejeras en todo el pa\u00eds.<\/p>\n<p>La motosierra, s\u00edmbolo del ajuste del Estado, <strong>no volver\u00e1 a encenderse.<\/strong><\/p>\n<p>Adem\u00e1s de enfrentar a Massa, Milei sabe que seguir\u00e1n critic\u00e1ndolo desde la c\u00fapulas de la UCR, la Coalici\u00f3n C\u00edvica de Elisa Carri\u00f3, y que nunca jam\u00e1s contar\u00e1 con el apoyo de Horacio Rodr\u00edguez Larreta.<\/p>\n<p>La noche en la que se reuni\u00f3 en secreto con Macri, y otros dirigentes del PRO y de La Libertad Avanza (LLA), \u201cEl Presidente\u201d pidi\u00f3 varias veces que reprimiera su habitual car\u00e1cter confrontativo, hablar gritando, o el enojo como instrumento de comunicaci\u00f3n. Milei sigue habl\u00f3 varias veces m\u00e1s con Macri. Esa cercan\u00eda genera, en ciertos sectores de LLA, fastidio.<\/p>\n<p>Desde que se reuni\u00f3 con Macri, Milei hasta debi\u00f3 ratificar que cumplir\u00e1 dos de sus promesas m\u00e1s emblem\u00e1ticas. <strong>La dolarizaci\u00f3n y la eliminaci\u00f3n del Banco Central.<\/strong><\/p>\n<p>Se prepara ahora para el debate final con Massa. Sabe que el candidato oficialista buscar\u00e1 ponerlo nervioso, sacarlo de su eje.<\/p>\n<p>Desde el PRO le advirtieron que, adem\u00e1s, el oficialismo no movi\u00f3 el feriado del 20 de noviembre, el d\u00eda siguiente a la elecci\u00f3n, porque Massa analiz\u00f3 que muchos votantes del PRO-mile\u00edsta viajar\u00e1n a disitintos puntos tur\u00edsticos. \u201cNosotros alguna vez hicimos lo mismo y perdimos tres puntos de votos\u201d, se lamenta uno de los fundadores del partido de Macri.<\/p>\n<p>Los actos de ayer, se dijo, ser\u00e1n tomados como tests para conocer qu\u00e9 pasa entre los votantes \u201corignales\u201d de Milei tras su acuerdo con Macri.<\/p>\n<p>\u201cEstaba m\u00e1s moderado, es verdad. Pero nadie, y habl\u00e9 con un mont\u00f3n de personas, se preguntaba qu\u00e9 pasa con Javier despu\u00e9s de que se acerc\u00f3 Macri. A m\u00ed no me importa nada de eso. Le le creo todo\u201d, le dijo a<strong> Clar\u00edn<\/strong> Sergio Grosso, vecino de Ciudad Jard\u00edn, presente en el acto, libertario total.<\/p>\n<p>Pero el acuerdo con Macri sigue su din\u00e1mica propia entre las c\u00fapulas dirigenciales de de LLA y el PRO.<\/p>\n<p>Uno de los interlocutores m\u00e1s antiguos que Milei tiene con Macri, Alberto Benegas Lynch, lo dej\u00f3 clar\u00f3 tras un escrito que difundi\u00f3 en las redes: \u201cNo traten de domar a Javier Milei\u201d.<\/p>\n<p>Los enemigos podr\u00edan ser ahora no solo los rivales electorales, si no tambi\u00e9n los descontentos de la interna propia.<\/p>\n<p>Macri se reuni\u00f3 esta semana, a solas, con la candidata a vice de LLA, Victoria Villarroel. \u201cSolo por diplomacia\u201d, minimizaron cerca del libertario. \u00bfSer\u00e1?<\/p>\n<p>Karina Milei, la hermana de Javier, continuar\u00e1 siendo la absoluta jefa de LLA.<\/p>\n<p>La noche que se vieron con Macri ella vive en el mismo complejo de edificios de Vicente L\u00f3pez que ella. \u201cPor eso dec\u00edan que nos ve\u00edamos nosotros. En realidad vos ibas a ver a tu familia\u201d.<\/p>\n<p>Milei dice estar tranquilo a pesar de todo. La explicaci\u00f3n que da a sus \u00edntimos es particular: \u201cMi vida fue una mierda, man. Muy dura. Mi pap\u00e1 me volv\u00eda loco despu\u00e9s de cada examen. Me pegaba de chico. Cuando era arquero ten\u00eda at\u00e1s toda una hinchada insult\u00e1ndome. Lo que te quiero decir es \u00e9sto: trabajo mejor bajo presi\u00f3n. Yo me preocupar\u00eda m\u00e1s si estuviera en una campa\u00f1a tranquila y no como \u00e9sta\u201d.<\/p>\n<p>Milei es Milei.<\/p>\n<p>Macri es Macri.<\/p>\n<p>La fusi\u00f3n de dos personalidades fuertes empieza a verse reflejada en una elecci\u00f3n donde el resultado ser\u00e1 a todo o nada. La pelea final por el poder total.<\/p>\n","protected":false},"excerpt":{"rendered":"<p>Consejos de Mauricio Macri a Javier Milei para aplastar a La C\u00e1mpora, y las peleas por copar su gabineteA las nueve de la ma\u00f1ana de ayer, Javier Milei por fin pudo cortar su celular para abordar lo que tanto anhelaba. La taza de t\u00e9 caliente que tom\u00f3 a poco de despertar. Detesta el t\u00e9 fr\u00edo. Pero el tel\u00e9fono sonaba y sonaba y le dio prioridad. Lo esperaba un d\u00eda largo y dif\u00edcil.<br \/>\nComo todos los que vendr\u00e1n hasta la noche del 19 de noviembre. El balotaje. El d\u00eda en que se sabr\u00e1 si es ser\u00e1 electo Presidente de la Naci\u00f3n. O si lo ser\u00e1 su ahora su \u00fanica rival en los comicios, el actual ministro de Econom\u00eda, Sergio Massa. Su nuevo objetivo a demoler. Milei volv\u00eda ayer a las calles, a las caravanas proselitistas despu\u00e9s de las elecciones generales donde Massa le sac\u00f3 seis puntos de ventaja.<br \/>\nPero, sobre todo, volver\u00eda a verse con su militancia tras recibir el apoyo oficial de Mauricio Macri, Patricia Bullrich, y una sector del PRO. La coalici\u00f3n Juntos por el Cambio (JxC) se fractur\u00f3 por \u00e9l. \u00bfV..<\/p>\n","protected":false},"author":2,"featured_media":10618,"comment_status":"","ping_status":"","sticky":false,"template":"","format":"standard","meta":{"footnotes":""},"categories":[7],"tags":[],"_links":{"self":[{"href":"https:\/\/maxradio923.com.ar\/index.php\/wp-json\/wp\/v2\/posts\/10617"}],"collection":[{"href":"https:\/\/maxradio923.com.ar\/index.php\/wp-json\/wp\/v2\/posts"}],"about":[{"href":"https:\/\/maxradio923.com.ar\/index.php\/wp-json\/wp\/v2\/types\/post"}],"author":[{"embeddable":true,"href":"https:\/\/maxradio923.com.ar\/index.php\/wp-json\/wp\/v2\/users\/2"}],"replies":[{"embeddable":true,"href":"https:\/\/maxradio923.com.ar\/index.php\/wp-json\/wp\/v2\/comments?post=10617"}],"version-history":[{"count":0,"href":"https:\/\/maxradio923.com.ar\/index.php\/wp-json\/wp\/v2\/posts\/10617\/revisions"}],"wp:featuredmedia":[{"embeddable":true,"href":"https:\/\/maxradio923.com.ar\/index.php\/wp-json\/wp\/v2\/media\/10618"}],"wp:attachment":[{"href":"https:\/\/maxradio923.com.ar\/index.php\/wp-json\/wp\/v2\/media?parent=10617"}],"wp:term":[{"taxonomy":"category","embeddable":true,"href":"https:\/\/maxradio923.com.ar\/index.php\/wp-json\/wp\/v2\/categories?post=10617"},{"taxonomy":"post_tag","embeddable":true,"href":"https:\/\/maxradio923.com.ar\/index.php\/wp-json\/wp\/v2\/tags?post=10617"}],"curies":[{"name":"wp","href":"https:\/\/api.w.org\/{rel}","templated":true}]}}