{"id":10607,"date":"2023-11-04T20:43:58","date_gmt":"2023-11-04T23:43:58","guid":{"rendered":"https:\/\/maxradio923.com\/index.php\/2023\/11\/04\/sergio-massa-relega-las-banderas-del-pj-para-buscar-votos-extrapartidarios-en-provincias-esquivas\/"},"modified":"2023-11-04T20:43:58","modified_gmt":"2023-11-04T23:43:58","slug":"sergio-massa-relega-las-banderas-del-pj-para-buscar-votos-extrapartidarios-en-provincias-esquivas","status":"publish","type":"post","link":"https:\/\/maxradio923.com.ar\/index.php\/2023\/11\/04\/sergio-massa-relega-las-banderas-del-pj-para-buscar-votos-extrapartidarios-en-provincias-esquivas\/","title":{"rendered":"Sergio Massa relega las banderas del PJ para buscar votos extrapartidarios en provincias esquivas"},"content":{"rendered":"<p>Sergio Massa relega las banderas del PJ para buscar votos extrapartidarios en provincias esquivas <\/p>\n<p>Entre los operadores de UxP en C\u00f3rdoba no hubo sorpresas ni demasiados lamentos por el se\u00f1alamiento del viernes Juan Schiaretti contra &quot;el gobierno kirchnerista de Sergio Massa&quot;. La frase del gobernador cordob\u00e9s en contra del juicio pol\u00edtico a la Corte Suprema, se produjo <strong>72 horas antes del desembarco<\/strong> del ministro candidato en el segundo distrito electoral del pa\u00eds y en el m\u00e1s esquivo hist\u00f3ricamente para el kirchnerismo. \u201cNo creo que tenga ning\u00fan impacto. Lo viene diciendo hace rato: la \u00fanica diferencia es que <strong>ahora trata de hacer da\u00f1o<\/strong>\u201d, se\u00f1al\u00f3 un armador del peronismo nacional en C\u00f3rdoba, donde Massa qued\u00f3 cuarto el 22 de octubre.<\/p>\n<p>La estrategia en C\u00f3rdoba ser\u00e1 la misma que Massa replicar\u00e1 en las \u00faltimas dos semanas de campa\u00f1a: intentar\u00e1 <strong>desligarse del kirchnerismo <\/strong>e incluso de <strong>la simbolog\u00eda peronista<\/strong>. El ministro de Econom\u00eda estren\u00f3 el formato este s\u00e1bado, en San Fernando. Solo se admit\u00edan banderas argentinas y estaba prohibido llevar iconograf\u00eda de las m\u00faltiples tribus del oficialismo.<\/p>\n<p>El Movimiento Evita fue el \u00fanico que desoy\u00f3 la consigna. Algunos de los dirigentes que se acercaron hasta el terru\u00f1o de <strong>Juan Andreotti<\/strong>, uno de los pilares de la campa\u00f1a del ministro, sostienen que la convocatoria pensada para ser replicada y transmitida en redes no sali\u00f3 del todo bien. En una tarde calurosa la prueba piloto, a medio camino entre una caminata espont\u00e1nea y un acto chico, a Massa le cost\u00f3 moverse entre los abrazos de los militantes.<\/p>\n<p>El candidato de UxP apostar\u00e1 en lo que queda de la campa\u00f1a a <strong>aumentar sus chances en distritos<\/strong> en los que su performance electoral no fue todo lo buena que esperaba y donde aspira a crecer. Cada una de las paradas de campa\u00f1a tiene un <strong>eje tem\u00e1tico<\/strong>. El viernes fue el turno de Mendoza; adonde llev\u00f3 plataforma de <strong>seguridad <\/strong>y fondos frescos para sacarse una foto con el gobernador radical saliente Rodolfo Suarez y seguir multiplicando gui\u00f1os a extrapartidarios.<\/p>\n<p>Este domingo, la agenda del ministro de Econom\u00eda en los Esteros del Iber\u00e1, en Corrientes, estar\u00e1 m\u00e1s <strong>vinculada al plano ambiental<\/strong> -que tambi\u00e9n sirve para pescar votos de manera transversal y mete ruido entre la topa de Milei- que a consolidar la ventaja que consigui\u00f3 el 22 en la provincia gobernada por la UCR. Tal es as\u00ed, que no visitr\u00eda la capital provincial donde vive el 60 por ciento del electorado.<\/p>\n<p>La <strong>remontada de Massa en Corrientes <\/strong>entre las PASO y las generales tiene <strong>3 explicacione<\/strong>s, seg\u00fan armadores del peronismo en la provincia: <strong>intendentes movilizados<\/strong> por las elecciones a concejales en varios distritos peronistas; muchos m\u00e1s recursos para la campa\u00f1a y hasta una <strong>mano indirecta del gobernador radical<\/strong> Arturo Colombi. El candidato del peronismo tambi\u00e9n har\u00e1 una escala en Entre R\u00edos, donde buscar\u00e1 captar los votos de un JxC m\u00e1s relajado, porque ya se asegur\u00f3 la gobernaci\u00f3n.<\/p>\n<p>El lunes, Massa <strong>llevar\u00e1 a Rio Cuarto una agenda de subsidios<\/strong> al transporte para equilibrar las asimetr\u00edas con el AMBA-que el propio Schiaretti puso en agenda- y la tarjeta SUBE, que a partir de ahora se podr\u00e1 utilizar en 10 municipios cordobeses, entre ellos la capital provincial que todav\u00eda gobierna el mandatario electo Mart\u00edn Llaryora. Tambi\u00e9n eval\u00faa anunciar en la localidad James Craik (en la zona productiva de la provincia, donde gan\u00f3 Milei) el aumento de la cuota de bioetanol que reclamaban los productores cordobeses. En el acto en General Paz Juniors, en la capital provincial, volver\u00e1n a flamear las <strong>banderas argentinas en lugar de las partidarias<\/strong>.<\/p>\n<p>Adem\u00e1s del armado que tejen los armadores de UxP en C\u00f3rdoba &#8211;<strong>Juanjo Alvarez, Carlos Caserio y Mart\u00edn Gill<\/strong>&#8211; Massa acaba de incorporar al objetivo cordob\u00e9s al <strong>gobernador de La Rioja Ricardo Quintela<\/strong>, que conoce a los intendentes y la realidad del norte cordob\u00e9s, donde se impuso Schiaretti.<\/p>\n<p>Solo en C\u00f3rdoba hay en juego <strong>1.184.717 votos cautivos <\/strong>que se disputar\u00e1n Massa y Milei. M\u00e1s de la mitad fueron a Schiaretti, el 22 de octubre, y 519 mil para Patricia Bullrich, que ahora hace campa\u00f1a por el libertario. Massa busca pescar entre el <strong>voto blando de esos dos espacios<\/strong> para llegar al 30 por ciento del total, que consigui\u00f3 Daniel Scioli en 2015. La provincia mediterr\u00e1nea puede inclinar la cuenta final; Milei tambi\u00e9n tom\u00f3 nota y planea <strong>cerrar su campa\u00f1a all\u00ed<\/strong>.<\/p>\n<p>Massa y el libertario <strong>se siguen los pasos<\/strong>. As\u00ed como Milei tiene previstas bajadas en <strong>Mendoza, Corrientes y Santa Fe<\/strong>, adonde el ministro llegar\u00e1 el martes. Esta vez no visitar\u00e1 Rosario para llevar su plataforma contra el narcotr\u00e1fico; apostar\u00e1 a una reuni\u00f3n con empresarios y a un acto en la UTN en la capital.<\/p>\n<p>La <strong>agenda <\/strong>de Massa se <strong>modifica <\/strong>al calor de las necesidades. La visita a Catamarca prevista para el esta semana qued\u00f3 finalmente en manos del candidato a vice Agust\u00edn Rossi; el desembarco en Salta qued\u00f3 desactivada. \u201c<strong>Es una elecci\u00f3n muy dif\u00edcil<\/strong>\u201d, se sincer\u00f3 un gobernador, lejos del triunfalismo de los primeros d\u00edas.<\/p>\n<p>En el medio, el candidato de UxP <strong>intensificar\u00e1 bajadas en el conurbano<\/strong> en distritos oficialistas, que responden a las diferentes extracciones del peronismo para sostener la diferencia que obtuvo en las generales. Si no hay cambios, en los \u00faltimos 10 d\u00edas -con las paradas obligadas en el GBA- Massa apostar\u00e1 a la Ciudad, con un <strong>acto en el Gran Rex<\/strong>; a crecer en Misiones y Chubut, donde Milei qued\u00f3 primero y a sostener el primer lugar en R\u00edo Negro, donde cada uno de los 120 mil votos que cosecharon Bullrich, Myriam Bregman y Schiaretti y est\u00e1n en disputa, cuentan.<\/p>\n","protected":false},"excerpt":{"rendered":"<p>Sergio Massa relega las banderas del PJ para buscar votos extrapartidarios en provincias esquivas Entre los operadores de UxP en C\u00f3rdoba no hubo sorpresas ni demasiados lamentos por el se\u00f1alamiento del viernes Juan Schiaretti contra &#8220;el gobierno kirchnerista de Sergio Massa&#8221;. La frase del gobernador cordob\u00e9s en contra del juicio pol\u00edtico a la Corte Suprema, se produjo 72 horas antes del desembarco del ministro candidato en el segundo distrito electoral del pa\u00eds y en el m\u00e1s esquivo hist\u00f3ricamente para el kirchnerismo. \u201cNo creo que tenga ning\u00fan impacto. Lo viene diciendo hace rato: la \u00fanica diferencia es que ahora trata de hacer da\u00f1o\u201d, se\u00f1al\u00f3 un armador del peronismo nacional en C\u00f3rdoba, donde Massa qued\u00f3 cuarto el 22 de octubre.<br \/>\nLa estrategia en C\u00f3rdoba ser\u00e1 la misma que Massa replicar\u00e1 en las \u00faltimas dos semanas de campa\u00f1a: intentar\u00e1 desligarse del kirchnerismo e incluso de la simbolog\u00eda peronista. El ministro de Econom\u00eda estren\u00f3 el formato este s\u00e1bado, en San Fernando. Solo se admit\u00eda..<\/p>\n","protected":false},"author":2,"featured_media":10608,"comment_status":"","ping_status":"","sticky":false,"template":"","format":"standard","meta":{"footnotes":""},"categories":[7],"tags":[],"_links":{"self":[{"href":"https:\/\/maxradio923.com.ar\/index.php\/wp-json\/wp\/v2\/posts\/10607"}],"collection":[{"href":"https:\/\/maxradio923.com.ar\/index.php\/wp-json\/wp\/v2\/posts"}],"about":[{"href":"https:\/\/maxradio923.com.ar\/index.php\/wp-json\/wp\/v2\/types\/post"}],"author":[{"embeddable":true,"href":"https:\/\/maxradio923.com.ar\/index.php\/wp-json\/wp\/v2\/users\/2"}],"replies":[{"embeddable":true,"href":"https:\/\/maxradio923.com.ar\/index.php\/wp-json\/wp\/v2\/comments?post=10607"}],"version-history":[{"count":0,"href":"https:\/\/maxradio923.com.ar\/index.php\/wp-json\/wp\/v2\/posts\/10607\/revisions"}],"wp:featuredmedia":[{"embeddable":true,"href":"https:\/\/maxradio923.com.ar\/index.php\/wp-json\/wp\/v2\/media\/10608"}],"wp:attachment":[{"href":"https:\/\/maxradio923.com.ar\/index.php\/wp-json\/wp\/v2\/media?parent=10607"}],"wp:term":[{"taxonomy":"category","embeddable":true,"href":"https:\/\/maxradio923.com.ar\/index.php\/wp-json\/wp\/v2\/categories?post=10607"},{"taxonomy":"post_tag","embeddable":true,"href":"https:\/\/maxradio923.com.ar\/index.php\/wp-json\/wp\/v2\/tags?post=10607"}],"curies":[{"name":"wp","href":"https:\/\/api.w.org\/{rel}","templated":true}]}}