{"id":10601,"date":"2023-11-04T18:34:34","date_gmt":"2023-11-04T21:34:34","guid":{"rendered":"https:\/\/maxradio923.com\/index.php\/2023\/11\/04\/reaparecio-roberto-lavagna-y-al-igual-que-juan-schiaretti-pronuncio-un-mensaje-contra-el-juicio-a-la-corte-suprema-de-justicia\/"},"modified":"2023-11-04T18:34:34","modified_gmt":"2023-11-04T21:34:34","slug":"reaparecio-roberto-lavagna-y-al-igual-que-juan-schiaretti-pronuncio-un-mensaje-contra-el-juicio-a-la-corte-suprema-de-justicia","status":"publish","type":"post","link":"https:\/\/maxradio923.com.ar\/index.php\/2023\/11\/04\/reaparecio-roberto-lavagna-y-al-igual-que-juan-schiaretti-pronuncio-un-mensaje-contra-el-juicio-a-la-corte-suprema-de-justicia\/","title":{"rendered":"Reapareci\u00f3 Roberto Lavagna y, al igual que Juan Schiaretti, pronunci\u00f3 un mensaje contra el juicio a la Corte Suprema de Justicia"},"content":{"rendered":"<p>Reapareci\u00f3 Roberto Lavagna y, al igual que Juan Schiaretti, pronunci\u00f3 un mensaje contra el juicio a la Corte Suprema de Justicia<\/p>\n<p>Despu\u00e9s de mucho tiempo, el ex ministro de Econom\u00eda y ex candidato presidencial en 2019, <strong>Roberto Lavagna<\/strong> hizo una<strong> aparici\u00f3n p\u00fablica y fue con cr\u00edticas al kirchnerismo<\/strong> y el intento de juicio pol\u00edtico a la Corte Suprema de Justicia. Se expres\u00f3 en la misma l\u00ednea que el gobernador peronista de C\u00f3rdoba y hasta hace pocos d\u00edas candidato presidencial, <strong>Juan Schiaretti<\/strong>.<\/p>\n<p>&quot;Siempre nos opusimos al Juicio Pol\u00edtico a la Corte, porque pretende condicionar a la Justicia&quot;, arranc\u00f3 el ex ministro de Econom\u00eda de N\u00e9stor Kirchner y dos veces candidato presidencial Roberto Lavagna. <\/p>\n<p>Lavagna, padre de Marco Lavagna, actual titular del Instituto Nacional de Estad\u00edstica y Censos (Indec), destac\u00f3: &quot;Coherente con ello, en Comisi\u00f3n de Juicio Pol\u00edtico nuestro diputado Alejandro &quot;Topo&quot; Rodr\u00edguez rechaz\u00f3 todos los expedientes acusatorios&quot;.<\/p>\n<p>&quot;El desarrollo argentino es con calidad institucional, sin trampas&quot;, concluy\u00f3 en su breve mensaje Lavagna.<\/p>\n<p>Aunque de una forma m\u00e1s dura, Schiaretti se pronunci\u00f3 sobre el tema un d\u00eda antes: &quot;Una vez m\u00e1s quiero hacer p\u00fablico mi categ\u00f3rico rechazo al pretendido juicio pol\u00edtico a la Corte Suprema que impulsa el gobierno kirchnerista del ministro Sergio Massa&quot;.<\/p>\n<p>Schiaretti sostuvo que la democracia tambi\u00e9n se fortalece &quot;con m\u00e1s rep\u00fablica, respetando la divisi\u00f3n de poderes&quot;. Y concluy\u00f3: &quot;Si queremos un pa\u00eds normal empecemos por dejar de lado actitudes feudales que atropellan las instituciones&quot;.<\/p>\n<blockquote>\n<p>Siempre nos opusimos al #JuicioPol\u00edtico a la Corte, porque pretende condicionar a la Justicia. Coherente con ello, en Comisi\u00f3n de Juicio Pol\u00edtico nuestro diputado @TOPOarg rechaz\u00f3 todos los expedientes acusatorios. El desarrollo argentino es con calidad institucional, sin trampas<\/p>\n<p>\u2014 Roberto Lavagna (@RLavagna) November 4, 2023<\/p><\/blockquote>\n<p>De pocas entrevistas en el \u00faltimo tiempo, Lavagna se limita a realizar posteos protocolares en las redes sociales y uno de los \u00faltimos vinculados a la pol\u00edtica argentina tambi\u00e9n fue sobre la Justicia y la Corte Suprema.<\/p>\n<p>En abril del a\u00f1o pasado, el ex ministro de Econom\u00eda se manifest\u00f3 a favor de que el Consejo de la Magistratura sea presidido por el presidente de la Corte Suprema, en l\u00ednea con lo propuesto por la oposici\u00f3n.<\/p>\n<p>&quot;En la Argentina no hay cuatro poderes constitucionales, sino tres. Cada uno de ellos debe ser respetado en su independencia y competencias. El #ConsejodelaMagistratura pertenece al \u00e1rea judicial y es natural que sea presidido por el Presidente de la #CorteSupremadeJusticia de la Naci\u00f3n&quot;, public\u00f3 Lavagna.<\/p>\n<p><img decoding=\"async\" alt=\"El diputado Alejandro &quot;Topo&quot; Rodr\u00edguez, mencionado por ROberto Lavanga. Foto: Federico L\u00f3pez Claro\" src=\"https:\/\/www.clarin.com\/img\/2023\/01\/29\/ysp0GVmRa_720x0__1.jpg\"\/>El diputado Alejandro &quot;Topo&quot; Rodr\u00edguez, mencionado por ROberto Lavanga. Foto: Federico L\u00f3pez Claro<\/p>\n<h2>El intento de juicio a la Corte, en la etapa final<\/h2>\n<p>El intento del oficialismo de realizarle un juicio pol\u00edtico a los jueces de la Corte Suprema entr\u00f3 en la etapa final de la recolecci\u00f3n de pruebas para la acusaci\u00f3n.<\/p>\n<p>Dos de los jueces del m\u00e1ximo tribunal, Horacio Rosatti y Carlos Rosenkrantz, presentaron este jueves su descargo. Ambos magistrados coincidieron en el rechazo al proceso en su contra, denunciando irregularidades. <\/p>\n<p>El presidente de la Corte Suprema advirti\u00f3 en su escrito que en la avanzada existen &quot;vicios&quot; que &quot;afectan seriamente la garant\u00eda del debido proceso y el derecho de defensa en juicio, y que. a su vez, &quot;vician la validez y eficacia del proceso&quot;.<\/p>\n<p><img decoding=\"async\" alt=\"Juan Carlos Maqueda, Horacio Rosatti, Carlos Rosenkrantz y Ricardo Lorenzetti, los cuatro jueces de la Corte Suprema.\" src=\"https:\/\/www.clarin.com\/img\/2021\/11\/04\/CW1k3vUV6_720x0__1.jpg\"\/>Juan Carlos Maqueda, Horacio Rosatti, Carlos Rosenkrantz y Ricardo Lorenzetti, los cuatro jueces de la Corte Suprema.<\/p>\n<p>Adem\u00e1s, para el titular m\u00e1ximo del poder judicial se trata de &quot;un evidente intento de condicionar la resoluci\u00f3n de causas en tr\u00e1mite&quot;.<\/p>\n<p>A su vez, Carlos Rosenkrantz cuestion\u00f3 en su descargo que &quot;se ha usado la facultad de acusaci\u00f3n de un modo infiel al prop\u00f3sito constitucional&quot;.<\/p>\n<p>&quot;De hecho, muchas veces ese prop\u00f3sito ha sido subvertido: la rama con atribuciones para controlar intent\u00f3 en realidad condicionar, neutralizar o directamente cooptar a la rama controlada para, as\u00ed, concentrar ella misma un poder que no le correspond\u00eda&quot;, agreg\u00f3 Rosenkrantz.<\/p>\n<p><em>DB<\/em><\/p>\n","protected":false},"excerpt":{"rendered":"<p>Reapareci\u00f3 Roberto Lavagna y, al igual que Juan Schiaretti, pronunci\u00f3 un mensaje contra el juicio a la Corte Suprema de JusticiaDespu\u00e9s de mucho tiempo, el ex ministro de Econom\u00eda y ex candidato presidencial en 2019, Roberto Lavagna hizo una aparici\u00f3n p\u00fablica y fue con cr\u00edticas al kirchnerismo y el intento de juicio pol\u00edtico a la Corte Suprema de Justicia. Se expres\u00f3 en la misma l\u00ednea que el gobernador peronista de C\u00f3rdoba y hasta hace pocos d\u00edas candidato presidencial, Juan Schiaretti.<br \/>\n&#8220;Siempre nos opusimos al Juicio Pol\u00edtico a la Corte, porque pretende condicionar a la Justicia&#8221;, arranc\u00f3 el ex ministro de Econom\u00eda de N\u00e9stor Kirchner y dos veces candidato presidencial Roberto Lavagna.<br \/>\nLavagna, padre de Marco Lavagna, actual titular del Instituto Nacional de Estad\u00edstica y Censos (Indec), destac\u00f3: &#8220;Coherente con ello, en Comisi\u00f3n de Juicio Pol\u00edtico nuestro diputado Alejandro &#8220;Topo&#8221; Rodr\u00edguez rechaz\u00f3 todos los expedientes acusatorios&#8221;.<br \/>\n&#8220;El desarrollo argentino es con calidad institucion..<\/p>\n","protected":false},"author":2,"featured_media":10602,"comment_status":"","ping_status":"","sticky":false,"template":"","format":"standard","meta":{"footnotes":""},"categories":[7],"tags":[],"_links":{"self":[{"href":"https:\/\/maxradio923.com.ar\/index.php\/wp-json\/wp\/v2\/posts\/10601"}],"collection":[{"href":"https:\/\/maxradio923.com.ar\/index.php\/wp-json\/wp\/v2\/posts"}],"about":[{"href":"https:\/\/maxradio923.com.ar\/index.php\/wp-json\/wp\/v2\/types\/post"}],"author":[{"embeddable":true,"href":"https:\/\/maxradio923.com.ar\/index.php\/wp-json\/wp\/v2\/users\/2"}],"replies":[{"embeddable":true,"href":"https:\/\/maxradio923.com.ar\/index.php\/wp-json\/wp\/v2\/comments?post=10601"}],"version-history":[{"count":0,"href":"https:\/\/maxradio923.com.ar\/index.php\/wp-json\/wp\/v2\/posts\/10601\/revisions"}],"wp:featuredmedia":[{"embeddable":true,"href":"https:\/\/maxradio923.com.ar\/index.php\/wp-json\/wp\/v2\/media\/10602"}],"wp:attachment":[{"href":"https:\/\/maxradio923.com.ar\/index.php\/wp-json\/wp\/v2\/media?parent=10601"}],"wp:term":[{"taxonomy":"category","embeddable":true,"href":"https:\/\/maxradio923.com.ar\/index.php\/wp-json\/wp\/v2\/categories?post=10601"},{"taxonomy":"post_tag","embeddable":true,"href":"https:\/\/maxradio923.com.ar\/index.php\/wp-json\/wp\/v2\/tags?post=10601"}],"curies":[{"name":"wp","href":"https:\/\/api.w.org\/{rel}","templated":true}]}}