{"id":10599,"date":"2023-11-04T18:34:34","date_gmt":"2023-11-04T21:34:34","guid":{"rendered":"https:\/\/maxradio923.com\/index.php\/2023\/11\/04\/finalmente-julio-garro-reconocio-la-victoria-de-julio-alak-como-intendente-de-la-plata-decidimos-respetar-el-fallo\/"},"modified":"2023-11-04T18:34:34","modified_gmt":"2023-11-04T21:34:34","slug":"finalmente-julio-garro-reconocio-la-victoria-de-julio-alak-como-intendente-de-la-plata-decidimos-respetar-el-fallo","status":"publish","type":"post","link":"https:\/\/maxradio923.com.ar\/index.php\/2023\/11\/04\/finalmente-julio-garro-reconocio-la-victoria-de-julio-alak-como-intendente-de-la-plata-decidimos-respetar-el-fallo\/","title":{"rendered":"Finalmente, Julio Garro reconoci\u00f3 la victoria de Julio Alak como intendente de La Plata: &#8220;Decidimos respetar el fallo&#8221;"},"content":{"rendered":"<p>Finalmente, Julio Garro reconoci\u00f3 la victoria de Julio Alak como intendente de La Plata: &quot;Decidimos respetar el fallo&quot;<\/p>\n<p>Luego de varios idas y vuelta, que incluy\u00f3 el pedido de Juntos por el Cambio a la Junta Electoral Nacional bonaerense de abrir todas las urnas, <strong>el intendente de La Plata, Julio Garro, reconoci\u00f3 la derrota <\/strong>ante Julio Alak y afirm\u00f3 que va a &quot;respetar el fallo&quot;.<\/p>\n<p>&quot;Decidimos respetar la institucionalidad democr\u00e1tica, respetar el fallo y <strong>no tener a todos los platenses como rehenes de la incertidumbre<\/strong>&quot;, enfatiz\u00f3 Garro 48 horas despu\u00e9s de que la Junta Electoral proclam\u00f3 ganador de los comicios y nuevo intendente a Julio Alak y rechaz\u00f3 el pedido de abrir todas las urnas.<\/p>\n<p>A trav\u00e9s de un posteo en su cuenta de la red social Twitter, el jefe comunal precis\u00f3: &quot;M\u00e1s all\u00e1 del resultado, lo que siempre buscamos fue cuidar el voto de cada uno de ustedes para que el pr\u00f3ximo intendente sea el que realmente quiere la mayor\u00eda&quot;. <\/p>\n<p>&quot;<strong>Siempre voy a defender los valores republicanos<\/strong>. Lo hago desde que decid\u00ed involucrarme en pol\u00edtica, lo hice en estos 8 a\u00f1os como intendente y lo seguir\u00e9 haciendo desde el lugar que me toque&quot;, subray\u00f3 Garro.<\/p>\n<blockquote>\n<p>MENSAJE A LOS PLATENSES<br \/>S\u00e9 que los \u00faltimos d\u00edas estuvieron cargados de indefiniciones. Por eso, y para llevar claridad en este contexto, quiero aclarar algunas cuestiones.<br \/>Luego de las elecciones, con el equipo encontramos diferentes irregularidades, por eso pedimos la apertura\u2026<\/p>\n<p>\u2014 Julio Garro (@JulioGarro) November 4, 2023<\/p><\/blockquote>\n<p>En su mensaje dirigido a los platenses, Garro realiz\u00f3  una recapitulaci\u00f3n de lo sucedido: &quot;S\u00e9 que los \u00faltimos d\u00edas estuvieron cargados de indefiniciones. Por eso, y para llevar claridad en este contexto, quiero aclarar algunas cuestiones&quot;.<\/p>\n<p>&quot;Luego de las elecciones, con el equipo encontramos diferentes irregularidades, por eso pedimos la apertura de 79 urnas. All\u00ed encontramos que UxP hab\u00eda perdido 241 votos, JxC hab\u00eda recuperado 43, e incluso vimos y defendimos 121 votos m\u00e1s de LLA (La Libertad Avanza)&quot;, detall\u00f3. <\/p>\n<p>En esa l\u00ednea, el dirigente de Juntos por el Cambio argument\u00f3: &quot;<strong>Nunca se trat\u00f3 de una discusi\u00f3n ideol\u00f3gica<\/strong>, se trat\u00f3 de defender lo que cada uno de ustedes eligi\u00f3. Por eso pedimos la apertura de 200 urnas m\u00e1s, porque sab\u00edamos que la tendencia no cambiar\u00eda&quot;.<\/p>\n<p>&quot;Ahora <strong>vamos a trabajar para garantizar una transici\u00f3n ordenada y en paz, <\/strong>como los platenses merecen. Ya estuve en contacto con Julio Alak para avanzar y ponerme a disposici\u00f3n para el traspaso m\u00e1s transparente de la historia de la ciudad desde el 83 hasta ac\u00e1&quot;, expres\u00f3.<\/p>\n<p>Dos horas despu\u00e9s del mensaje de Garro, Alak se pronunci\u00f3 en la misma red social celebrando su mensaje.<\/p>\n<blockquote>\n<p>En el aniversario de los 40 a\u00f1os de democracia, es tiempo de derribar muros y construir puentes para el progreso de la ciudad y el bienestar de todos los platenses.<\/p>\n<p>\u2014 Julio Alak (@Julio_Alak) November 4, 2023<\/p><\/blockquote>\n<p>&quot;Celebro la decisi\u00f3n del intendente Julio Garro de <strong>reconocer la victoria de Union por la Patria <\/strong>en la categor\u00eda intendente de La Plata&quot;, destac\u00f3 Alak.<\/p>\n<p>Y agreg\u00f3, en tono conciliador: &quot;En el aniversario de los 40 a\u00f1os de democracia, <strong>es tiempo de derribar muros y construir puentes <\/strong>para el progreso de la ciudad y el bienestar de todos los platenses&quot;.<\/p>\n<h2>Una disputa voto a voto por la intendencia de La Plata<\/h2>\n<p>Al final fueron, apenas, 606 votos de diferencia los que aseguraron el quinto mandato de Julio Alak  en la intendencia de la capital provincial, a partir del 10 de diciembre. Despu\u00e9s de 13 d\u00edas de fatigoso escrutinio definitivo, cruzado de impugnaciones, la Justicia Electoral determin\u00f3 el triunfo del ministro de Justicia bonaerense sobre el actual alcalde Julio Garro, quien apelar\u00e1 el dictamen de la Justicia ante la C\u00e1mara Nacional Electoral.<\/p>\n<p>El resultado oficial se conoci\u00f3 luego de la orden del juez competente, Alejo Ramos Padilla, para la apertura de 79 urnas que ten\u00edan observaciones.<\/p>\n<p>El fatigoso tr\u00e1mite hab\u00eda provocado la expectativa quieta en el segundo distrito, en cantidad de electores, de la Provincia. Votaron casi 500 mil electores. Fue completado en la sede de los tribunales federales platenses, en la calle 8. All\u00ed, durante la jornada del jueves, cruzaron las actas y los certificados del comicio por presuntas irregularidades.<\/p>\n<p>El resultado confirma la tendencia ganadora del oficialismo en el Gran Buenos Aires, donde se impuso en 34 de los 40 municipios.<\/p>\n<p><em>DB<\/em><\/p>\n","protected":false},"excerpt":{"rendered":"<p>Finalmente, Julio Garro reconoci\u00f3 la victoria de Julio Alak como intendente de La Plata: &#8220;Decidimos respetar el fallo&#8221;Luego de varios idas y vuelta, que incluy\u00f3 el pedido de Juntos por el Cambio a la Junta Electoral Nacional bonaerense de abrir todas las urnas, el intendente de La Plata, Julio Garro, reconoci\u00f3 la derrota ante Julio Alak y afirm\u00f3 que va a &#8220;respetar el fallo&#8221;.<br \/>\n&#8220;Decidimos respetar la institucionalidad democr\u00e1tica, respetar el fallo y no tener a todos los platenses como rehenes de la incertidumbre&#8221;, enfatiz\u00f3 Garro 48 horas despu\u00e9s de que la Junta Electoral proclam\u00f3 ganador de los comicios y nuevo intendente a Julio Alak y rechaz\u00f3 el pedido de abrir todas las urnas.<br \/>\nA trav\u00e9s de un posteo en su cuenta de la red social Twitter, el jefe comunal precis\u00f3: &#8220;M\u00e1s all\u00e1 del resultado, lo que siempre buscamos fue cuidar el voto de cada uno de ustedes para que el pr\u00f3ximo intendente sea el que realmente quiere la mayor\u00eda&#8221;.<br \/>\n&#8220;Siempre voy a defender los valores republicanos. Lo hago desde..<\/p>\n","protected":false},"author":2,"featured_media":10600,"comment_status":"","ping_status":"","sticky":false,"template":"","format":"standard","meta":{"footnotes":""},"categories":[7],"tags":[],"_links":{"self":[{"href":"https:\/\/maxradio923.com.ar\/index.php\/wp-json\/wp\/v2\/posts\/10599"}],"collection":[{"href":"https:\/\/maxradio923.com.ar\/index.php\/wp-json\/wp\/v2\/posts"}],"about":[{"href":"https:\/\/maxradio923.com.ar\/index.php\/wp-json\/wp\/v2\/types\/post"}],"author":[{"embeddable":true,"href":"https:\/\/maxradio923.com.ar\/index.php\/wp-json\/wp\/v2\/users\/2"}],"replies":[{"embeddable":true,"href":"https:\/\/maxradio923.com.ar\/index.php\/wp-json\/wp\/v2\/comments?post=10599"}],"version-history":[{"count":0,"href":"https:\/\/maxradio923.com.ar\/index.php\/wp-json\/wp\/v2\/posts\/10599\/revisions"}],"wp:featuredmedia":[{"embeddable":true,"href":"https:\/\/maxradio923.com.ar\/index.php\/wp-json\/wp\/v2\/media\/10600"}],"wp:attachment":[{"href":"https:\/\/maxradio923.com.ar\/index.php\/wp-json\/wp\/v2\/media?parent=10599"}],"wp:term":[{"taxonomy":"category","embeddable":true,"href":"https:\/\/maxradio923.com.ar\/index.php\/wp-json\/wp\/v2\/categories?post=10599"},{"taxonomy":"post_tag","embeddable":true,"href":"https:\/\/maxradio923.com.ar\/index.php\/wp-json\/wp\/v2\/tags?post=10599"}],"curies":[{"name":"wp","href":"https:\/\/api.w.org\/{rel}","templated":true}]}}