{"id":10485,"date":"2023-11-03T18:34:19","date_gmt":"2023-11-03T21:34:19","guid":{"rendered":"https:\/\/maxradio923.com\/index.php\/2023\/11\/03\/sergio-massa-se-concentra-en-el-gba-que-lo-metio-en-el-balotaje-con-gestos-a-todos-los-sectores-del-pj\/"},"modified":"2023-11-03T18:34:19","modified_gmt":"2023-11-03T21:34:19","slug":"sergio-massa-se-concentra-en-el-gba-que-lo-metio-en-el-balotaje-con-gestos-a-todos-los-sectores-del-pj","status":"publish","type":"post","link":"https:\/\/maxradio923.com.ar\/index.php\/2023\/11\/03\/sergio-massa-se-concentra-en-el-gba-que-lo-metio-en-el-balotaje-con-gestos-a-todos-los-sectores-del-pj\/","title":{"rendered":"Sergio Massa se concentra en el GBA que lo meti\u00f3 en el balotaje con gestos a todos los sectores del PJ"},"content":{"rendered":"<p>Sergio Massa se concentra en el GBA que lo meti\u00f3 en el balotaje con gestos a todos los sectores del PJ <\/p>\n<p>En la <strong>noche del 22 de octubre<\/strong>, luego de hablar puertas adentro del b\u00fanker de Uni\u00f3n por la Patria, en Chacarita, <strong>Sergio Massa<\/strong> se subi\u00f3 al escenario montado en la esquina de Dorrego y Corrientes frente a la militancia que, a diferencia de las PASO, esta vez s\u00ed se hab\u00eda congregado para bancar la parada, a metros del Complejo C.<\/p>\n<p>\u201c<strong>Somos una familia ensamblada,<\/strong> con muchas tribus que decidieron dejar atr\u00e1s las diferencias y tirar todos para el mismo lado por un pa\u00eds mejor\u201d, improvis\u00f3 el ministro de Econom\u00eda.<\/p>\n<p>En lo que queda de la campa\u00f1a, el candidato presidencial de UxP enviar\u00e1 gestos a todos y cada uno de los sectores del <strong>peronismo bonaerense; la familia nuclear<\/strong> -y tambi\u00e9n ensamblada- que m\u00e1s votos nuevos le aport\u00f3 a la boleta nacional de UxP en relaci\u00f3n a las primarias: <strong>1.300.000<\/strong>. Las diferencias entre los actores -con <strong>Axel Kicillof y M\u00e1ximo Kirchner<\/strong> a la cabeza- siguen latentes y solo se disimulan por la necesidad del peronismo de ganar.<\/p>\n<p>Para ultimar parte de esa estrategia, el martes los principales delegados del gobernador bonaerense visitaron el comando nacional de campa\u00f1a oficialista. Por edificio de la calle Mitre (a 150 metros de la Casa Rosada), <strong>Carlos Bianco<\/strong>, mano derecha del gobernador; los ministros <strong>Jesica Rey; Cristina \u00c1lvarez Rodr\u00edguez y Andr\u00e9s Larroque<\/strong> para reunirse con la mesa chica del massismo (<strong>Malena Galmarini, Rub\u00e9n Eslaiman y Juan Andreotti<\/strong>) y afinar lo que viene.<\/p>\n<p>Se definieron bajadas territoriales para no repetir el itinerario previo a las generales, acciones militantes en los distritos para las pr\u00f3ximas dos semanas y la recalibraci\u00f3n del discurso. &quot;<strong>El rival es Milei y sus propuestas<\/strong>&quot;, sintetiz\u00f3 uno de los asistentes sobre la hoja de ruta que traza el consultor <strong>Antoni Guti\u00e9rrez Rub\u00ed<\/strong>.<\/p>\n<p>Las paradas bonaerenses en el GBA, intercaladas por las visitas a las provincias donde <strong>Massa apuesta a crecer<\/strong>, incluir\u00e1n recorridos en territorios de extracciones peronista de los m\u00e1s diversas. Del massismo al los barones del conurbano y de La C\u00e1mpora a los detractores de M\u00e1ximo Kirchner.<\/p>\n<p>Este s\u00e1bado, ser\u00e1 el turno de San Fernando, el distrito gobernador por <strong>Andreotti<\/strong>, una espada del Frente Renovador, que adem\u00e1s tiene a cargo parte de la <strong>estrategia en redes del candidato<\/strong> y -junto a <strong>Federico Achabal<\/strong>, de Pilar- es uno de los jefes municipales m\u00e1s pendientes de la campa\u00f1a.<\/p>\n<p>El mi\u00e9rcoles, tras su raid el domingo en <strong>Entre R\u00edos y Corrientes<\/strong> (donde el peronismo gan\u00f3 sorpresivamente la elecci\u00f3n), el <strong>desembarco en C\u00f3rdoba<\/strong>, el lunes, y una escala en Santa Fe, el martes regresar\u00e1 al Conurbano. Visitar\u00e1 Florencio Varela, terru\u00f1o de <strong>Andr\u00e9s Watson<\/strong>, delf\u00edn de Julio Pereyra, todopoderoso intendente del distrito durante 25 a\u00f1os, hasta 2017.<\/p>\n<p>Tras una <strong>escala en Misiones<\/strong>, donde UxP busca <strong>recortarle los 5 puntos a Milei<\/strong>, Massa recorrer\u00e1 el viernes Lan\u00fas junto a Juli\u00e1n Alvarez, el intendente electo, de La C\u00e1mpora, que logr\u00f3 recuperar para el peronismo el distrito que administra N\u00e9stor Grindetti. La duda es si <strong>M\u00e1ximo Kirchner (de baj\u00edsimo perfil hace semanas) se sumar\u00e1 al recorrido<\/strong>.<\/p>\n<p>El s\u00e1bado, en la v\u00edspera del debate, Massa recorrer\u00e1 Jos\u00e9 C. Paz, la tierra del desde el 10 diciembre <strong>seis veces intendente<\/strong> <strong>Mario Ishii<\/strong>, que hasta 2022 apoyaba la <strong>reelecci\u00f3n de Alberto Fern\u00e1ndez<\/strong> y en junio pidi\u00f3 el desplazamiento del jefe de La C\u00e1mpora como presidente del PJ provincial, molesto por el cierre de listas. En los \u00faltimos d\u00edas de campa\u00f1a, el ministro candidato visitar\u00eda Esteban Echeverr\u00eda, terru\u00f1o de <strong>Fernando Gray<\/strong>, el primer d\u00edscolo contra la conducci\u00f3n del peronismo bonaerense que encarna el hijo de Cristina Kirchner, motivo por el que <strong>recurri\u00f3 a la Corte Suprema<\/strong>. Antes, durante el feriado, Massa se har\u00eda tiempo para visitar Mor\u00f3n, que el intendente <strong>Lucas Ghi<\/strong>, de Nuevo Encuentro -m\u00e1s af\u00edn al kirchnerismo- logr\u00f3 retener.<\/p>\n<p>En la capital de la familia ensamblada del peronismo bonaerense, La Matanza, esperan al gobernador y a Massa para <strong>reeditar la caravana<\/strong> que encabezaron el 9 de octubre.<\/p>\n<p>Kicillof est\u00e1 <strong>comprometido con la campa\u00f1a electoral<\/strong>. Cuando el candidato presidencial desembarque en otros distritos, el mandatario bonaerense har\u00e1 campa\u00f1a solo. En la reuni\u00f3n de la semana pasada con intendentes y el candidato presidencial, el mandatario provincial les dijo a los ejecutivos municipales que su suerte en la gesti\u00f3n para que la Provincia les transfiera fondos depende de que el ministro de Econom\u00eda acceda a la Presidencia.<\/p>\n<p>Massa no descuida la Buenos Aires del otro lado de la Gral Paz. En los \u00faltimos d\u00edas de campa\u00f1a <strong>encabezar\u00e1 un acto en el Gran Rex porte\u00f1o<\/strong> junto a Leandro Santoro, luego de que el diputado de origen radical se bajara de la segunda vuelta. El ministro pretende convertirse en el primer peronista que gane una elecci\u00f3n en CABA desde los triunfos de Cristina Kirchner en las generales y PASO de 2011.<\/p>\n","protected":false},"excerpt":{"rendered":"<p>Sergio Massa se concentra en el GBA que lo meti\u00f3 en el balotaje con gestos a todos los sectores del PJ En la noche del 22 de octubre, luego de hablar puertas adentro del b\u00fanker de Uni\u00f3n por la Patria, en Chacarita, Sergio Massa se subi\u00f3 al escenario montado en la esquina de Dorrego y Corrientes frente a la militancia que, a diferencia de las PASO, esta vez s\u00ed se hab\u00eda congregado para bancar la parada, a metros del Complejo C.<br \/>\n\u201cSomos una familia ensamblada, con muchas tribus que decidieron dejar atr\u00e1s las diferencias y tirar todos para el mismo lado por un pa\u00eds mejor\u201d, improvis\u00f3 el ministro de Econom\u00eda.<br \/>\nEn lo que queda de la campa\u00f1a, el candidato presidencial de UxP enviar\u00e1 gestos a todos y cada uno de los sectores del peronismo bonaerense; la familia nuclear -y tambi\u00e9n ensamblada- que m\u00e1s votos nuevos le aport\u00f3 a la boleta nacional de UxP en relaci\u00f3n a las primarias: 1.300.000. Las diferencias entre los actores -con Axel Kicillof y M\u00e1ximo Kirchner a la cabeza- siguen latentes y solo se..<\/p>\n","protected":false},"author":2,"featured_media":10486,"comment_status":"","ping_status":"","sticky":false,"template":"","format":"standard","meta":{"footnotes":""},"categories":[7],"tags":[],"_links":{"self":[{"href":"https:\/\/maxradio923.com.ar\/index.php\/wp-json\/wp\/v2\/posts\/10485"}],"collection":[{"href":"https:\/\/maxradio923.com.ar\/index.php\/wp-json\/wp\/v2\/posts"}],"about":[{"href":"https:\/\/maxradio923.com.ar\/index.php\/wp-json\/wp\/v2\/types\/post"}],"author":[{"embeddable":true,"href":"https:\/\/maxradio923.com.ar\/index.php\/wp-json\/wp\/v2\/users\/2"}],"replies":[{"embeddable":true,"href":"https:\/\/maxradio923.com.ar\/index.php\/wp-json\/wp\/v2\/comments?post=10485"}],"version-history":[{"count":0,"href":"https:\/\/maxradio923.com.ar\/index.php\/wp-json\/wp\/v2\/posts\/10485\/revisions"}],"wp:featuredmedia":[{"embeddable":true,"href":"https:\/\/maxradio923.com.ar\/index.php\/wp-json\/wp\/v2\/media\/10486"}],"wp:attachment":[{"href":"https:\/\/maxradio923.com.ar\/index.php\/wp-json\/wp\/v2\/media?parent=10485"}],"wp:term":[{"taxonomy":"category","embeddable":true,"href":"https:\/\/maxradio923.com.ar\/index.php\/wp-json\/wp\/v2\/categories?post=10485"},{"taxonomy":"post_tag","embeddable":true,"href":"https:\/\/maxradio923.com.ar\/index.php\/wp-json\/wp\/v2\/tags?post=10485"}],"curies":[{"name":"wp","href":"https:\/\/api.w.org\/{rel}","templated":true}]}}