{"id":10465,"date":"2023-11-03T16:33:59","date_gmt":"2023-11-03T19:33:59","guid":{"rendered":"https:\/\/maxradio923.com\/index.php\/2023\/11\/03\/javier-milei-intimo-mi-unica-motivacion-para-estudiar-economia-era-ganar-plata\/"},"modified":"2023-11-03T16:33:59","modified_gmt":"2023-11-03T19:33:59","slug":"javier-milei-intimo-mi-unica-motivacion-para-estudiar-economia-era-ganar-plata","status":"publish","type":"post","link":"https:\/\/maxradio923.com.ar\/index.php\/2023\/11\/03\/javier-milei-intimo-mi-unica-motivacion-para-estudiar-economia-era-ganar-plata\/","title":{"rendered":"Javier Milei, \u00edntimo: &#8220;Mi \u00fanica motivaci\u00f3n para estudiar Econom\u00eda era ganar plata&#8221;"},"content":{"rendered":"<p>Javier Milei, \u00edntimo: &quot;Mi \u00fanica motivaci\u00f3n para estudiar Econom\u00eda era ganar plata&quot;<\/p>\n<p>A 16 d\u00edas de que se realice el balotaje, el candidato presidencial de La Libertad Avanza, <strong>Javier Milei,<\/strong> reconoci\u00f3 que &quot;cuando era chico&quot; -desde los 10 a\u00f1os de edad- decidi\u00f3 <strong>estudiar Econom\u00eda<\/strong> con el objetivo de <strong>&quot;ganar plata&quot;<\/strong>, debido a que lo &quot;shocke\u00f3&quot; la hiperinflaci\u00f3n que se vivi\u00f3 en el final del gobierno de <strong>Ra\u00fal Alfons\u00edn<\/strong>.<\/p>\n<p>&quot;Originalmente lo \u00fanico que me interesaba, <strong>lo \u00fanico por lo cual estudiaba Econom\u00eda <\/strong>cuando era chico, <strong>era ganar plata para m\u00ed<\/strong>&quot;, confes\u00f3 el libertario durante una extensa entrevista televisiva con el canal <em>Ciudad Magazine<\/em>.<\/p>\n<p>En esa l\u00ednea, el ahora candidato presidencial describi\u00f3: &quot;Cuando vino lo que fue la crisis de la tablita cambiaria del &#039;81, yo ten\u00eda 10 a\u00f1os, en ese contexto veo que hab\u00eda gente que estaba bien y pasa a estar muy mal. Veo los efectos del cambio en la distribuci\u00f3n del ingreso tan abruptos que dije <strong>&#039;ac\u00e1 para que te vaya bien ten\u00e9s que entender de econom\u00eda&#039;.<\/strong> Por eso estudi\u00e9 Econom\u00eda&quot;.<\/p>\n<p>&quot;Yo estaba en el plantel profesional de Chacarita en el a\u00f1o &#039;89 y en el medio de la<strong> hiperinflaci\u00f3n<\/strong>, frente a lo <strong>shockeante que fue ese evento<\/strong>, decid\u00ed dejar de jugar al f\u00fatbol, y <strong>empec\u00e9 a estudiar Econom\u00eda<\/strong> de manera intensa. De hecho, a los 20 a\u00f1os escrib\u00ed mi primer art\u00edculo acad\u00e9mico y empec\u00e9 a hacer una vida profesional&quot;, record\u00f3 Milei, quien bas\u00f3 su campa\u00f1a en la dolarizaci\u00f3n.<\/p>\n<p>Ante la consulta puntual acerca de cu\u00e1l era el pedido que m\u00e1s le realizaba la gente durante sus recorridas, el liberatario revel\u00f3: &quot;En las caravanas <strong>me piden que los saque a patadas a todos los pol\u00edticos. Es incre\u00edble el desprecio que siente la gente por los pol\u00edticos&quot;.<\/strong> <\/p>\n<p>&quot;La gente est\u00e1 aburrid\u00edsima de los mismos de siempre. Se dan cuenta de que <strong>los \u00fanicos que progresan ac\u00e1 son los pol\u00edticos <\/strong>y que no les interesa hacer nada por la gente&quot;, sentenci\u00f3.<\/p>\n<h2>Coqueteo al aire con &quot;Yuyito&quot; Gonz\u00e1lez y detalles de su relaci\u00f3n con F\u00e1tima Flores<\/h2>\n<p>Milei fue entrevitado por la exvedette Amalia &quot;Yuyito&quot; Gonz\u00e1lez, quien lo recibi\u00f3 con elogios a su look y a &quot;su buena onda&quot;. &quot;Sos muy simp\u00e1tico, fachero aparte, \u00bfeh? M\u00e1s en persona que en fotos. \u00bfNo cierto?. Facha, facha, est\u00e1 lindo, rockero, bonito&quot;, lo halag\u00f3 al entrevistado, que algo sonrojado contest\u00f3 con apenas un &quot;gracias&quot;.<\/p>\n<p>&quot;Lo veo tan buen mozo&quot;, insisti\u00f3 Yuyito en otro tramo de la entrevista, a lo que Milei contest\u00f3: &quot;Voy a tener que romper todo el edificio ahora, tantos elogios no me los hubiera imaginado&quot;.<\/p>\n<p>Al hablar de su relaci\u00f3n con la humorista e imitadora, el candidato de La Libertad Avanza expres\u00f3: <strong>&quot;Estoy de novio con una mujer maravillosa como F\u00e1tima Flores.<\/strong> Lo interesante es que nosotros no hablamos de trabajo cuando estamos juntos&quot;.<\/p>\n<p>Adem\u00e1s, el libertario fue tajante frente a los rumores de separaci\u00f3n: &quot;Nos pas\u00f3 el otro d\u00eda que est\u00e1bamos mirando el televisor y ve\u00edamos que estaban diciendo unas cosas espantosas sobre nosotros, nos mir\u00e1bamos y dec\u00edamos &#039;\u00bfde qui\u00e9n est\u00e1n hablando?&#039;. O sea, no mapeaba con la situaci\u00f3n&quot;.<\/p>\n<p>&quot;<strong>Los que dicen que no estamos juntos es parte de la basura de la pol\u00edtica<\/strong>. He sufrido la campa\u00f1a sucia m\u00e1s grotesca de la historia, nunca se ensuci\u00f3 tanto a una persona como lo hicieron conmigo. Cuando aparecen encuestas donde estoy dando muy bien tratan de atacar desde distintos lados. Una de las cosas con las que buscan desestabilizarnos es entrar y meterse en la pareja&quot;, apunt\u00f3.<\/p>\n<p>Acto seguido, el libertario defini\u00f3 a su novia como una mujer &quot;muy divertida, muy inteligente, que tiene un humor muy r\u00e1pido y explosivo&quot;.<\/p>\n<p>&quot;\u00bfEs celosa F\u00e1tima? Porque ac\u00e1 los chicos me contaron que me pusiste un like&quot;, le pregunt\u00f3 la conductora y Milei respondi\u00f3: &quot;Yo manejo mis cuentas y el video que m\u00e1s reproducciones tiene en mi Instagram es de F\u00e1tima del d\u00eda que fue a votar y dijo \u2018viva la libertad carajo\u2019&quot;.<\/p>\n<p>Consultado acerca de qu\u00e9 cambi\u00f3 al estar en pareja, el candidato destac\u00f3: &quot;Me influy\u00f3 muy positivamente porque es alguien que <strong>logra hacerme desconectar <\/strong>de toda esta porquer\u00eda que tratan de tirar todo el tiempo&quot;. <\/p>\n<p>&quot;Una de las cosas que me parece muy valioso es que ella est\u00e1 fuertemente comprometida con su actividad y que va a seguir, independientemente de la suerte, o no, que me toque correr en las urnas&quot;, anticip\u00f3 Milei.<\/p>\n<p>Respecto del rol que ocupar\u00eda F\u00e1tima en caso de que \u00e9l logre desembarcar en la Casa Rosada, fue contundente en su definici\u00f3n: &quot;Creo que <strong>ella tiene que seguir haciendo su vida profesional, <\/strong>ella no tiene que relegar su \u00e9xito por nadie ni por nada. Ser\u00eda una atrocidad que ella deje de hacer un  trabajo tan maravilloso&quot;. <\/p>\n<p>&quot;Cuando vos vas a iniciar una relaci\u00f3n, eso no puede implicar que una parte&#8230; si no est\u00e1s sacrificando y eso no sirve, porque esa herida tarde o temprano va a generar un problema&quot;, expres\u00f3.<\/p>\n<p>En otro pasaje del reportaje, en el que se abordaron temas \u00edntimos m\u00e1s all\u00e1 de cuestiones pol\u00edticas, la conductora le consult\u00f3 si se ve\u00eda como pap\u00e1 y el libertario se sincer\u00f3: &quot;No lo s\u00e9. Soy pap\u00e1 de cinco mastines. No es algo que yo crea que se puede planificar, as\u00ed como creo que no pod\u00e9s planificar tener una relaci\u00f3n, no creo que puedas planificar eso porque es algo que debe salir del propio orden espont\u00e1neo puro&quot;.<\/p>\n<h2>El curioso regalo que le hizo &quot;Yuyito&quot; Gonz\u00e1lez a Javier Milei<\/h2>\n<p>Al concluir la entrevista, que se extendi\u00f3 por casi una hora y media, la conductora le regal\u00f3 al libertario un mu\u00f1eco suyo con la banda presidencial. <strong>&quot;Es premonitorio&quot;<\/strong>, expres\u00f3 el candidato al agradecer el obsequio, generando la risa c\u00f3mplice de &quot;Yuyito&quot;.<\/p>\n<p><img decoding=\"async\" alt=\"Javier Milei recibi\u00f3 el regalo de un mu\u00f1eco suyo con la banda presidencial.\" src=\"https:\/\/www.clarin.com\/img\/2023\/11\/03\/mp0wbzAio_720x0__1.jpg\"\/>Javier Milei recibi\u00f3 el regalo de un mu\u00f1eco suyo con la banda presidencial.<\/p>\n<p>Y arremeti\u00f3 contra su contrincante de Uni\u00f3n por la Patria: &quot;Esto es Milei el 10 de diciembre. Este comentario a [Sergio] Massa no le cay\u00f3 bien&quot;.<\/p>\n<p>&quot;Quiero que la gente diga que fui una buena persona, un ser \u00edntegro, que di hasta la \u00faltima gota de sudor y de sangre por poner de pie a este pa\u00eds&quot;, concluy\u00f3 Milei, a lo que la exvedette cerr\u00f3 con un &quot;ojal\u00e1 que Dios quiera&quot;.<\/p>\n<p><\/p>\n<p><em>DS<\/em><\/p>\n","protected":false},"excerpt":{"rendered":"<p>Javier Milei, \u00edntimo: &#8220;Mi \u00fanica motivaci\u00f3n para estudiar Econom\u00eda era ganar plata&#8221;A 16 d\u00edas de que se realice el balotaje, el candidato presidencial de La Libertad Avanza, Javier Milei, reconoci\u00f3 que &#8220;cuando era chico&#8221; -desde los 10 a\u00f1os de edad- decidi\u00f3 estudiar Econom\u00eda con el objetivo de &#8220;ganar plata&#8221;, debido a que lo &#8220;shocke\u00f3&#8221; la hiperinflaci\u00f3n que se vivi\u00f3 en el final del gobierno de Ra\u00fal Alfons\u00edn.<br \/>\n&#8220;Originalmente lo \u00fanico que me interesaba, lo \u00fanico por lo cual estudiaba Econom\u00eda cuando era chico, era ganar plata para m\u00ed&#8221;, confes\u00f3 el libertario durante una extensa entrevista televisiva con el canal Ciudad Magazine.<br \/>\nEn esa l\u00ednea, el ahora candidato presidencial describi\u00f3: &#8220;Cuando vino lo que fue la crisis de la tablita cambiaria del &#039;81, yo ten\u00eda 10 a\u00f1os, en ese contexto veo que hab\u00eda gente que estaba bien y pasa a estar muy mal. Veo los efectos del cambio en la distribuci\u00f3n del ingreso tan abruptos que dije &#039;ac\u00e1 para que te vaya bien ten\u00e9s que entender de econom\u00eda&#039;&#8230;<\/p>\n","protected":false},"author":2,"featured_media":10466,"comment_status":"","ping_status":"","sticky":false,"template":"","format":"standard","meta":{"footnotes":""},"categories":[7],"tags":[],"_links":{"self":[{"href":"https:\/\/maxradio923.com.ar\/index.php\/wp-json\/wp\/v2\/posts\/10465"}],"collection":[{"href":"https:\/\/maxradio923.com.ar\/index.php\/wp-json\/wp\/v2\/posts"}],"about":[{"href":"https:\/\/maxradio923.com.ar\/index.php\/wp-json\/wp\/v2\/types\/post"}],"author":[{"embeddable":true,"href":"https:\/\/maxradio923.com.ar\/index.php\/wp-json\/wp\/v2\/users\/2"}],"replies":[{"embeddable":true,"href":"https:\/\/maxradio923.com.ar\/index.php\/wp-json\/wp\/v2\/comments?post=10465"}],"version-history":[{"count":0,"href":"https:\/\/maxradio923.com.ar\/index.php\/wp-json\/wp\/v2\/posts\/10465\/revisions"}],"wp:featuredmedia":[{"embeddable":true,"href":"https:\/\/maxradio923.com.ar\/index.php\/wp-json\/wp\/v2\/media\/10466"}],"wp:attachment":[{"href":"https:\/\/maxradio923.com.ar\/index.php\/wp-json\/wp\/v2\/media?parent=10465"}],"wp:term":[{"taxonomy":"category","embeddable":true,"href":"https:\/\/maxradio923.com.ar\/index.php\/wp-json\/wp\/v2\/categories?post=10465"},{"taxonomy":"post_tag","embeddable":true,"href":"https:\/\/maxradio923.com.ar\/index.php\/wp-json\/wp\/v2\/tags?post=10465"}],"curies":[{"name":"wp","href":"https:\/\/api.w.org\/{rel}","templated":true}]}}