{"id":10463,"date":"2023-11-03T16:33:56","date_gmt":"2023-11-03T19:33:56","guid":{"rendered":"https:\/\/maxradio923.com\/index.php\/2023\/11\/03\/the-last-of-us-anuncio-que-su-segunda-temporada-comenzara-a-rodarse-a-principios-de-2024\/"},"modified":"2023-11-03T16:33:56","modified_gmt":"2023-11-03T19:33:56","slug":"the-last-of-us-anuncio-que-su-segunda-temporada-comenzara-a-rodarse-a-principios-de-2024","status":"publish","type":"post","link":"https:\/\/maxradio923.com.ar\/index.php\/2023\/11\/03\/the-last-of-us-anuncio-que-su-segunda-temporada-comenzara-a-rodarse-a-principios-de-2024\/","title":{"rendered":"The Last of Us anunci\u00f3 que su segunda temporada comenzar\u00e1 a rodarse a principios de 2024"},"content":{"rendered":"<ul>\n<li>Si bien depende de la finalizaci\u00f3n de la huelga de actores de Hollywood, HBO ya lo comunic\u00f3.<\/li>\n<li>La serie postapocal\u00edptica deriva de un videojuego y tiene m\u00fasica de Gustavo Santaolalla.<\/li>\n<\/ul>\n<p><\/p>\n","protected":false},"excerpt":{"rendered":"<p>Si bien depende de la finalizaci\u00f3n de la huelga de actores de Hollywood, HBO ya lo comunic\u00f3. La serie postapocal\u00edptica deriva de un videojuego y tiene m\u00fasica de Gustavo Santaolalla.<\/p>\n","protected":false},"author":2,"featured_media":10464,"comment_status":"","ping_status":"","sticky":false,"template":"","format":"standard","meta":{"footnotes":""},"categories":[4],"tags":[],"_links":{"self":[{"href":"https:\/\/maxradio923.com.ar\/index.php\/wp-json\/wp\/v2\/posts\/10463"}],"collection":[{"href":"https:\/\/maxradio923.com.ar\/index.php\/wp-json\/wp\/v2\/posts"}],"about":[{"href":"https:\/\/maxradio923.com.ar\/index.php\/wp-json\/wp\/v2\/types\/post"}],"author":[{"embeddable":true,"href":"https:\/\/maxradio923.com.ar\/index.php\/wp-json\/wp\/v2\/users\/2"}],"replies":[{"embeddable":true,"href":"https:\/\/maxradio923.com.ar\/index.php\/wp-json\/wp\/v2\/comments?post=10463"}],"version-history":[{"count":0,"href":"https:\/\/maxradio923.com.ar\/index.php\/wp-json\/wp\/v2\/posts\/10463\/revisions"}],"wp:featuredmedia":[{"embeddable":true,"href":"https:\/\/maxradio923.com.ar\/index.php\/wp-json\/wp\/v2\/media\/10464"}],"wp:attachment":[{"href":"https:\/\/maxradio923.com.ar\/index.php\/wp-json\/wp\/v2\/media?parent=10463"}],"wp:term":[{"taxonomy":"category","embeddable":true,"href":"https:\/\/maxradio923.com.ar\/index.php\/wp-json\/wp\/v2\/categories?post=10463"},{"taxonomy":"post_tag","embeddable":true,"href":"https:\/\/maxradio923.com.ar\/index.php\/wp-json\/wp\/v2\/tags?post=10463"}],"curies":[{"name":"wp","href":"https:\/\/api.w.org\/{rel}","templated":true}]}}