{"id":10459,"date":"2023-11-03T16:14:17","date_gmt":"2023-11-03T19:14:17","guid":{"rendered":"https:\/\/maxradio923.com\/index.php\/2023\/11\/03\/inundaciones-y-evacuados-por-lluvias-y-crecidas-en-los-rios-a-que-provincias-afecta-y-hasta-cuando-sigue-el-temporal\/"},"modified":"2023-11-03T16:14:17","modified_gmt":"2023-11-03T19:14:17","slug":"inundaciones-y-evacuados-por-lluvias-y-crecidas-en-los-rios-a-que-provincias-afecta-y-hasta-cuando-sigue-el-temporal","status":"publish","type":"post","link":"https:\/\/maxradio923.com.ar\/index.php\/2023\/11\/03\/inundaciones-y-evacuados-por-lluvias-y-crecidas-en-los-rios-a-que-provincias-afecta-y-hasta-cuando-sigue-el-temporal\/","title":{"rendered":"Inundaciones y evacuados por lluvias y crecidas en los r\u00edos: a qu\u00e9 provincias afecta y hasta cu\u00e1ndo sigue el temporal"},"content":{"rendered":"<p>Inundaciones y evacuados por lluvias y crecidas en los r\u00edos: a qu\u00e9 provincias afecta y hasta cu\u00e1ndo sigue el temporal<\/p>\n<p>Las aguas de los <strong>r\u00edos Paran\u00e1 y Uruguay<\/strong> bajan turbias y para los pobladores costeros es un motivo de preocupaci\u00f3n. S\u00f3lo en <strong>Corrientes<\/strong>, m\u00e1s de 600 personas tuvieron que abandonar sus hogares en los \u00faltimos d\u00edas por las inundaciones que auguran un verano complicado de la mano del fen\u00f3meno del Ni\u00f1o.<\/p>\n<p>La central hidroel\u00e9ctrica de <strong>Yacyret\u00e1<\/strong>, que est\u00e1 en el extremo Norte de la provincia, cerca del l\u00edmite con Misiones, liberaba este viernes 35.000 metros c\u00fabicos por segundo, <strong>casi el triple del caudal medio del Paran\u00e1.<\/strong><\/p>\n<p>La represa hab\u00eda realizado una primera apertura de compuertas el pasado fin de semana llevando el nivel del Paran\u00e1 a su nivel m\u00e1s bajo en el \u00faltimo a\u00f1o en el hidr\u00f3metro de Posadas. Al descender hasta los 9.42 metros el domingo, le permiti\u00f3 a Yacyret\u00e1 frenar en parte la enorme masa de agua que baj\u00f3 por el Iguaz\u00fa, provocando da\u00f1os en las pasarelas de Cataratas. Ayer, en la capital de Misiones el r\u00edo hab\u00eda llegado nuevamente a los 10.04 metros, pero todav\u00eda por debajo del nivel r\u00e9cord del 21 de octubre, cuando lleg\u00f3 a 10.27 metros.<\/p>\n<p>El incremento del caudal impact\u00f3 r\u00e1pidamente en la Isla Apip\u00e9, la poblaci\u00f3n m\u00e1s cercana a la hidroel\u00e9ctrica binacional. El agua avanz\u00f3 sobre el pueblo y un total de <strong>17 familias tuvieron que abandonar sus casas.<\/strong> Los productores perdieron sus plantaciones y los ganaderos tuvieron que realizar un veloz operativo para trasladar a los animales hacia los lugares m\u00e1s elevados.<\/p>\n<p>Desde la isla pidieron una mayor presencia de la Prefectura Naval para frenar el ingreso de embarcaciones paraguayas que buscan cazar los animales que quedaron aislados.<\/p>\n<p>El nivel del r\u00edo se elev\u00f3 r\u00e1pidamente y los pedidos de ayuda a Defensa Civil y Bomberos Voluntarios de Corrientes empezaron a multiplicarse. En Yahap\u00e9, una mujer qued\u00f3 aislada en su casa y tuvo que ser rescatada y reubicada en la vivienda de un familiar.<\/p>\n<p>Este viernes, en la localidad de <strong>Itat\u00ed eran 50 las familias que permanec\u00edan evacuadas en instalaciones de la Municipalidad<\/strong> o bien fueron trasladadas a otros inmuebles. En la capital provincial, en tanto, las primeras evacuaciones se produjeron en la noche de este jueves, y el total de viviendas afectadas por el agua ascend\u00eda a 20.<\/p>\n<p>El subsecretario de Riesgo y Cat\u00e1strofe de la Municipalidad  de Corrientes, Jos\u00e9 Ruiz, sostuvo que los primeros anegamientos se registraron en el barrio Anah\u00ed, de donde sacaron a una familia a las 23.30.<\/p>\n<p>El funcionario sostuvo que los barrios m\u00e1s afectados por la inundaci\u00f3n ser\u00e1n Quinta Ferr\u00e9, Anah\u00ed y Bajo Pujol. \u201cNosotros \u00edbamos a habilitar hoy reci\u00e9n el centro de evacuados, pero tuvimos que abrirlo anoche\u201d por el r\u00e1pido incremento del nivel del r\u00edo.<\/p>\n<p>Como es habitual, la gente no quiere abandonar sus casas por temor a los robos. En muchos casos una persona se queda custodiando el hogar mientras el resto es trasladado a un centro de evacuaci\u00f3n.<\/p>\n<p>La situaci\u00f3n tambi\u00e9n es complicada en el r\u00edo Uruguay. En<strong> Paso de los Libres<\/strong> casi un centenar de personas contin\u00faan fuera de sus hogares por el avance del agua. En La Cruz son 78 los evacuados, en Yapey\u00fa 21; y en <strong>Santo Tom\u00e9 otras 41 familias fueron trasladadas desde la costa del r\u00edo debido a la creciente.<\/strong><\/p>\n<p>Si bien para los pr\u00f3ximos d\u00edas se espera<strong> buen clima en la regi\u00f3n<\/strong>, la central hidroel\u00e9ctrica de Itaip\u00fa, en Brasil decidi\u00f3 adelantar a este mi\u00e9rcoles la apertura de los vertederos, inyectando otros 4.300 metros c\u00fabicos agua por segundo. Ese vertedero se mantendr\u00e1 abierto al menos hasta el viernes de la pr\u00f3xima semana, dependiendo de las condiciones hidrol\u00f3gicas.<\/p>\n<p>\u201cHay que resaltar que se pronostican<strong> fuertes lluvias hasta este viernes 3 de noviembre <\/strong>en la regi\u00f3n fronteriza de Brasil con Paraguay y en la cuenca del r\u00edo Iguaz\u00fa, donde hace m\u00e1s de 20 d\u00edas se registran precipitaciones y se increment\u00f3 el caudal casi 20 veces m\u00e1s de lo normal\u201d, detallaron desde Itaip\u00fa.<\/p>\n<p>La maniobra implementada por la hidroel\u00e9ctrica que est\u00e1 en Foz de Iguaz\u00fa deriv\u00f3 en un nuevo aumento del caudal del r\u00edo Paran\u00e1, que muestra un nivel ascendente en todos los hidr\u00f3metros de la provincia. El r\u00edo Uruguay, en tanto, tambi\u00e9n comenz\u00f3 a crecer nuevamente.<\/p>\n<p>SC<\/p>\n","protected":false},"excerpt":{"rendered":"<p>Inundaciones y evacuados por lluvias y crecidas en los r\u00edos: a qu\u00e9 provincias afecta y hasta cu\u00e1ndo sigue el temporalLas aguas de los r\u00edos Paran\u00e1 y Uruguay bajan turbias y para los pobladores costeros es un motivo de preocupaci\u00f3n. S\u00f3lo en Corrientes, m\u00e1s de 600 personas tuvieron que abandonar sus hogares en los \u00faltimos d\u00edas por las inundaciones que auguran un verano complicado de la mano del fen\u00f3meno del Ni\u00f1o.<br \/>\nLa central hidroel\u00e9ctrica de Yacyret\u00e1, que est\u00e1 en el extremo Norte de la provincia, cerca del l\u00edmite con Misiones, liberaba este viernes 35.000 metros c\u00fabicos por segundo, casi el triple del caudal medio del Paran\u00e1.<br \/>\nLa represa hab\u00eda realizado una primera apertura de compuertas el pasado fin de semana llevando el nivel del Paran\u00e1 a su nivel m\u00e1s bajo en el \u00faltimo a\u00f1o en el hidr\u00f3metro de Posadas. Al descender hasta los 9.42 metros el domingo, le permiti\u00f3 a Yacyret\u00e1 frenar en parte la enorme masa de agua que baj\u00f3 por el Iguaz\u00fa, provocando da\u00f1os en las pasarelas de Cataratas. Ayer, e..<\/p>\n","protected":false},"author":2,"featured_media":10460,"comment_status":"","ping_status":"","sticky":false,"template":"","format":"standard","meta":{"footnotes":""},"categories":[9],"tags":[],"_links":{"self":[{"href":"https:\/\/maxradio923.com.ar\/index.php\/wp-json\/wp\/v2\/posts\/10459"}],"collection":[{"href":"https:\/\/maxradio923.com.ar\/index.php\/wp-json\/wp\/v2\/posts"}],"about":[{"href":"https:\/\/maxradio923.com.ar\/index.php\/wp-json\/wp\/v2\/types\/post"}],"author":[{"embeddable":true,"href":"https:\/\/maxradio923.com.ar\/index.php\/wp-json\/wp\/v2\/users\/2"}],"replies":[{"embeddable":true,"href":"https:\/\/maxradio923.com.ar\/index.php\/wp-json\/wp\/v2\/comments?post=10459"}],"version-history":[{"count":0,"href":"https:\/\/maxradio923.com.ar\/index.php\/wp-json\/wp\/v2\/posts\/10459\/revisions"}],"wp:featuredmedia":[{"embeddable":true,"href":"https:\/\/maxradio923.com.ar\/index.php\/wp-json\/wp\/v2\/media\/10460"}],"wp:attachment":[{"href":"https:\/\/maxradio923.com.ar\/index.php\/wp-json\/wp\/v2\/media?parent=10459"}],"wp:term":[{"taxonomy":"category","embeddable":true,"href":"https:\/\/maxradio923.com.ar\/index.php\/wp-json\/wp\/v2\/categories?post=10459"},{"taxonomy":"post_tag","embeddable":true,"href":"https:\/\/maxradio923.com.ar\/index.php\/wp-json\/wp\/v2\/tags?post=10459"}],"curies":[{"name":"wp","href":"https:\/\/api.w.org\/{rel}","templated":true}]}}